{"id":640471,"date":"2026-01-04T14:02:10","date_gmt":"2026-01-04T14:02:10","guid":{"rendered":"https:\/\/www.europesays.com\/fr\/640471\/"},"modified":"2026-01-04T14:02:10","modified_gmt":"2026-01-04T14:02:10","slug":"a-quoi-ressemblera-marseille-dans-les-deux-decennies-a-venir","status":"publish","type":"post","link":"https:\/\/www.europesays.com\/fr\/640471\/","title":{"rendered":"\u00c0 quoi ressemblera Marseille dans les deux d\u00e9cennies \u00e0 venir\u00a0?"},"content":{"rendered":"<p><a href=\"https:\/\/www.laprovence.com\/article\/region\/4254388212123114\/video-on-oublie-quil-est-possible-de-passer-un-bon-moment-un-noel-avec-les-petits-freres-des-pauvres\" target=\"_blank\" rel=\"noopener\">Taux de pauvret\u00e9<\/a>, nombre de <a href=\"https:\/\/www.laprovence.com\/article\/region\/88910396513849\/logements-neufs-a-marseille-peu-de-demandes-pour-euromediterranee-qui-pourrait-devenir-le-nouveau-chelsea-de-new-york\" target=\"_blank\" rel=\"noopener\">logements disponibles<\/a>, offres de <a href=\"https:\/\/www.laprovence.com\/article\/societe\/11928907459314\/plan-etat-region-pour-les-transports-marseille-delaissee-selon-le-comite-des-usagers-marseillais\" target=\"_blank\" rel=\"noopener\">transports en commun<\/a>, mod\u00e8les touristiques, cr\u00e9ations d\u2019emplois, transition \u00e9cologique et am\u00e9nagement de l\u2019espace public : toutes ces donn\u00e9es marseillaises ont \u00e9t\u00e9 compil\u00e9es, \u00e9tudi\u00e9es et d\u00e9pass\u00e9es pour repenser l\u2019avenir de Marseille d\u2019ici les vingt prochaines ann\u00e9es. C\u2019est le projet d\u2019un think tank priv\u00e9, l\u2019Institut Enterritoires. Son but ? \u00ab\u00a0Fabriquer la ville\u00a0\u00bb et am\u00e9liorer le quotidien des habitants. Pendant huit mois, 80 personnes du secteur priv\u00e9 et public &#8211; responsables associatifs, entrepreneurs, syndicalistes, repr\u00e9sentants de l&rsquo;\u00c9tat, dont Isabelle Epaillard la pr\u00e9f\u00e8te d\u00e9l\u00e9gu\u00e9e \u00e0 l\u2019\u00e9galit\u00e9 des chances &#8211; ont planch\u00e9 pour produire 30 propositions qu\u2019ils esp\u00e8rent soumettre aux candidats \u00e0 l\u2019\u00e9lection municipale de mars 2026.<\/p>\n<p>\u00ab\u00a0N\u2019oublions pas que Marseille enregistre un retard cons\u00e9quent sur un grand nombre de sujets. Les choses avancent ces derni\u00e8res ann\u00e9es en mati\u00e8re de transport, de logement, d&rsquo;infrastructures, mais \u00e7a va encore trop lentement, nous ne pouvons pas nous satisfaire de ces seules \u00e9volutions\u00a0\u00bb, pr\u00e9sente Katia Fiorentino, pr\u00e9sidente du Think tank.<\/p>\n<p>La liste d\u2019id\u00e9es a d\u00e9j\u00e0 \u00e9t\u00e9 envoy\u00e9e \u00e0 plusieurs d\u00e9put\u00e9s des Bo&#8230;<\/p>\n","protected":false},"excerpt":{"rendered":"Taux de pauvret\u00e9, nombre de logements disponibles, offres de transports en commun, mod\u00e8les touristiques, cr\u00e9ations d\u2019emplois, transition \u00e9cologique&hellip;\n","protected":false},"author":2,"featured_media":640472,"comment_status":"","ping_status":"","sticky":false,"template":"","format":"standard","meta":{"footnotes":""},"categories":[2814],"tags":[5734,1111,11,1446,74721,4070,1777,674,1011,27,151,884,12,882,5577,25,33584,104],"class_list":{"0":"post-640471","1":"post","2":"type-post","3":"status-publish","4":"format-standard","5":"has-post-thumbnail","7":"category-marseille","8":"tag-5734","9":"tag-actu","10":"tag-actualites","11":"tag-dans","12":"tag-decennies","13":"tag-deux","14":"tag-eu","15":"tag-europe","16":"tag-fr","17":"tag-france","18":"tag-les","19":"tag-marseille","20":"tag-news","21":"tag-provence-alpes-cote-dazur","22":"tag-quoi","23":"tag-republique-francaise","24":"tag-ressemblera","25":"tag-societe"},"share_on_mastodon":{"url":"https:\/\/pubeurope.com\/@fr\/115837202841788781","error":""},"_links":{"self":[{"href":"https:\/\/www.europesays.com\/fr\/wp-json\/wp\/v2\/posts\/640471","targetHints":{"allow":["GET"]}}],"collection":[{"href":"https:\/\/www.europesays.com\/fr\/wp-json\/wp\/v2\/posts"}],"about":[{"href":"https:\/\/www.europesays.com\/fr\/wp-json\/wp\/v2\/types\/post"}],"author":[{"embeddable":true,"href":"https:\/\/www.europesays.com\/fr\/wp-json\/wp\/v2\/users\/2"}],"replies":[{"embeddable":true,"href":"https:\/\/www.europesays.com\/fr\/wp-json\/wp\/v2\/comments?post=640471"}],"version-history":[{"count":0,"href":"https:\/\/www.europesays.com\/fr\/wp-json\/wp\/v2\/posts\/640471\/revisions"}],"wp:featuredmedia":[{"embeddable":true,"href":"https:\/\/www.europesays.com\/fr\/wp-json\/wp\/v2\/media\/640472"}],"wp:attachment":[{"href":"https:\/\/www.europesays.com\/fr\/wp-json\/wp\/v2\/media?parent=640471"}],"wp:term":[{"taxonomy":"category","embeddable":true,"href":"https:\/\/www.europesays.com\/fr\/wp-json\/wp\/v2\/categories?post=640471"},{"taxonomy":"post_tag","embeddable":true,"href":"https:\/\/www.europesays.com\/fr\/wp-json\/wp\/v2\/tags?post=640471"}],"curies":[{"name":"wp","href":"https:\/\/api.w.org\/{rel}","templated":true}]}}