{"id":640473,"date":"2026-01-04T14:03:13","date_gmt":"2026-01-04T14:03:13","guid":{"rendered":"https:\/\/www.europesays.com\/fr\/640473\/"},"modified":"2026-01-04T14:03:13","modified_gmt":"2026-01-04T14:03:13","slug":"direct-fc-nantes-les-jaunes-debutent-la-nouvelle-annee-avec-un-deplacement-a-marseille","status":"publish","type":"post","link":"https:\/\/www.europesays.com\/fr\/640473\/","title":{"rendered":"DIRECT &#8211; FC Nantes\u00a0: les Jaunes d\u00e9butent la nouvelle ann\u00e9e avec un d\u00e9placement \u00e0 Marseille"},"content":{"rendered":"<p>Les Canaris terminent officiellement la phase aller du championnat en affrontant l&rsquo;Olympique de Marseille ce dimanche, pour la 17\u00e8me journ\u00e9e de Ligue 1. Un d\u00e9placement compliqu\u00e9 pour les Jaunes, \u00e0 suivre comme toujours sur ICI Loire Oc\u00e9an. <\/p>\n<p>Et si 2026 devenait (enfin) signe de r\u00e9ussite pour les Jaune et Vert\u00a0? Apr\u00e8s une premi\u00e8re partie de saison loup\u00e9e et une situation critique au classement, le FC Nantes a besoin de soigner son entr\u00e9e dans la nouvelle ann\u00e9e, <strong>d\u00e8s le mois de janvier<\/strong>. Ce qui ne sera pas forc\u00e9ment une t\u00e2che ais\u00e9e, avec un gros morceau pour d\u00e9buter ce dimanche, l&rsquo;Olympique de Marseille.<\/p>\n<p>Marseille intraitable au V\u00e9lodrome<\/p>\n<p>En championnat, les Phoc\u00e9ens n&rsquo;ont pas perdu dans leur antre <strong>cette saison<\/strong>. Ils enchainent surtout les victoires, et les Canaris esp\u00e8rent de leur c\u00f4t\u00e9 ne pas endosser le r\u00f4le de victimes. Le FC Nantes, avec son nouveau coach Ahmed Kantari, sort d&rsquo;une victoire poussive\u00a0<a class=\"IciLink ici-link IciArticleLink g-ici-body-regular-1 underline brand svelte-1chfe2s\" href=\"https:\/\/www.francebleu.fr\/sports\/football\/direct-fc-nantes-les-canaris-partent-a-concarneau-pour-leur-32eme-de-finale-de-coupe-de-france-1494208\" target=\"_blank\" rel=\"noopener\">en Coupe de France face \u00e0 Concarneau, pensionnaire de National (3-5)<\/a>.<\/p>\n<p>loading<\/p>\n<p>En direct sur ICI Loire Oc\u00e9an<\/p>\n<p>Olympique de Marseille-FC Nantes, la rencontre d\u00e9bute <strong>d\u00e8s 15h en direct et en int\u00e9gralit\u00e9<\/strong> sur\u00a0<a class=\"IciLink ici-link IciArticleLink g-ici-body-regular-1 underline brand svelte-1chfe2s\" href=\"https:\/\/www.francebleu.fr\/radio\/loire-ocean\" target=\"_blank\" rel=\"noopener\">ICI Loire Oc\u00e9an<\/a>, avec Guillaume Baret et Marius Delaunay aux commentaires, accompagn\u00e9s de leurs consultants. L&rsquo;avant-match d\u00e9marre <strong>\u00e0 14h30<\/strong>.<\/p>\n<p>loading<\/p>\n<p>loading<\/p>\n","protected":false},"excerpt":{"rendered":"Les Canaris terminent officiellement la phase aller du championnat en affrontant l&rsquo;Olympique de Marseille ce dimanche, pour la&hellip;\n","protected":false},"author":2,"featured_media":640474,"comment_status":"","ping_status":"","sticky":false,"template":"","format":"standard","meta":{"footnotes":""},"categories":[2814],"tags":[1111,11,1777,674,1011,27,884,12,882,25],"class_list":{"0":"post-640473","1":"post","2":"type-post","3":"status-publish","4":"format-standard","5":"has-post-thumbnail","7":"category-marseille","8":"tag-actu","9":"tag-actualites","10":"tag-eu","11":"tag-europe","12":"tag-fr","13":"tag-france","14":"tag-marseille","15":"tag-news","16":"tag-provence-alpes-cote-dazur","17":"tag-republique-francaise"},"share_on_mastodon":{"url":"https:\/\/pubeurope.com\/@fr\/115837206726743383","error":""},"_links":{"self":[{"href":"https:\/\/www.europesays.com\/fr\/wp-json\/wp\/v2\/posts\/640473","targetHints":{"allow":["GET"]}}],"collection":[{"href":"https:\/\/www.europesays.com\/fr\/wp-json\/wp\/v2\/posts"}],"about":[{"href":"https:\/\/www.europesays.com\/fr\/wp-json\/wp\/v2\/types\/post"}],"author":[{"embeddable":true,"href":"https:\/\/www.europesays.com\/fr\/wp-json\/wp\/v2\/users\/2"}],"replies":[{"embeddable":true,"href":"https:\/\/www.europesays.com\/fr\/wp-json\/wp\/v2\/comments?post=640473"}],"version-history":[{"count":0,"href":"https:\/\/www.europesays.com\/fr\/wp-json\/wp\/v2\/posts\/640473\/revisions"}],"wp:featuredmedia":[{"embeddable":true,"href":"https:\/\/www.europesays.com\/fr\/wp-json\/wp\/v2\/media\/640474"}],"wp:attachment":[{"href":"https:\/\/www.europesays.com\/fr\/wp-json\/wp\/v2\/media?parent=640473"}],"wp:term":[{"taxonomy":"category","embeddable":true,"href":"https:\/\/www.europesays.com\/fr\/wp-json\/wp\/v2\/categories?post=640473"},{"taxonomy":"post_tag","embeddable":true,"href":"https:\/\/www.europesays.com\/fr\/wp-json\/wp\/v2\/tags?post=640473"}],"curies":[{"name":"wp","href":"https:\/\/api.w.org\/{rel}","templated":true}]}}