{"id":640491,"date":"2026-01-04T14:15:12","date_gmt":"2026-01-04T14:15:12","guid":{"rendered":"https:\/\/www.europesays.com\/fr\/640491\/"},"modified":"2026-01-04T14:15:12","modified_gmt":"2026-01-04T14:15:12","slug":"la-france-et-le-royaume-uni-menent-des-frappes-contre-lei-en-syrie","status":"publish","type":"post","link":"https:\/\/www.europesays.com\/fr\/640491\/","title":{"rendered":"La France et le Royaume uni m\u00e8nent des frappes contre l&rsquo;EI en Syrie"},"content":{"rendered":"<p>\t\t <br class=\"texte clear\" \/><\/p>\n<p>\t\t <br class=\"texte clear\" \/><\/p>\n<p>R\u00e9dig\u00e9 par L&rsquo;Opinion avec MAP Dimanche 4 Janvier 2026<\/p>\n<p>\t\t\t\t La France et son alli\u00e9 britannique ont men\u00e9 une attaque contre des positions de l\u2019EI en Syrie, a annonc\u00e9 dimanche le minist\u00e8re fran\u00e7ais des Arm\u00e9es.<\/p>\n<p>\t\t <br class=\"texte clear\" \/><\/p>\n<p>\t\t <br id=\"sep_para_1\" class=\"sep_para access\" \/><\/p>\n<p>\t\t\t\t <a href=\"https:\/\/www.lopinion.ma\/javascript:void(0)\" rel=\"https:\/\/www.europesays.com\/fr\/wp-content\/uploads\/2026\/01\/93522996-65346958.jpg&amp;ibox noopener\" title=\"La France et le Royaume uni m\u00e8nent des frappes contre l&#039;EI en Syrie\" target=\"_blank\"><img decoding=\"async\" class=\"responsive\" style=\"display:none\" src=\"https:\/\/www.europesays.com\/fr\/wp-content\/uploads\/2026\/01\/93522996-65346958.jpg\" alt=\"La France et le Royaume uni m\u00e8nent des frappes contre l'EI en Syrie\" title=\"La France et le Royaume uni m\u00e8nent des frappes contre l'EI en Syrie\" \/><br \/>\n<img decoding=\"async\" class=\"not-responsive\" src=\"https:\/\/www.europesays.com\/fr\/wp-content\/uploads\/2026\/01\/1767536112_839_93522996-65346958.jpg\" alt=\"La France et le Royaume uni m\u00e8nent des frappes contre l'EI en Syrie\" title=\"La France et le Royaume uni m\u00e8nent des frappes contre l'EI en Syrie\" width=\"688\" \/><\/a><\/p>\n<p>\t\t\t\t\t L\u2019offensive contre les positions du groupe terroriste a \u00e9t\u00e9 men\u00e9e dans le cadre de la force op\u00e9rationnelle interarm\u00e9es combin\u00e9e (Op\u00e9ration Inherent Resolve), pr\u00e9cise le minist\u00e8re fran\u00e7ais sur son compte officiel X. <\/p>\n<p>Selon la m\u00eame source, emp\u00eacher la r\u00e9surgence de Daesh constitue un enjeu majeur pour la s\u00e9curit\u00e9 de la r\u00e9gion, notant que la lutte contre le terrorisme reste une priorit\u00e9 pour la France et les pays partenaires de la coalition internationale contre l&rsquo;EI. <\/p>\n<p>L\u2019attaque franco-britannique a eu lieu dans les montagnes au nord de l&rsquo;ancienne cit\u00e9 de Palmyre, dans le centre de la Syrie, contre une position de l&rsquo;EI.<\/p>\n<p>\t\t <br class=\"texte clear\" \/><\/p>\n<p>\t\t <\/p>\n","protected":false},"excerpt":{"rendered":"R\u00e9dig\u00e9 par L&rsquo;Opinion avec MAP Dimanche 4 Janvier 2026 La France et son alli\u00e9 britannique ont men\u00e9 une&hellip;\n","protected":false},"author":2,"featured_media":640492,"comment_status":"","ping_status":"","sticky":false,"template":"","format":"standard","meta":{"footnotes":""},"categories":[1588],"tags":[11,5024,5025,5026,258,5028,1659,5029,5027,251,33,2518,1283,1777,674,1757,1393,985,12,316,473,1853,104,517,5030,1851,1850,1852],"class_list":{"0":"post-640491","1":"post","2":"type-post","3":"status-publish","4":"format-standard","5":"has-post-thumbnail","7":"category-royaume-uni","8":"tag-actualites","9":"tag-actualites-et-infos-au-maroc","10":"tag-actualites-et-infos-mondiale","11":"tag-actualites-marocaines-du-jour","12":"tag-alimentation","13":"tag-analyses","14":"tag-art-de-vivre","15":"tag-chronique","16":"tag-consommation-et-bien-etre","17":"tag-culture","18":"tag-economie","19":"tag-edito","20":"tag-etudes","21":"tag-eu","22":"tag-europe","23":"tag-insolite","24":"tag-loisirs","25":"tag-mode","26":"tag-news","27":"tag-politique","28":"tag-royaume-uni","29":"tag-royaume-uni-de-grande-bretagne-et-dirlande-du-nord","30":"tag-societe","31":"tag-sport","32":"tag-tribune","33":"tag-uk","34":"tag-united-kingdom","35":"tag-united-kingdom-of-great-britain-and-northern-ireland"},"share_on_mastodon":{"url":"https:\/\/pubeurope.com\/@fr\/115837254044444181","error":""},"_links":{"self":[{"href":"https:\/\/www.europesays.com\/fr\/wp-json\/wp\/v2\/posts\/640491","targetHints":{"allow":["GET"]}}],"collection":[{"href":"https:\/\/www.europesays.com\/fr\/wp-json\/wp\/v2\/posts"}],"about":[{"href":"https:\/\/www.europesays.com\/fr\/wp-json\/wp\/v2\/types\/post"}],"author":[{"embeddable":true,"href":"https:\/\/www.europesays.com\/fr\/wp-json\/wp\/v2\/users\/2"}],"replies":[{"embeddable":true,"href":"https:\/\/www.europesays.com\/fr\/wp-json\/wp\/v2\/comments?post=640491"}],"version-history":[{"count":0,"href":"https:\/\/www.europesays.com\/fr\/wp-json\/wp\/v2\/posts\/640491\/revisions"}],"wp:featuredmedia":[{"embeddable":true,"href":"https:\/\/www.europesays.com\/fr\/wp-json\/wp\/v2\/media\/640492"}],"wp:attachment":[{"href":"https:\/\/www.europesays.com\/fr\/wp-json\/wp\/v2\/media?parent=640491"}],"wp:term":[{"taxonomy":"category","embeddable":true,"href":"https:\/\/www.europesays.com\/fr\/wp-json\/wp\/v2\/categories?post=640491"},{"taxonomy":"post_tag","embeddable":true,"href":"https:\/\/www.europesays.com\/fr\/wp-json\/wp\/v2\/tags?post=640491"}],"curies":[{"name":"wp","href":"https:\/\/api.w.org\/{rel}","templated":true}]}}