{"id":640505,"date":"2026-01-04T14:23:10","date_gmt":"2026-01-04T14:23:10","guid":{"rendered":"https:\/\/www.europesays.com\/fr\/640505\/"},"modified":"2026-01-04T14:23:10","modified_gmt":"2026-01-04T14:23:10","slug":"la-machine-setoise-sest-finalement-enrayee-sur-le-parquet-narbonnais-midi-libre","status":"publish","type":"post","link":"https:\/\/www.europesays.com\/fr\/640505\/","title":{"rendered":"La machine s\u00e9toise s\u2019est finalement enray\u00e9e sur le parquet narbonnais &#8211; Midi Libre"},"content":{"rendered":"<ol>\n<li><a href=\"https:\/\/news.google.com\/rss\/articles\/CBMiuAFBVV95cUxPUGFPZGJIQ1R4bWxMSHp1OEgtR2hfOTcwWTJfbVkyOVZPUzFtZXdzeUhRYzZjUU9iaWFuTHV5OEpEb0dSYzhQUnFPdnNTQ0QyckNMei0xMUxXY3JKZWV4UjIzUlk3VGlsM2lpcVZCRmlLQ1JITDhUNzNOUVBzNlkyMWhyc3dZNnpxVjRqQm9hWVgzcWVNUUdkZ0k1ZVM3UnYybmJDZUNjUzBYRWowNlByR3Y1bWRqUUtL?oc=5\" target=\"_blank\" rel=\"noopener\">La machine s\u00e9toise s\u2019est finalement enray\u00e9e sur le parquet narbonnais<\/a>&nbsp;&nbsp;Midi Libre<\/li>\n<li><a href=\"https:\/\/news.google.com\/rss\/articles\/CBMi-AFBVV95cUxORWRlTlZNU3JPdlRUQjFLZFpNaUZic2xRbHZ6NEVLUG83MTNzOHZfR0w0TF84b3MxaXpXYjF0Rm9aNkpGSDZwZW1DSFVweHQ3bnA5NVBuUjRzVnFtMUYwZjFjS2VXNGh6MkRrbThja3BVeVM5bUMzaWxtZVNyVTNKVnd3WllfRnMzRHFTMnpzZUQxeE4zN21TTnZjbU1oMHFuUVRHOENUWHN6Q3c1YzA5SEtyWUdOUnJOd3haWU1yWFRNeVY5R09XS1Y1SThEMXlrd3YxNk5xWThuWVVvM0hORFVQc09FLTVFRWo0dllWc2JaRTNpZllFRw?oc=5\" target=\"_blank\" rel=\"noopener\">Volley-ball \u2013 SpikeLigue : des Centurions Narbonne \u00e0 deux visages renversent l\u2019Arago de S\u00e8te apr\u00e8s un retour hom\u00e9rique<\/a>&nbsp;&nbsp;L&rsquo;Ind\u00e9pendant<\/li>\n<li><a href=\"https:\/\/news.google.com\/rss\/articles\/CBMiT0FVX3lxTE9yYU8tOVpIX2wtNHlDcTdKVnhiaVp0WWcwdzFGblJMc0RUUklBeFQxTU5udEpmZUxoNVJHNS1DdGRYdzNZXy1uV1ljY0dTVWc?oc=5\" target=\"_blank\" rel=\"noopener\">Marmara Spikeligue (apr\u00e8s la 13e journ\u00e9e) : Le maintien sinon rien pour le CVB 52<\/a>&nbsp;&nbsp;JHM<\/li>\n<li><a href=\"https:\/\/news.google.com\/rss\/articles\/CBMijAFBVV95cUxQTTBJWERMdzVucFdjZzFhVXBPdWtQazRSN2p2dnpsTjFaYUhwMlFhcUlMaTl5M0FrQlZsQkNGZk13Z2kzcGVaUWhaQmhaU21uNHhtbEZqSUtqNGppQk1hMWp3azdTLWJoSFhIMmdGRWw0ZTRiZDJtU2Y0MDFSTDRsb0lKazdsdGI2a01OWA?oc=5\" target=\"_blank\" rel=\"noopener\">Narbonne. Chaumont pour oublier les probl\u00e8mes<\/a>&nbsp;&nbsp;ladepeche.fr<\/li>\n<li><a href=\"https:\/\/news.google.com\/rss\/articles\/CBMibkFVX3lxTE1LeFowYjRLNWFMUE5Udl9kbVVhRTdfT2tBc3Z4ZjV4RG1vaG1ONGVrWkNSeHR6RzlEQk5SU09Uay1UMkdlZ00teGJreEI0TGVfZWhFaWxDeFNVcnpjOWYtRV96aWxXS2I2dkdmX0ZR?oc=5\" target=\"_blank\" rel=\"noopener\">Le CVB balay\u00e9 \u00e0 Narbonne (3-0)<\/a>&nbsp;&nbsp;La Voix de la Haute-Marne<\/li>\n<\/ol>\n","protected":false},"excerpt":{"rendered":"La machine s\u00e9toise s\u2019est finalement enray\u00e9e sur le parquet narbonnais&nbsp;&nbsp;Midi Libre Volley-ball \u2013 SpikeLigue : des Centurions Narbonne&hellip;\n","protected":false},"author":2,"featured_media":640506,"comment_status":"","ping_status":"","sticky":false,"template":"","format":"standard","meta":{"footnotes":""},"categories":[1417],"tags":[1011,27,7089,14042,517,60,1470,1632,1469],"class_list":{"0":"post-640505","1":"post","2":"type-post","3":"status-publish","4":"format-standard","5":"has-post-thumbnail","7":"category-volley","8":"tag-fr","9":"tag-france","10":"tag-herault","11":"tag-sete","12":"tag-sport","13":"tag-sports","14":"tag-volley","15":"tag-volley-ball","16":"tag-volleyball"},"share_on_mastodon":{"url":"https:\/\/pubeurope.com\/@fr\/115837286281017052","error":""},"_links":{"self":[{"href":"https:\/\/www.europesays.com\/fr\/wp-json\/wp\/v2\/posts\/640505","targetHints":{"allow":["GET"]}}],"collection":[{"href":"https:\/\/www.europesays.com\/fr\/wp-json\/wp\/v2\/posts"}],"about":[{"href":"https:\/\/www.europesays.com\/fr\/wp-json\/wp\/v2\/types\/post"}],"author":[{"embeddable":true,"href":"https:\/\/www.europesays.com\/fr\/wp-json\/wp\/v2\/users\/2"}],"replies":[{"embeddable":true,"href":"https:\/\/www.europesays.com\/fr\/wp-json\/wp\/v2\/comments?post=640505"}],"version-history":[{"count":0,"href":"https:\/\/www.europesays.com\/fr\/wp-json\/wp\/v2\/posts\/640505\/revisions"}],"wp:featuredmedia":[{"embeddable":true,"href":"https:\/\/www.europesays.com\/fr\/wp-json\/wp\/v2\/media\/640506"}],"wp:attachment":[{"href":"https:\/\/www.europesays.com\/fr\/wp-json\/wp\/v2\/media?parent=640505"}],"wp:term":[{"taxonomy":"category","embeddable":true,"href":"https:\/\/www.europesays.com\/fr\/wp-json\/wp\/v2\/categories?post=640505"},{"taxonomy":"post_tag","embeddable":true,"href":"https:\/\/www.europesays.com\/fr\/wp-json\/wp\/v2\/tags?post=640505"}],"curies":[{"name":"wp","href":"https:\/\/api.w.org\/{rel}","templated":true}]}}