{"id":640517,"date":"2026-01-04T14:34:11","date_gmt":"2026-01-04T14:34:11","guid":{"rendered":"https:\/\/www.europesays.com\/fr\/640517\/"},"modified":"2026-01-04T14:34:11","modified_gmt":"2026-01-04T14:34:11","slug":"on-est-tous-tres-emus-france-3-supprime-tout-le-sport-apres-32-ans-dantenne","status":"publish","type":"post","link":"https:\/\/www.europesays.com\/fr\/640517\/","title":{"rendered":"\u00ab\u00a0On est tous tr\u00e8s \u00e9mus\u00a0\u00bb : France 3 supprime \u00ab\u00a0Tout le sport\u00a0\u00bb apr\u00e8s 32 ans d&rsquo;antenne"},"content":{"rendered":"<p>      R\u00e9sum\u00e9<\/p>\n<p>Apr\u00e8s 32 ans d\u2019antenne, France 3 met fin \u00e0 \u00ab\u202fTout le sport\u202f\u00bb, remplac\u00e9 par une version quotidienne de Stade 2, suscitant \u00e9motion et nostalgie chez l\u2019\u00e9quipe.<\/p>\n<p>        Sommaire<\/p>\n<p>C&rsquo;est une nouvelle page t\u00e9l\u00e9visuelle qui se tourne. Quelques jours apr\u00e8s <a href=\"https:\/\/www.public.fr\/m6-apres-37-ans-un-animateur-phare-sen-va#:~:text=December%2031%2C%202025-,St%C3%A9phane%20Tortora%20sur%20M6%20%3A%20c&#039;est%20fini%20!,Au%20revoir%20M6%20!\" target=\"_blank\" rel=\"noopener\">le d\u00e9part de St\u00e9phane Tortora<\/a>, voix historique de Sport 6 depuis 36 ans, un autre rendez-vous sportif s&rsquo;\u00e9teint. Ce samedi 3 janvier,<strong> le magazine Tout Le Sport, qui \u00e9tait diffus\u00e9 sur France 3 depuis octobre 1993, a pris fin<\/strong>. Il s&rsquo;agit d&rsquo;une d\u00e9cision prise par la direction de France T\u00e9l\u00e9visions, qui, bien que contest\u00e9e par tout le service des sports, est all\u00e9e au bout.<\/p>\n<p>Depuis quelques ann\u00e9es, France 3 est victime de <strong>nombreuses coupes budg\u00e9taires<\/strong>. Il y a quelques jours, c&rsquo;est <a href=\"https:\/\/www.public.fr\/mory-sacko-la-triste-annonce-clap-de-fin-annonce-pour-cuisine-ouverte-sur-france-3\" target=\"_blank\" rel=\"noopener\">le magazine culinaire de Mory Sacko<\/a>, Cuisine ouverte, qui a \u00e9t\u00e9 supprim\u00e9. Le bloc jeux a \u00e9t\u00e9 \u00e9galement profond\u00e9ment remani\u00e9 ces derni\u00e8res ann\u00e9es. Laurent Romejko a dit adieu \u00e0 Des chiffres et des lettres, <strong>tandis que Samuel Etienne est pass\u00e9 au weekend avec QPUC<\/strong>&#8230; En novembre 2022, <a href=\"https:\/\/vsd.fr\/69647-rebecca-hampton-brise-le-silence-sur-les-consequences-de-larret-terrible-et-violent-de-plus-belle-la-vie\/\" target=\"_blank\" rel=\"noopener\">l&rsquo;arr\u00eat surprise de Plus belle la vie<\/a> apr\u00e8s 4665 \u00e9pisodes avait donn\u00e9 le la.<\/p>\n<p>Ce samedi, en fin d&rsquo;\u00e9mission, <strong>toute l&rsquo;\u00e9quipe \u00e9ditoriale de Tout Le Sport est venue entourer Fabien L\u00e9v\u00e8que<\/strong>. Le journaliste, qui anime le programme depuis 2018, avait succ\u00e9d\u00e9 \u00e0 ce poste \u00e0 Nelson Monfort, G\u00e9rard Holtz, C\u00e9cile G\u00e9raud ou encore Henri Sannier et Laurent Luyat. Thomas Thouroude, Cl\u00e9mentine Sarlat et <a href=\"https:\/\/vsd.fr\/43154-matthieu-lartot-ampute-les-medecins-netaient-pas-tres-optimistes\/\" target=\"_blank\" rel=\"noopener\">Matthieu Lartot<\/a> l&rsquo;ont \u00e9galement incarn\u00e9. D\u00e8s ce lundi donc, <strong>c&rsquo;est une version quotidienne de Stade 2<\/strong> qui sera propos\u00e9e. Elle sera toujours pr\u00e9sent\u00e9e par Fabien L\u00e9v\u00eaque.<\/p>\n<p>\u00ab\u00a0Le dernier Tout Le Sport de l&rsquo;histoire\u00a0\u00bb<\/p>\n<p>N\u00e9anmoins, si le journaliste reste titulaire,<strong> la fin de<\/strong> <strong>TLS et son remplacement par Stade 2<\/strong> reste difficile \u00e0 encaisser. L&rsquo;\u00e9mission \u00e9tait indissociable de France 3, et le journaliste et ses \u00e9quipes ont eu du mal \u00e0 masquer leur \u00e9motion. En fin d&rsquo;\u00e9mission, Fabien L\u00e9v\u00eaque a d\u00e9clar\u00e9 : \u00ab\u00a0C&rsquo;est un nouveau chapitre qui va s&rsquo;offrir pour toute l&rsquo;\u00e9quipe des sports (&#8230;) <strong>On est tous, \u00e9videmment, tr\u00e8s \u00e9mus<\/strong>. Mais comptez sur nous pour continuer \u00e0 vous accompagner chaque soir avec un maximum d&rsquo;images. Ce sera dans Stade 2, La quotidienne. Un grand merci \u00e0 toutes les \u00e9quipes techniques, en r\u00e9gie (\u2026) qui ont toujours \u00e9t\u00e9 l\u00e0 pour fabriquer TLS au quotidien. <strong>Je vous embrasse tr\u00e8s fort pour ce dernier TLS de l&rsquo;histoire<\/strong>\u00ab\u00a0.<\/p>\n<p>\n          Hits &amp; People en continu\n        <\/p>\n<p>\n          Public Radio\n        <\/p>\n<p>      Mentionn\u00e9s dans cet article<\/p>\n<p>      Sur le m\u00eame sujet<\/p>\n","protected":false},"excerpt":{"rendered":"R\u00e9sum\u00e9 Apr\u00e8s 32 ans d\u2019antenne, France 3 met fin \u00e0 \u00ab\u202fTout le sport\u202f\u00bb, remplac\u00e9 par une version quotidienne&hellip;\n","protected":false},"author":2,"featured_media":640518,"comment_status":"","ping_status":"","sticky":false,"template":"","format":"standard","meta":{"footnotes":""},"categories":[1356],"tags":[2715,58,15824,59,1011,27,876,2400,1031,252,1364],"class_list":{"0":"post-640517","1":"post","2":"type-post","3":"status-publish","4":"format-standard","5":"has-post-thumbnail","7":"category-television","8":"tag-disparition","9":"tag-divertissement","10":"tag-emission-de-radio","11":"tag-entertainment","12":"tag-fr","13":"tag-france","14":"tag-france-3","15":"tag-france-televisions","16":"tag-magazine","17":"tag-television","18":"tag-tv"},"share_on_mastodon":{"url":"https:\/\/pubeurope.com\/@fr\/115837328786141154","error":""},"_links":{"self":[{"href":"https:\/\/www.europesays.com\/fr\/wp-json\/wp\/v2\/posts\/640517","targetHints":{"allow":["GET"]}}],"collection":[{"href":"https:\/\/www.europesays.com\/fr\/wp-json\/wp\/v2\/posts"}],"about":[{"href":"https:\/\/www.europesays.com\/fr\/wp-json\/wp\/v2\/types\/post"}],"author":[{"embeddable":true,"href":"https:\/\/www.europesays.com\/fr\/wp-json\/wp\/v2\/users\/2"}],"replies":[{"embeddable":true,"href":"https:\/\/www.europesays.com\/fr\/wp-json\/wp\/v2\/comments?post=640517"}],"version-history":[{"count":0,"href":"https:\/\/www.europesays.com\/fr\/wp-json\/wp\/v2\/posts\/640517\/revisions"}],"wp:featuredmedia":[{"embeddable":true,"href":"https:\/\/www.europesays.com\/fr\/wp-json\/wp\/v2\/media\/640518"}],"wp:attachment":[{"href":"https:\/\/www.europesays.com\/fr\/wp-json\/wp\/v2\/media?parent=640517"}],"wp:term":[{"taxonomy":"category","embeddable":true,"href":"https:\/\/www.europesays.com\/fr\/wp-json\/wp\/v2\/categories?post=640517"},{"taxonomy":"post_tag","embeddable":true,"href":"https:\/\/www.europesays.com\/fr\/wp-json\/wp\/v2\/tags?post=640517"}],"curies":[{"name":"wp","href":"https:\/\/api.w.org\/{rel}","templated":true}]}}