{"id":640521,"date":"2026-01-04T14:36:33","date_gmt":"2026-01-04T14:36:33","guid":{"rendered":"https:\/\/www.europesays.com\/fr\/640521\/"},"modified":"2026-01-04T14:36:33","modified_gmt":"2026-01-04T14:36:33","slug":"tout-va-bien-un-documentaire-de-thomas-ellis-ou-la-force-de-ces-adolescents-partis-dafrique-pour-realiser-leurs-reves","status":"publish","type":"post","link":"https:\/\/www.europesays.com\/fr\/640521\/","title":{"rendered":"\u00ab\u00a0Tout va bien\u00a0\u00bb, un documentaire de Thomas Ellis ou la force de ces adolescents partis d&rsquo;Afrique pour r\u00e9aliser leurs r\u00eaves"},"content":{"rendered":"<p>\n  \u00ab\u00a0Il faisait froid, tr\u00e8s tr\u00e8s froid\u00a0\u00bb, \u00ab\u00a0C&rsquo;\u00e9tait difficile, tr\u00e8s difficile\u00a0\u00bb&#8230; La pudeur de ces adolescents venus du bout du monde est puissante mais leurs regards disent ces exils et ce voyage p\u00e9rilleux \u00e0 travers la M\u00e9diterran\u00e9e pour r\u00e9aliser leurs r\u00eaves.\n<\/p>\n<p>Aminata Sylla avait 14\u00a0ans quand elle a fui la Guin\u00e9e pour trouver sa libert\u00e9 de femme. Junior Tano est arriv\u00e9 en France apr\u00e8s un long et dangereux p\u00e9riple depuis la C\u00f4te d&rsquo;Ivoire. Khalil Fellague a 16\u00a0ans, il est alg\u00e9rien, l&rsquo;adolescent ne parle pas fran\u00e7ais mais sa d\u00e9termination impressionne. Abdoulaye Cisse a 14\u00a0ans et son fr\u00e8re Tidiane Bane 16\u00a0ans.<\/p>\n<p>Ils sont partis ensemble de la C\u00f4te d&rsquo;Ivoire, ils ont travers\u00e9 ensemble la Mediterann\u00e9ee et, \u00e0 Marseille, ils font tout pour ne pas \u00eatre s\u00e9par\u00e9s. De ce voyage sans retour,<strong> <\/strong>ils ne diront rien, mais tous les cinq sont l\u00e0 au t\u00e9l\u00e9phone pour rassurer leurs parents rest\u00e9s en Afrique par ce \u00ab\u00a0tout va bien\u00a0\u00bb.<\/p>\n<p>\u00ab\u00a0On parlait de ces enfants comme d&rsquo;un probl\u00e8me, certains hommes et femmes politiques les qualifiaient de d\u00e9linquants, de filles et gar\u00e7ons dangereux\u00a0\u00bb, dit Thomas Ellis, le r\u00e9alisateur dans le dossier de presse. Son film Tout va bien, en salle mercredi\u00a07\u00a0janvier, d\u00e9montre la force et le courage de ces adolescents, sans ang\u00e9lisme. Plus qu&rsquo;un documentaire, Tout va bien est un carnet de vies pudique et puissant.<\/p>\n<p>Ce documentaire retrace le parcours de ces cinq jeunes \u00e0 leur arriv\u00e9e \u00e0 Marseille. Ils ont entre 14 et 16\u00a0ans, mais souvent dans les images de Thomas Ellis, ce sont des regards d&rsquo;enfants qui apparaissent. Ces mineurs isol\u00e9s, sans famille, sont aid\u00e9s, suivis par les services sociaux. La bienveillance et l&rsquo;aide sont montr\u00e9es \u00e0 travers les \u00e9ducateurs qui les suivent.<\/p>\n<p>Mais parfois la suspicion r\u00e8gne. Ils sont en situation irr\u00e9guli\u00e8re et ils le savent. L&rsquo;inqui\u00e9tude surgit dans leurs yeux quand ils cherchent leur mot pour prouver qu&rsquo;ils parlent fran\u00e7ais, qu&rsquo;ils r\u00e9ussiront les examens, que leur r\u00eave n&rsquo;est pas impossible. Et de l&rsquo;autre c\u00f4t\u00e9 de la Mediterran\u00e9e les m\u00e8res, les parents s&rsquo;inqui\u00e8tent aussi.<\/p>\n<\/p>\n<p>Aminata affronte avec son sourire ravageur la col\u00e8re de sa m\u00e8re quand elle lui apprend qu&rsquo;elle s&rsquo;est fait un piercing. La m\u00e8re de Junior le rassure et le console face \u00e0 son impatience et ses d\u00e9ceptions. La m\u00e8re de Ttiane renouvelle son v\u0153u\u00a0: \u00ab\u00a0Ne l\u00e2che pas ton fr\u00e8re.\u00a0\u00bb Au coin d&rsquo;une conversation, on apprend qu&rsquo;un p\u00e8re pleure l&rsquo;absence de son fils.<\/p>\n<p>La cam\u00e9ra est au plus pr\u00e8s des cinq jeunes, elle capte leurs espoirs et leurs peurs avec la m\u00eame intensit\u00e9. Proche, intime mais pudique, elle observe leurs avanc\u00e9es. Des sc\u00e8nes de vie et des confidences font le r\u00e9cit. Simplement sans commentaire.<\/p>\n<p>Ce documentaire, Thomas Ellis l&rsquo;a b\u00e2ti patiemment. Le projet d\u00e9bute en 2019, et le r\u00e9alisateur raconte\u00a0: \u00ab\u00a0J&rsquo;ai visit\u00e9 des foyers, des h\u00f4tels sans filmer. J&rsquo;ai rencontr\u00e9 des ados avec une envie et une force de vie incroyable\u00a0: envie d&rsquo;apprendre le fran\u00e7ais, de trouver leur place \u00e0 l&rsquo;\u00e9cole, seuls, sans parent. J&rsquo;avais l&rsquo;impression de voir des super-h\u00e9ros\u00a0!\u00a0\u00bb Des super-h\u00e9ros\u00a0: le mot est l\u00e2ch\u00e9 et juste. Ainsi le documentaire d\u00e9montre leur courage infini et aurait pu en \u00eatre le sous-titre. Des super-h\u00e9ros.<\/p>\n<p>Thomas Ellis poursuit pour franceinfo\u00a0Culture\u00a0: \u00ab\u00a0Ce voyage terrifiant qu&rsquo;ils r\u00e9alisent r\u00e9v\u00e8le un comportement ordalique. Ces adolescents mettent en jeu leur vie\u00a0: si je passe cette \u00e9preuve, cette aventure, comme ils disent, ma vie vaut le coup d&rsquo;\u00eatre v\u00e9cue. Et puis ils arrivent seuls, sans parents, ils n&rsquo;ont pas d&rsquo;autres options que celle de r\u00e9ussir.\u00a0\u00bb<\/p>\n<p>    <img loading=\"lazy\" decoding=\"async\" class=\"cms-media-image lazyload\" alt=\"Image du film de Thomas Ellis, \" tout=\"\" va=\"\" bien=\"\" en=\"\" salle=\"\" le=\"\" width=\"720\" height=\"405\" data- src=\"https:\/\/www.europesays.com\/fr\/wp-content\/uploads\/2026\/01\/eb66dfc640ae5839af41a309daec7a7c-694e63556b87f110893941.jpeg\"\/><\/p>\n<p>      Image du film de Thomas Ellis, \u00ab\u00a0Tout va bien\u00a0\u00bb, en salle le 7\u00a0janvier\u00a02026. (UNITE\u00a0\/\u00a0SOMECI)<\/p>\n<p>Thomas Ellis depuis quelques mois parcourt les \u00e9tablissements scolaires avec son film, 10\u00a0000\u00a0coll\u00e9giens et lyc\u00e9ens ont assist\u00e9 \u00e0 une projection. Une histoire de vie mais aussi un but p\u00e9dagogique en partenariat avec l&rsquo;\u00c9ducation nationale.<\/p>\n<p>Le r\u00e9alisateur a relev\u00e9 les r\u00e9flexions des jeunes \u00e0 la sortie de la salle et la plus belle est s\u00fbrement celle de Marie Celeste\u00a0: \u00ab\u00a0Sa cam\u00e9ra, c&rsquo;est une lanterne install\u00e9e dans la nuit, elle \u00e9claire les visages de cinq adolescents mineurs arriv\u00e9s \u00e0 Marseille sans leurs parents, mais elle ne floute pas les ombres des vies d&rsquo;avant. Thomas Ellis filme leurs vies \u00e9clair\u00e9es par cette lanterne dont la flamme ne s&rsquo;\u00e9teint pas et qui m&rsquo;a r\u00e9chauff\u00e9 le c\u0153ur et quand le film s&rsquo;est arr\u00eat\u00e9, je suis rest\u00e9e l\u00e0, les yeux pleins de lumi\u00e8re, en me disant que dire &lsquo;Tout va bien&rsquo;, c&rsquo;est d\u00e9j\u00e0 une fa\u00e7on de garder la flamme dans la lanterne.\u00a0\u00bb<\/p>\n<p>L&rsquo;eau, la mer, les vagues sont omnipr\u00e9sents dans le documentaire. La M\u00e9diterran\u00e9e est un personnage \u00e0 part enti\u00e8re. Les plages o\u00f9 les filles mangent des glaces et se chambrent. Les calanques o\u00f9 les gar\u00e7ons racontent leurs p\u00e9riples et d\u00e9ambulent au soleil qui frappe. Marseille est pr\u00e9sent par sa lumi\u00e8re, ville d&rsquo;accueil, ville de transit, ville hors du commun. Thomas Ellis explique \u00e0 franceinfo\u00a0Culture ce choix de tourner \u00e0 Marseille comme une \u00e9vidence\u00a0: \u00ab\u00a0Je suis n\u00e9 \u00e0 Marseille et j&rsquo;y vis. Je voulais filmer ces adolescents dans ma ville et voir comment ils se l&rsquo;approprient, comment ils devenaient marseillais comme d&rsquo;autres \u00e9trangers avant eux.\u00a0\u00bb<\/p>\n<p>Et Marseille, c&rsquo;est la M\u00e9diterran\u00e9e, poursuit le r\u00e9alisateur\u00a0: \u00ab\u00a0La M\u00e9diterran\u00e9e est toujours pr\u00e9sente comme un d\u00e9cor, comme le souvenir persistant de sa travers\u00e9e, comme un horizon des possibles et enfin comme un lieu o\u00f9 les corps de ces adolescents se lib\u00e8rent.\u00a0\u00bb<\/p>\n<p>Cette mer travers\u00e9e, lieu de tous les dangers, \u00ab\u00a0de la trag\u00e9die des naufrages\u00a0\u00bb, clame le pape Fran\u00e7ois dans le documentaire lors de sa visite \u00e0 Marseille. Oc\u00e9an de toutes les peurs, Thomas Ellis plonge le spectateur dans ses grands fonds. Le film est rythm\u00e9 par cette musique et ses images sous-marines, \u00e0 la fois chaudes et douces, froides et p\u00e9rilleuses. Ces eaux ont traumatis\u00e9 ces adolescents mais ils n&rsquo;en parleront pas. \u00ab\u00a0C&rsquo;est un truc sur lequel je ne veux pas revenir, mais ils ne comprennent pas que derri\u00e8re cela, il y a un r\u00eave\u00a0\u00bb, dit Junior.<\/p>\n<p>Tout va bien est un journal de vie, mais peut sonner aussi comme une d\u00e9claration politique. Thomas Ellis revient ainsi sur ce versant de son film\u00a0: \u00ab\u00a0J&rsquo;ai la sensation que lorsqu&rsquo;on parle des \u00e9trangers et de la migration, il est principalement question des probl\u00e8mes. La peur de l&rsquo;\u00e9tranger vient du fait qu&rsquo;on ne conna\u00eet pas l&rsquo;autre, que l&rsquo;on ne prend pas le temps de le comprendre, par ce film, je voulais prendre le temps de d\u00e9couvrir ces adolescents, de mettre des visages et des histoires sur ces mineurs non\u00a0accompagn\u00e9s. Le film montre que ces adolescents ont les m\u00eames r\u00eaves, joies et inqui\u00e9tudes que nos enfants.\u00a0\u00bb.<\/p>\n<p>    <img loading=\"lazy\" decoding=\"async\" class=\"cms-media-image lazyload\" alt=\"Affiche de \" tout=\"\" va=\"\" bien=\"\" film=\"\" de=\"\" thomas=\"\" ellis=\"\" en=\"\" salle=\"\" le=\"\" width=\"720\" height=\"960\" data- src=\"https:\/\/www.europesays.com\/fr\/wp-content\/uploads\/2026\/01\/a28ef8844e6996babaf95dbcd4539c37-694e481f9f016532656545.jpeg\"\/><\/p>\n<p>      Affiche de \u00ab\u00a0Tout va bien\u00a0\u00bb, film de Thomas Ellis, en salle le 7\u00a0janvier\u00a02026. (DR)<\/p>\n<p><strong>Genre : <\/strong>Documentaire<br \/><strong>R\u00e9alisation :<\/strong> Thomas Ellis <br \/><strong>Pays :<\/strong> France<strong><br \/>Dur\u00e9e : <\/strong>1h29<strong><br \/>Sortie : <\/strong>7 Janvier 2026<strong><br \/>Distributeur :<\/strong> Jour2f\u00eate<br \/><strong>Synopsis<\/strong> : \u00c2g\u00e9s de<strong> <\/strong>14 \u00e0 16\u00a0ans, cinq adolescents ont travers\u00e9 des d\u00e9serts et des mers, seuls. Arriv\u00e9s \u00e0 Marseille, ces filles et gar\u00e7ons portent en eux l&rsquo;espoir br\u00fblant d&rsquo;une nouvelle vie. Ils apprennent un m\u00e9tier, un pays, des habitudes et pour certains une langue. \u00ab\u00a0Tout va bien\u00a0\u00bb, r\u00e9p\u00e8tent-ils obstin\u00e9ment \u00e0 leurs familles. Mais le v\u00e9ritable voyage ne fait que commencer\u2026<\/p>\n","protected":false},"excerpt":{"rendered":"\u00ab\u00a0Il faisait froid, tr\u00e8s tr\u00e8s froid\u00a0\u00bb, \u00ab\u00a0C&rsquo;\u00e9tait difficile, tr\u00e8s difficile\u00a0\u00bb&#8230; La pudeur de ces adolescents venus du bout&hellip;\n","protected":false},"author":2,"featured_media":640522,"comment_status":"","ping_status":"","sticky":false,"template":"","format":"standard","meta":{"footnotes":""},"categories":[1354],"tags":[58,59,1346,1011,27,1360],"class_list":{"0":"post-640521","1":"post","2":"type-post","3":"status-publish","4":"format-standard","5":"has-post-thumbnail","7":"category-films","8":"tag-divertissement","9":"tag-entertainment","10":"tag-films","11":"tag-fr","12":"tag-france","13":"tag-movies"},"share_on_mastodon":{"url":"https:\/\/pubeurope.com\/@fr\/115837336626628171","error":""},"_links":{"self":[{"href":"https:\/\/www.europesays.com\/fr\/wp-json\/wp\/v2\/posts\/640521","targetHints":{"allow":["GET"]}}],"collection":[{"href":"https:\/\/www.europesays.com\/fr\/wp-json\/wp\/v2\/posts"}],"about":[{"href":"https:\/\/www.europesays.com\/fr\/wp-json\/wp\/v2\/types\/post"}],"author":[{"embeddable":true,"href":"https:\/\/www.europesays.com\/fr\/wp-json\/wp\/v2\/users\/2"}],"replies":[{"embeddable":true,"href":"https:\/\/www.europesays.com\/fr\/wp-json\/wp\/v2\/comments?post=640521"}],"version-history":[{"count":0,"href":"https:\/\/www.europesays.com\/fr\/wp-json\/wp\/v2\/posts\/640521\/revisions"}],"wp:featuredmedia":[{"embeddable":true,"href":"https:\/\/www.europesays.com\/fr\/wp-json\/wp\/v2\/media\/640522"}],"wp:attachment":[{"href":"https:\/\/www.europesays.com\/fr\/wp-json\/wp\/v2\/media?parent=640521"}],"wp:term":[{"taxonomy":"category","embeddable":true,"href":"https:\/\/www.europesays.com\/fr\/wp-json\/wp\/v2\/categories?post=640521"},{"taxonomy":"post_tag","embeddable":true,"href":"https:\/\/www.europesays.com\/fr\/wp-json\/wp\/v2\/tags?post=640521"}],"curies":[{"name":"wp","href":"https:\/\/api.w.org\/{rel}","templated":true}]}}