{"id":640523,"date":"2026-01-04T14:37:10","date_gmt":"2026-01-04T14:37:10","guid":{"rendered":"https:\/\/www.europesays.com\/fr\/640523\/"},"modified":"2026-01-04T14:37:10","modified_gmt":"2026-01-04T14:37:10","slug":"son-temoignage-bouleversant-et-inspirant","status":"publish","type":"post","link":"https:\/\/www.europesays.com\/fr\/640523\/","title":{"rendered":"son t\u00e9moignage bouleversant et inspirant"},"content":{"rendered":"<p>\u00c0 38 ans, diagnostiqu\u00e9 d\u2019un cancer incurable : le jour o\u00f9 tout<br \/>\na bascul\u00e9<\/p>\n<p>\u00c0 38 ans, Jonathan Gluck vivait une existence rang\u00e9e quand une<br \/>\ndouleur tenace \u00e0 la hanche l\u2019a conduit \u00e0 passer une IRM. Face au<br \/>\ncompte rendu, il s\u2019est accroch\u00e9 aux mots. \u00ab\u00a0Une l\u00e9sion ?\u00a0\u00bb, a demand\u00e9<br \/>\nJonathan Gluck, selon CNBC. \u00ab\u00a0Tu veux dire une tumeur ?\u00a0\u00bb \u00ab\u00a0Oui\u00a0\u00bb, a<br \/>\nconfirm\u00e9 le praticien. Le diagnostic est tomb\u00e9, sec : un<br \/>\n<strong>my\u00e9lome multiple<\/strong>, un cancer du sang qualifi\u00e9<br \/>\nd\u2019<strong>incurable<\/strong>. Le pronostic s\u2019est r\u00e9v\u00e9l\u00e9 aussi froid<br \/>\nque l\u2019h\u00f4pital : <strong>18 mois<\/strong> \u00e0 vivre.<\/p>\n<p>Ces heures-l\u00e0 ont fissur\u00e9 le temps. La peur, les sc\u00e9narios qui<br \/>\ns\u2019emballent, la vie qui se r\u00e9tr\u00e9cit d\u2019un coup. Il a fallu pr\u00e9venir<br \/>\nles proches, organiser le quotidien, encaisser le mot \u00ab\u00a0incurable\u00a0\u00bb.<br \/>\nJonathan Gluck a commenc\u00e9 une travers\u00e9e dont il ne connaissait ni<br \/>\nla dur\u00e9e ni l\u2019issue. La suite, personne ne l\u2019avait pr\u00e9vue.<\/p>\n<p>Vingt ans apr\u00e8s un pronostic de 18 mois : comment Jonathan<br \/>\nGluck vit-il ?<\/p>\n<p>Contre toute attente, il est toujours en vie <strong>20 ans<br \/>\napr\u00e8s<\/strong>. Le chemin a eu un co\u00fbt : radioth\u00e9rapies, douleurs<br \/>\nosseuses, infections, insomnies, vomissements. Au milieu du chaos,<br \/>\nune conviction l\u2019a aid\u00e9 \u00e0 tenir : \u00ab\u00a0Vous pouvez g\u00e9rer plus que vous<br \/>\nne le pensez\u00a0\u00bb, a-t-il compris. Il parle aussi des soignants qui<br \/>\nn\u2019ont jamais d\u00e9croch\u00e9, des m\u00e9decins joignables \u00e0 2 h du matin, des<br \/>\ninfirmi\u00e8res qui vous prennent la main au pire moment : \u00ab\u00a0Ce sont,<br \/>\ntout simplement, des h\u00e9ros\u00a0\u00bb.<\/p>\n<p>Son rythme a chang\u00e9. Gluck se maintient, sans culte de la<br \/>\nperformance : salle de sport quand il peut, alimentation plus<br \/>\nsaine, et certaines journ\u00e9es enti\u00e8res sur le canap\u00e9 sans<br \/>\nculpabilit\u00e9. Il revendique la \u00ab\u00a0pr\u00e9crastination\u00a0\u00bb : \u00ab\u00a0Si quelque chose<br \/>\nest important pour vous, n\u2019attendez pas. Lancez-vous !\u00a0\u00bb Une autre<br \/>\nphrase guide ses choix, simple et frontale : \u00ab\u00a0Si vous ne profitez<br \/>\npas de votre vie, \u00e0 quoi bon vivre ?\u00a0\u00bb Depuis, il s\u2019autorise \u00e0 agir<br \/>\nmaintenant plut\u00f4t que \u201cquand \u00e7a ira mieux\u201d.<\/p>\n<p>My\u00e9lome multiple : progr\u00e8s m\u00e9dicaux et une survie qui d\u00e9joue<br \/>\nles statistiques<\/p>\n<p>Le my\u00e9lome multiple reste un cancer h\u00e9matologique complexe. Au<br \/>\nd\u00e9but des ann\u00e9es 2000, la survie m\u00e9diane tournait autour de 3 \u00e0 4<br \/>\nans ; aujourd\u2019hui, elle est pass\u00e9e \u00e0 8 \u00e0 11 ans gr\u00e2ce aux nouvelles<br \/>\nth\u00e9rapies, et certains patients d\u00e9passent 15 \u00e0 20 ans. Les chiffres<br \/>\nn\u2019annulent pas l\u2019incertitude, mais ils racontent une r\u00e9alit\u00e9 : les<br \/>\ntrajectoires s\u2019allongent, m\u00eame quand la gu\u00e9rison au sens strict<br \/>\nn\u2019est pas annonc\u00e9e.<\/p>\n<p>Dans son intimit\u00e9, tout s\u2019est recompos\u00e9. Avec sa femme Didi, le<br \/>\ncouple a vacill\u00e9, puis s\u2019est reconstruit : th\u00e9rapie individuelle,<br \/>\nth\u00e9rapie de couple, pas en avant, rechutes, puis un lien renforc\u00e9.<br \/>\nLes mots des autres l\u2019ont marqu\u00e9 quand ils \u00e9taient nus et sinc\u00e8res.<br \/>\n\u00ab\u00a0Pauvre gars. Je suis d\u00e9sol\u00e9\u00a0\u00bb, lui a dit un coll\u00e8gue. Une lettre<br \/>\nd\u2019un ami d\u2019enfance s\u2019est achev\u00e9e par \u00ab\u00a0Tu es mon plus vieil ami\u00a0\u00bb.<br \/>\nParfois, ce sont ces phrases-l\u00e0 qui tiennent debout.<\/p>\n<p>Que change ce t\u00e9moignage pour malades<br \/>\net proches ?<\/p>\n<p>Si vous \u00eates malade, vous n\u2019\u00eates pas une statistique. Le cas de<br \/>\nJonathan rappelle qu\u2019il existe des parcours longs, impr\u00e9vus,<br \/>\nau-del\u00e0 d\u2019un <strong>pronostic de 18 mois<\/strong>. Le mental ne<br \/>\nremplace pas la m\u00e9decine, mais il peut aider \u00e0 choisir, prioriser,<br \/>\ndemander de l\u2019aide, oser des projets \u00e0 court terme. La<br \/>\n\u00ab\u00a0pr\u00e9crastination\u00a0\u00bb devient un outil concret : prendre un<br \/>\nrendez-vous, lancer une d\u00e9marche, dire ce qui compte,<br \/>\naujourd\u2019hui.<\/p>\n<p>Si vous \u00eates proche, l\u2019essentiel tient souvent en quelques mots.<br \/>\nReconna\u00eetre la souffrance sans recettes, proposer une pr\u00e9sence sans<br \/>\nenvahir. Les soignants, eux, restent au c\u0153ur du r\u00e9cit de Gluck,<br \/>\nsoutiens discrets et inlassables. Et pour tous, malades ou non, ce<br \/>\nt\u00e9moignage met une question sur la table : qu\u2019attend-on toujours<br \/>\npour plus tard ? Comme le dit John Allen Paulos, cit\u00e9 par Jonathan<br \/>\nGluck : \u00ab\u00a0L\u2019incertitude est la seule certitude qui existe, et<br \/>\nsavoir-vivre avec l\u2019ins\u00e9curit\u00e9 est la seule s\u00e9curit\u00e9\u00a0\u00bb.<\/p>\n","protected":false},"excerpt":{"rendered":"\u00c0 38 ans, diagnostiqu\u00e9 d\u2019un cancer incurable : le jour o\u00f9 tout a bascul\u00e9 \u00c0 38 ans, Jonathan&hellip;\n","protected":false},"author":2,"featured_media":640524,"comment_status":"","ping_status":"","sticky":false,"template":"","format":"standard","meta":{"footnotes":""},"categories":[10],"tags":[4307,1764,150,15981,101,8652,3026,932,12219,1011,27,72,3707,74724,74725,5912,71,3711,240,1810,9066,4717],"class_list":{"0":"post-640523","1":"post","2":"type-post","3":"status-publish","4":"format-standard","5":"has-post-thumbnail","7":"category-sante","8":"tag-4307","9":"tag-ans","10":"tag-apres","11":"tag-bouleversant","12":"tag-cancer","13":"tag-condamne","14":"tag-en","15":"tag-est","16":"tag-et","17":"tag-fr","18":"tag-france","19":"tag-health","20":"tag-il","21":"tag-incurable","22":"tag-inspirant","23":"tag-par","24":"tag-sante","25":"tag-son","26":"tag-temoignage","27":"tag-toujours","28":"tag-un","29":"tag-vie"},"share_on_mastodon":{"url":"https:\/\/pubeurope.com\/@fr\/115837340469664370","error":""},"_links":{"self":[{"href":"https:\/\/www.europesays.com\/fr\/wp-json\/wp\/v2\/posts\/640523","targetHints":{"allow":["GET"]}}],"collection":[{"href":"https:\/\/www.europesays.com\/fr\/wp-json\/wp\/v2\/posts"}],"about":[{"href":"https:\/\/www.europesays.com\/fr\/wp-json\/wp\/v2\/types\/post"}],"author":[{"embeddable":true,"href":"https:\/\/www.europesays.com\/fr\/wp-json\/wp\/v2\/users\/2"}],"replies":[{"embeddable":true,"href":"https:\/\/www.europesays.com\/fr\/wp-json\/wp\/v2\/comments?post=640523"}],"version-history":[{"count":0,"href":"https:\/\/www.europesays.com\/fr\/wp-json\/wp\/v2\/posts\/640523\/revisions"}],"wp:featuredmedia":[{"embeddable":true,"href":"https:\/\/www.europesays.com\/fr\/wp-json\/wp\/v2\/media\/640524"}],"wp:attachment":[{"href":"https:\/\/www.europesays.com\/fr\/wp-json\/wp\/v2\/media?parent=640523"}],"wp:term":[{"taxonomy":"category","embeddable":true,"href":"https:\/\/www.europesays.com\/fr\/wp-json\/wp\/v2\/categories?post=640523"},{"taxonomy":"post_tag","embeddable":true,"href":"https:\/\/www.europesays.com\/fr\/wp-json\/wp\/v2\/tags?post=640523"}],"curies":[{"name":"wp","href":"https:\/\/api.w.org\/{rel}","templated":true}]}}