{"id":640527,"date":"2026-01-04T14:39:11","date_gmt":"2026-01-04T14:39:11","guid":{"rendered":"https:\/\/www.europesays.com\/fr\/640527\/"},"modified":"2026-01-04T14:39:11","modified_gmt":"2026-01-04T14:39:11","slug":"ce-moment-ne-me-definit-pas-le-message-fort-dainhoa-lahitete-apres-la-polemique-miss-france","status":"publish","type":"post","link":"https:\/\/www.europesays.com\/fr\/640527\/","title":{"rendered":"\u00ab\u00a0Ce moment ne me d\u00e9finit pas\u00a0\u00bb\u00a0: le message fort d\u2019Ainhoa Lahitete apr\u00e8s la pol\u00e9mique Miss France"},"content":{"rendered":"<p class=\"paragraph text_align_left lp-f-body-02\">\u00ab On sait ce qu\u2019on a v\u00e9cu, ce qu\u2019on a travers\u00e9, ce qu\u2019on a donn\u00e9. Et \u00e7a, personne ne pourra nous l\u2019enlever \u00bb. Dans une vid\u00e9o publi\u00e9e sur son compte Instagram vendredi, <a href=\"https:\/\/www.leparisien.fr\/culture-loisirs\/miss-france\/on-fait-tous-des-erreurs-dans-la-vie-mais-je-lai-payee-tres-cher-ainhoa-lahitete-ex-miss-aquitaine-sort-du-silence-21-12-2025-3AIYESPR65G2PMEUZWTZRQPZNA.php\" target=\"_self\" rel=\"noopener\">Ainhoa Lahitete<\/a> revient sur son parcours Miss France, qui a bascul\u00e9 apr\u00e8s son \u00e9limination du Top 12 et la diffusion d\u2019une vid\u00e9o enregistr\u00e9e dans les coulisses du concours la montrant, avec l\u2019ex Miss Provence 2025 <a href=\"https:\/\/www.leparisien.fr\/culture-loisirs\/miss-france\/miss-france-2026-la-miss-provence-destituee-va-porter-plainte-pour-diffamation-et-cyberharcelement-10-12-2025-WUMDTWCE5NCKPCPFFR2WGC7ZXM.php\" target=\"_self\" rel=\"noopener\">Julie Zitouni<\/a>, tenir <a href=\"https:\/\/www.leparisien.fr\/culture-loisirs\/miss-france\/ce-netait-pas-une-insulte-apres-ses-propos-polemiques-sur-les-candidates-du-top-12-de-miss-france-2026-miss-provence-sexplique-07-12-2025-UNQ6MUV35NC45K2NHSUKY3LHR4.php\" target=\"_self\" rel=\"noopener\">des propos insultants<\/a>.<\/p>\n<p class=\"\">\u00ab Cette vid\u00e9o priv\u00e9e qui a circul\u00e9, r\u00e9cup\u00e9r\u00e9e par une personne de mon entourage en qui j\u2019avais confiance, et qui l\u2019a remise entre de mauvaises mains, c\u2019\u00e9tait une r\u00e9action \u00e0 chaud, regrettable bien s\u00fbr. Mais un moment de 5 minutes, pris hors contexte, alors qu\u2019il y avait \u00e9norm\u00e9ment de fatigue, de stress, d\u2019incompr\u00e9hension, de rel\u00e2chement apr\u00e8s une pression accumul\u00e9e pendant des semaines \u00bb, indique la jeune femme de 19 ans, destitu\u00e9e de son titre de Miss Aquitaine apr\u00e8s la pol\u00e9mique.<\/p>\n<p>\u00ab Je ne suis pas parfaite, mais je sais qui je suis \u00bb<\/p>\n<p class=\"\">Selon elle, \u00ab certains \u00e9l\u00e9ments ont aussi influenc\u00e9 (sa) r\u00e9action \u00e0 ce moment-l\u00e0 m\u00eame si cela ne l\u2019excuse pas \u00bb. Sans en dire davantage l\u00e0-dessus, elle rappelle \u00eatre \u00ab humaine \u00bb et expos\u00e9e m\u00e9diatiquement depuis seulement deux mois. \u00ab Personne n\u2019est vraiment pr\u00e9par\u00e9 \u00e0 ce genre de pression en si peu de temps \u00bb, analyse-t-elle aujourd\u2019hui.<\/p>\n<p class=\"\">La jeune basque le reconna\u00eet volontiers : cette histoire l\u2019a \u00ab profond\u00e9ment affect\u00e9e \u00bb. \u00catre au c\u0153ur de la pol\u00e9mique lui a \u00ab fait \u00e9norm\u00e9ment de mal \u00bb et lui a rappel\u00e9 \u00ab \u00e0 quel point les r\u00e9seaux sociaux peuvent \u00eatre violents et injustes \u00bb. \u00ab \u00catre jug\u00e9e, critiqu\u00e9e, r\u00e9duite \u00e0 quelques secondes de vid\u00e9o sorties de leur contexte, alors que ce n\u2019est pas la r\u00e9alit\u00e9\u2026 \u00e7a fait mal. Tr\u00e8s mal \u00bb, insiste-t-elle.<\/p>\n<p class=\"\">Et d\u2019ajouter : \u00ab Ce que je veux dire aujourd\u2019hui, c\u2019est que ce moment ne me d\u00e9finit pas, ne d\u00e9finit personne. Je ne suis pas parfaite, mais je sais qui je suis \u00bb.<\/p>\n<p class=\"\">\u00c0 la fin de sa vid\u00e9o, Ainhoa Lahitete remercie<a href=\"https:\/\/www.leparisien.fr\/culture-loisirs\/miss-france\/elle-manque-de-popularite-les-coulisses-du-regne-complique-de-miss-france-2025-angelique-angarni-filopon-04-12-2025-SZYF7GOEQ5BYTI3JSARZ2HBM5I.php\" target=\"_self\" rel=\"noopener\"> Ang\u00e9lique Angarni-Filopon<\/a>, Miss France 2025. \u00ab J\u2019ai d\u00e9couvert une personne incroyable, avec un c\u0153ur immense, toujours pr\u00e9sente, m\u00eame et surtout dans les moments les plus difficiles \u00bb, \u00e9crit-elle. \u00ab Je t\u2019aime fort \u00bb, lui r\u00e9pond cette derni\u00e8re en commentaire.<\/p>\n","protected":false},"excerpt":{"rendered":"\u00ab On sait ce qu\u2019on a v\u00e9cu, ce qu\u2019on a travers\u00e9, ce qu\u2019on a donn\u00e9. Et \u00e7a, personne&hellip;\n","protected":false},"author":2,"featured_media":640528,"comment_status":"","ping_status":"","sticky":false,"template":"","format":"standard","meta":{"footnotes":""},"categories":[8],"tags":[872,58,59,1011,27,3034],"class_list":{"0":"post-640527","1":"post","2":"type-post","3":"status-publish","4":"format-standard","5":"has-post-thumbnail","7":"category-divertissement","8":"tag-culture-et-loisirs","9":"tag-divertissement","10":"tag-entertainment","11":"tag-fr","12":"tag-france","13":"tag-miss-france"},"share_on_mastodon":{"url":"https:\/\/pubeurope.com\/@fr\/115837348407233323","error":""},"_links":{"self":[{"href":"https:\/\/www.europesays.com\/fr\/wp-json\/wp\/v2\/posts\/640527","targetHints":{"allow":["GET"]}}],"collection":[{"href":"https:\/\/www.europesays.com\/fr\/wp-json\/wp\/v2\/posts"}],"about":[{"href":"https:\/\/www.europesays.com\/fr\/wp-json\/wp\/v2\/types\/post"}],"author":[{"embeddable":true,"href":"https:\/\/www.europesays.com\/fr\/wp-json\/wp\/v2\/users\/2"}],"replies":[{"embeddable":true,"href":"https:\/\/www.europesays.com\/fr\/wp-json\/wp\/v2\/comments?post=640527"}],"version-history":[{"count":0,"href":"https:\/\/www.europesays.com\/fr\/wp-json\/wp\/v2\/posts\/640527\/revisions"}],"wp:featuredmedia":[{"embeddable":true,"href":"https:\/\/www.europesays.com\/fr\/wp-json\/wp\/v2\/media\/640528"}],"wp:attachment":[{"href":"https:\/\/www.europesays.com\/fr\/wp-json\/wp\/v2\/media?parent=640527"}],"wp:term":[{"taxonomy":"category","embeddable":true,"href":"https:\/\/www.europesays.com\/fr\/wp-json\/wp\/v2\/categories?post=640527"},{"taxonomy":"post_tag","embeddable":true,"href":"https:\/\/www.europesays.com\/fr\/wp-json\/wp\/v2\/tags?post=640527"}],"curies":[{"name":"wp","href":"https:\/\/api.w.org\/{rel}","templated":true}]}}