{"id":640529,"date":"2026-01-04T14:40:10","date_gmt":"2026-01-04T14:40:10","guid":{"rendered":"https:\/\/www.europesays.com\/fr\/640529\/"},"modified":"2026-01-04T14:40:10","modified_gmt":"2026-01-04T14:40:10","slug":"ps5-economiser-la-batterie-de-votre-manette-grace-a-ce-parametre-oublie","status":"publish","type":"post","link":"https:\/\/www.europesays.com\/fr\/640529\/","title":{"rendered":"PS5 : \u00e9conomiser la batterie de votre manette gr\u00e2ce \u00e0 ce param\u00e8tre oubli\u00e9"},"content":{"rendered":"<p>Les joueurs PS5 le savent : rien de pire qu\u2019une manette qui s\u2019\u00e9teint au mauvais moment, surtout quand l\u2019avertissement \u00ab\u00a0Batterie faible\u00a0\u00bb a \u00e9t\u00e9 ignor\u00e9 une fois de trop. Bien que la manette DualSense propose d\u00e9j\u00e0 une autonomie correcte, elle reste limit\u00e9e, surtout lors de longues sessions ou si vous oubliez de la recharger entre deux parties.<\/p>\n<p>C\u2019est l\u00e0 qu\u2019intervient une astuce toute simple mais diablement efficace, d\u00e9voil\u00e9e par un technicien sur les r\u00e9seaux sociaux. Il s\u2019agit d\u2019un simple param\u00e8tre que vous pouvez modifier dans <a href=\"https:\/\/www.lacremedugaming.fr\/consoles\/playstation\/playstation-5\/ps5-sony-regle-enfin-les-problemes-majeurs-de-la-console-avec-une-mise-a-jour-materielle-205161.html\" target=\"_blank\" rel=\"noopener\">les r\u00e9glages syst\u00e8me de votre PlayStation 5<\/a>. R\u00e9sultat : une batterie qui dure nettement plus longtemps, surtout si vous avez l\u2019habitude de poser la manette sans l\u2019\u00e9teindre manuellement.<\/p>\n<p> Le r\u00e9glage que Sony n\u2019a jamais mis en avant <\/p>\n<p>Sur Twitter (d\u00e9sormais X), l\u2019utilisateur @Modyfikator89, sp\u00e9cialis\u00e9 dans la r\u00e9paration de consoles, partage r\u00e9guli\u00e8rement des astuces m\u00e9connues. Le 28 d\u00e9cembre 2025, il a publi\u00e9 une vid\u00e9o montrant un r\u00e9glage tr\u00e8s pr\u00e9cis qui permet de limiter la d\u00e9charge de la batterie DualSense. \u00ab\u00a0Un param\u00e8tre simple que Sony pr\u00e9f\u00e9rerait probablement que vous ne modifiiez pas (pour que vous achetiez de nouvelles manettes plus t\u00f4t)\u00a0\u00bb, \u00e9crit-il, en accompagnant son message d\u2019un clin d\u2019\u0153il ironique.<\/p>\n<blockquote class=\"twitter-tweet\"><p>\n\t<a class=\"twitter-link\" rel=\"noindex, nofollow noopener\" href=\"https:\/\/twitter.com\/Modyfikator89\/status\/2005367855118684386\" target=\"_blank\">\n\t<\/p><\/blockquote>\n<p>La manipulation est la suivante : il suffit d\u2019aller dans les <strong>Param\u00e8tres &gt; Syst\u00e8me &gt; \u00c9conomie d\u2019\u00e9nergie<\/strong>, puis de s\u00e9lectionner l\u2019option <strong>\u00ab D\u00e9finir le d\u00e9lai d\u2019extinction des manettes \u00bb<\/strong>. L\u00e0, vous pouvez choisir de couper automatiquement la manette apr\u00e8s <strong>10 minutes<\/strong> d\u2019inactivit\u00e9.<\/p>\n<p> Pourquoi ce r\u00e9glage change tout <\/p>\n<p>Ce param\u00e8tre para\u00eet anodin, mais il \u00e9vite \u00e0 votre manette de rester allum\u00e9e inutilement pendant que vous vous \u00e9loignez, prenez un appel, ou laissez tourner un jeu en pause. R\u00e9sultat : la batterie ne se vide plus dans le vide. Et surtout, vous \u00e9vitez les pannes s\u00e8ches \u00e0 votre retour. \u00ab\u00a0Si vous le programmez pour qu\u2019il s\u2019\u00e9teigne apr\u00e8s seulement 10 minutes, vous \u00e9conomiserez la batterie jusqu\u2019\u00e0 votre retour, o\u00f9 vous pourrez simplement le rallumer\u00a0\u00bb, explique l\u2019article.<\/p>\n<p>L\u2019option est souvent ignor\u00e9e, car elle est enfouie dans les menus et non activ\u00e9e par d\u00e9faut. Pourtant, elle repr\u00e9sente <a href=\"https:\/\/www.lacremedugaming.fr\/consoles\/playstation\/playstation-5\/votre-manette-ps5-ne-fonctionne-plus-voici-comment-la-reparer-vous-meme-a-la-maison-204827.html\" target=\"_blank\" rel=\"noopener\">une solution simple et gratuite \u00e0 un probl\u00e8me que tous les joueurs rencontrent t\u00f4t ou tar<\/a>d.<\/p>\n<p> Une astuce qui pourrait vous \u00e9viter d\u2019acheter une nouvelle manette <\/p>\n<p>Au-del\u00e0 du confort, ce petit ajustement peut prolonger la dur\u00e9e de vie de votre manette. En \u00e9vitant les cycles de charge inutiles, vous m\u00e9nagez la batterie lithium-ion int\u00e9gr\u00e9e, ce qui retarde l\u2019usure. \u00ab\u00a0\u00c9tant donn\u00e9 que les manettes DualSense co\u00fbtent environ 60 \u00a3 \u00e0 remplacer, il serait plus avantageux pour Sony que nous en achetions simplement une nouvelle \u00e0 chaque fois que nos manettes actuelles commencent \u00e0 mal fonctionner\u00a0\u00bb, souligne l\u2019auteur. En r\u00e9sum\u00e9 : vous avez tout \u00e0 gagner \u00e0 activer cette option. Cela ne prend que quelques secondes, et vous prolongerez la batterie de votre manette DualSense sans effort \u2013 ni frais.<\/p>\n<p>\t\t\t\t\t\t<script async src=\"https:\/\/platform.twitter.com\/widgets.js\" charset=\"utf-8\"><\/script><\/p>\n","protected":false},"excerpt":{"rendered":"Les joueurs PS5 le savent : rien de pire qu\u2019une manette qui s\u2019\u00e9teint au mauvais moment, surtout quand&hellip;\n","protected":false},"author":2,"featured_media":640530,"comment_status":"","ping_status":"","sticky":false,"template":"","format":"standard","meta":{"footnotes":""},"categories":[7],"tags":[1011,27,43,40,41,39,42,44],"class_list":{"0":"post-640529","1":"post","2":"type-post","3":"status-publish","4":"format-standard","5":"has-post-thumbnail","7":"category-sciences-et-technologies","8":"tag-fr","9":"tag-france","10":"tag-science","11":"tag-science-and-technology","12":"tag-sciences","13":"tag-sciences-et-technologies","14":"tag-technologies","15":"tag-technology"},"share_on_mastodon":{"url":"https:\/\/pubeurope.com\/@fr\/115837352372668837","error":""},"_links":{"self":[{"href":"https:\/\/www.europesays.com\/fr\/wp-json\/wp\/v2\/posts\/640529","targetHints":{"allow":["GET"]}}],"collection":[{"href":"https:\/\/www.europesays.com\/fr\/wp-json\/wp\/v2\/posts"}],"about":[{"href":"https:\/\/www.europesays.com\/fr\/wp-json\/wp\/v2\/types\/post"}],"author":[{"embeddable":true,"href":"https:\/\/www.europesays.com\/fr\/wp-json\/wp\/v2\/users\/2"}],"replies":[{"embeddable":true,"href":"https:\/\/www.europesays.com\/fr\/wp-json\/wp\/v2\/comments?post=640529"}],"version-history":[{"count":0,"href":"https:\/\/www.europesays.com\/fr\/wp-json\/wp\/v2\/posts\/640529\/revisions"}],"wp:featuredmedia":[{"embeddable":true,"href":"https:\/\/www.europesays.com\/fr\/wp-json\/wp\/v2\/media\/640530"}],"wp:attachment":[{"href":"https:\/\/www.europesays.com\/fr\/wp-json\/wp\/v2\/media?parent=640529"}],"wp:term":[{"taxonomy":"category","embeddable":true,"href":"https:\/\/www.europesays.com\/fr\/wp-json\/wp\/v2\/categories?post=640529"},{"taxonomy":"post_tag","embeddable":true,"href":"https:\/\/www.europesays.com\/fr\/wp-json\/wp\/v2\/tags?post=640529"}],"curies":[{"name":"wp","href":"https:\/\/api.w.org\/{rel}","templated":true}]}}