{"id":640538,"date":"2026-01-04T14:46:16","date_gmt":"2026-01-04T14:46:16","guid":{"rendered":"https:\/\/www.europesays.com\/fr\/640538\/"},"modified":"2026-01-04T14:46:16","modified_gmt":"2026-01-04T14:46:16","slug":"verglas-a-saint-etienne-une-canalisation-cede-rue-du-portail-rouge","status":"publish","type":"post","link":"https:\/\/www.europesays.com\/fr\/640538\/","title":{"rendered":"Verglas \u00e0 Saint-Etienne : une canalisation c\u00e8de rue du Portail Rouge"},"content":{"rendered":"<p>Ce samedi 3 janvier, une canalisation a c\u00e9d\u00e9 \u00e0 Saint-\u00c9tienne, provoquant une fermeture partielle de la circulation dans plusieurs rues. Avec le froid, le verglas complique la situation. Les autorit\u00e9s appellent \u00e0 la vigilance.<\/p>\n<p>Une importante fuite d\u2019eau s\u2019est produite dans la soir\u00e9e de samedi, <strong>rue du Portail Rouge \u00e0 Saint-Etienne<\/strong>. La rupture d\u2019une canalisation, combin\u00e9e aux temp\u00e9ratures n\u00e9gatives, a engendr\u00e9 un fort risque de verglas sur la voirie. Si les agents sont parvenus \u00e0 colmater partiellement la fuite, les cons\u00e9quences restaient visibles dimanche.\u00a0<\/p>\n<p>La circulation est totalement interrompue sur le segment de la rue du Portail Rouge allant jusqu\u2019\u00e0 l\u2019intersection avec la rue Crozet Boussingault. La chauss\u00e9e et les trottoirs ont subi des d\u00e9g\u00e2ts cons\u00e9quents, n\u00e9cessitant des travaux de s\u00e9curisation.<\/p>\n<p>ZF<\/p>\n","protected":false},"excerpt":{"rendered":"Ce samedi 3 janvier, une canalisation a c\u00e9d\u00e9 \u00e0 Saint-\u00c9tienne, provoquant une fermeture partielle de la circulation dans&hellip;\n","protected":false},"author":2,"featured_media":640539,"comment_status":"","ping_status":"","sticky":false,"template":"","format":"standard","meta":{"footnotes":""},"categories":[9653],"tags":[1111,11,2430,1777,674,1011,27,12,25,4001],"class_list":{"0":"post-640538","1":"post","2":"type-post","3":"status-publish","4":"format-standard","5":"has-post-thumbnail","7":"category-saint-etienne","8":"tag-actu","9":"tag-actualites","10":"tag-auvergne-rhone-alpes","11":"tag-eu","12":"tag-europe","13":"tag-fr","14":"tag-france","15":"tag-news","16":"tag-republique-francaise","17":"tag-saint-etienne"},"share_on_mastodon":{"url":"https:\/\/pubeurope.com\/@fr\/115837375812956973","error":""},"_links":{"self":[{"href":"https:\/\/www.europesays.com\/fr\/wp-json\/wp\/v2\/posts\/640538","targetHints":{"allow":["GET"]}}],"collection":[{"href":"https:\/\/www.europesays.com\/fr\/wp-json\/wp\/v2\/posts"}],"about":[{"href":"https:\/\/www.europesays.com\/fr\/wp-json\/wp\/v2\/types\/post"}],"author":[{"embeddable":true,"href":"https:\/\/www.europesays.com\/fr\/wp-json\/wp\/v2\/users\/2"}],"replies":[{"embeddable":true,"href":"https:\/\/www.europesays.com\/fr\/wp-json\/wp\/v2\/comments?post=640538"}],"version-history":[{"count":0,"href":"https:\/\/www.europesays.com\/fr\/wp-json\/wp\/v2\/posts\/640538\/revisions"}],"wp:featuredmedia":[{"embeddable":true,"href":"https:\/\/www.europesays.com\/fr\/wp-json\/wp\/v2\/media\/640539"}],"wp:attachment":[{"href":"https:\/\/www.europesays.com\/fr\/wp-json\/wp\/v2\/media?parent=640538"}],"wp:term":[{"taxonomy":"category","embeddable":true,"href":"https:\/\/www.europesays.com\/fr\/wp-json\/wp\/v2\/categories?post=640538"},{"taxonomy":"post_tag","embeddable":true,"href":"https:\/\/www.europesays.com\/fr\/wp-json\/wp\/v2\/tags?post=640538"}],"curies":[{"name":"wp","href":"https:\/\/api.w.org\/{rel}","templated":true}]}}