{"id":640564,"date":"2026-01-04T15:09:12","date_gmt":"2026-01-04T15:09:12","guid":{"rendered":"https:\/\/www.europesays.com\/fr\/640564\/"},"modified":"2026-01-04T15:09:12","modified_gmt":"2026-01-04T15:09:12","slug":"bordeaux-decembre-2025-un-mois-de-fetes-decevant-pour-les-commerces","status":"publish","type":"post","link":"https:\/\/www.europesays.com\/fr\/640564\/","title":{"rendered":"Bordeaux : d\u00e9cembre 2025, un mois de f\u00eates d\u00e9cevant pour les commerces"},"content":{"rendered":"<p>\t\t\t\tLes commerces bordelais terminent l\u2019ann\u00e9e sur une note contrast\u00e9e. Si certaines animations ont attir\u00e9 du public, la fr\u00e9quentation globale des boutiques reste d\u00e9cevante.<br \/>\nDans le centre-ville, l\ud83d\udd12 Pour continuer \u00e0 lire <a class=\"xoo-el-login-tgr\"><b>connecte-toi <\/b><\/a>ou <b><a class=\"xoo-el-reg-tgr\">inscris-toi<\/a><\/b> au Bulletin Bordelais\u00ae. <\/p>\n<p><a href=\"https:\/\/bulletinbordelais.eu\/step\/offre-annuelle-premium-plus\/\" style=\"color: #7401DF !important\" target=\"_blank\" rel=\"noopener\">\u2794\u00a0D\u00e9verrouiller cet article : <\/a><br \/>&#13;<br \/>\n\u2714\ufe0e Acc\u00e8de \u00e0 toutes les rubriques<br \/>&#13;<br \/>\n\u2714\ufe0e Acc\u00e8de \u00e0 toutes les enqu\u00eates et interviews<br \/>&#13;<br \/>\n\u2714\ufe0e Acc\u00e8de aux archives<br \/>&#13;<br \/>\n\u2714\ufe0e Navigue sur le journal sans publicit\u00e9<br \/>&#13;<br \/>\n\u2714\ufe0e Soutiens notre r\u00e9daction<br \/>&#13;<\/p>\n","protected":false},"excerpt":{"rendered":"Les commerces bordelais terminent l\u2019ann\u00e9e sur une note contrast\u00e9e. Si certaines animations ont attir\u00e9 du public, la fr\u00e9quentation&hellip;\n","protected":false},"author":2,"featured_media":640565,"comment_status":"","ping_status":"","sticky":false,"template":"","format":"standard","meta":{"footnotes":""},"categories":[2817],"tags":[1111,11,1997,1777,674,1011,27,12,2219,25],"class_list":{"0":"post-640564","1":"post","2":"type-post","3":"status-publish","4":"format-standard","5":"has-post-thumbnail","7":"category-bordeaux","8":"tag-actu","9":"tag-actualites","10":"tag-bordeaux","11":"tag-eu","12":"tag-europe","13":"tag-fr","14":"tag-france","15":"tag-news","16":"tag-nouvelle-aquitaine","17":"tag-republique-francaise"},"share_on_mastodon":{"url":"https:\/\/pubeurope.com\/@fr\/115837466361821400","error":""},"_links":{"self":[{"href":"https:\/\/www.europesays.com\/fr\/wp-json\/wp\/v2\/posts\/640564","targetHints":{"allow":["GET"]}}],"collection":[{"href":"https:\/\/www.europesays.com\/fr\/wp-json\/wp\/v2\/posts"}],"about":[{"href":"https:\/\/www.europesays.com\/fr\/wp-json\/wp\/v2\/types\/post"}],"author":[{"embeddable":true,"href":"https:\/\/www.europesays.com\/fr\/wp-json\/wp\/v2\/users\/2"}],"replies":[{"embeddable":true,"href":"https:\/\/www.europesays.com\/fr\/wp-json\/wp\/v2\/comments?post=640564"}],"version-history":[{"count":0,"href":"https:\/\/www.europesays.com\/fr\/wp-json\/wp\/v2\/posts\/640564\/revisions"}],"wp:featuredmedia":[{"embeddable":true,"href":"https:\/\/www.europesays.com\/fr\/wp-json\/wp\/v2\/media\/640565"}],"wp:attachment":[{"href":"https:\/\/www.europesays.com\/fr\/wp-json\/wp\/v2\/media?parent=640564"}],"wp:term":[{"taxonomy":"category","embeddable":true,"href":"https:\/\/www.europesays.com\/fr\/wp-json\/wp\/v2\/categories?post=640564"},{"taxonomy":"post_tag","embeddable":true,"href":"https:\/\/www.europesays.com\/fr\/wp-json\/wp\/v2\/tags?post=640564"}],"curies":[{"name":"wp","href":"https:\/\/api.w.org\/{rel}","templated":true}]}}