{"id":640570,"date":"2026-01-04T15:12:09","date_gmt":"2026-01-04T15:12:09","guid":{"rendered":"https:\/\/www.europesays.com\/fr\/640570\/"},"modified":"2026-01-04T15:12:09","modified_gmt":"2026-01-04T15:12:09","slug":"le-diocese-de-lille-annonce-le-deces-du-pere-damien-bindault","status":"publish","type":"post","link":"https:\/\/www.europesays.com\/fr\/640570\/","title":{"rendered":"Le dioc\u00e8se de Lille annonce le d\u00e9c\u00e8s du p\u00e8re Damien Bindault"},"content":{"rendered":"<p>                    Par<br \/>\n        <strong><br \/>\n            <a href=\"https:\/\/actu.fr\/auteur\/amandine-vachez\" title=\"Consulter tous les articles de Amandine Vachez\" target=\"_blank\" rel=\"noopener\">Amandine Vachez<\/a><br \/>\n                    <\/strong><\/p>\n<p>        Publi\u00e9 le<\/p>\n<p>            4 janv. 2026 \u00e0 14h47        <\/p>\n<p>Son accident, qui <a href=\"https:\/\/actu.fr\/hauts-de-france\/loon-plage_59359\/damien-bindault-cure-de-loon-plage-a-ete-evacue-en-helicoptere-suite-a-un-accident-cerebral_63635242.html\" target=\"_blank\" rel=\"noopener\">l\u2019avait conduit au CHU de Lille<\/a> en urgence le 30\u00a0d\u00e9cembre dernier, a suscit\u00e9 une vive \u00e9motion dans le Nord, notamment \u00e0 <a href=\"https:\/\/actu.fr\/hauts-de-france\/roubaix_59512\" target=\"_blank\" rel=\"noopener\">Roubaix<\/a>. Le<b> pr\u00eatre Damien Bindault<\/b> est <b>d\u00e9c\u00e9d\u00e9<\/b> des suites d\u2019une <b>rupture d\u2019an\u00e9vrisme c\u00e9r\u00e9bral<\/b>, annonce le dioc\u00e8se de <a href=\"https:\/\/actu.fr\/lille\/\" target=\"_blank\" rel=\"noopener\">Lille<\/a> (Nord), le <b>dimanche 4\u00a0janvier 2026.<\/b> Il avait 48\u00a0ans.<\/p>\n<p>Un homme \u00ab\u2009tr\u00e8s engag\u00e9 au service des communaut\u00e9s qui lui \u00e9taient confi\u00e9es\u2009\u00bb<\/p>\n<p class=\" wall-content\">\u00ab\u2009C\u2019est avec une profonde tristesse que nous annon\u00e7ons le d\u00e9c\u00e8s du p\u00e8re Damien Bindault, <b>survenu le samedi 3\u00a0janvier \u00e0 20\u2009h\u200930<\/b>, des suites d\u2019une rupture d\u2019an\u00e9vrisme c\u00e9r\u00e9bral. \u00c2g\u00e9 de 48\u00a0ans, le p\u00e8re Damien aurait f\u00eat\u00e9 ses 49\u00a0ans le 14\u00a0f\u00e9vrier prochain\u2009\u00bb, \u00e9crit le dioc\u00e8se, dans un communiqu\u00e9.<\/p>\n<p class=\" wall-content\"><a href=\"https:\/\/actu.fr\/hauts-de-france\/dunkerque_59183\/lille-damien-bindault-seul-pretre-nordiste-ordonne-cette-annee_6641230.html\" target=\"_blank\" rel=\"noopener\">Ordonn\u00e9 pr\u00eatre le 25\u00a0juin 2017<\/a>, il exer\u00e7ait sa mission comme <b>cur\u00e9 de la paroisse Saint-Paul de Loon-Plage<\/b>, o\u00f9 il \u00e9tait \u00ab\u2009tr\u00e8s engag\u00e9 au service des communaut\u00e9s qui lui \u00e9taient confi\u00e9es\u2009\u00bb, compl\u00e8te le dioc\u00e8se, qui assure son soutien \u00e0 ses proches. Et de poursuivre ainsi\u2009: \u00ab\u2009Dans l\u2019esp\u00e9rance chr\u00e9tienne, nous le confions \u00e0 la mis\u00e9ricorde du Seigneur, en rendant gr\u00e2ce pour son minist\u00e8re, son d\u00e9vouement pastoral et sa fraternit\u00e9 sacerdotale.\u2009\u00bb<\/p>\n<p class=\" wall-content\">Pour l\u2019heure, aucun lieu ou date ne sont communiqu\u00e9s, pour ses fun\u00e9railles.<\/p>\n<p class=\" wall-content\">Personnalisez votre actualit\u00e9 en ajoutant vos villes et m\u00e9dias en favori avec <a href=\"https:\/\/moncompte.actu.fr\" title=\"D\u00e9couvez Mon Actu\" rel=\"nofollow noopener\" data-trk=\"{&quot;cta&quot;:{&quot;action&quot;:&quot;https:\\\/\\\/moncompte.actu.fr&quot;,&quot;category&quot;:&quot;mon compte&quot;,&quot;from&quot;:&quot;article footer&quot;,&quot;name&quot;:&quot;Mon actu&quot;,&quot;type&quot;:&quot;cta&quot;}}\" target=\"_blank\">Mon Actu<\/a>.<\/p>\n","protected":false},"excerpt":{"rendered":"Par Amandine Vachez Publi\u00e9 le 4 janv. 2026 \u00e0 14h47 Son accident, qui l\u2019avait conduit au CHU de&hellip;\n","protected":false},"author":2,"featured_media":640571,"comment_status":"","ping_status":"","sticky":false,"template":"","format":"standard","meta":{"footnotes":""},"categories":[2815],"tags":[1111,11,1777,674,1011,27,811,1307,12,25,104],"class_list":{"0":"post-640570","1":"post","2":"type-post","3":"status-publish","4":"format-standard","5":"has-post-thumbnail","7":"category-lille","8":"tag-actu","9":"tag-actualites","10":"tag-eu","11":"tag-europe","12":"tag-fr","13":"tag-france","14":"tag-hauts-de-france","15":"tag-lille","16":"tag-news","17":"tag-republique-francaise","18":"tag-societe"},"share_on_mastodon":{"url":"https:\/\/pubeurope.com\/@fr\/115837478120260084","error":""},"_links":{"self":[{"href":"https:\/\/www.europesays.com\/fr\/wp-json\/wp\/v2\/posts\/640570","targetHints":{"allow":["GET"]}}],"collection":[{"href":"https:\/\/www.europesays.com\/fr\/wp-json\/wp\/v2\/posts"}],"about":[{"href":"https:\/\/www.europesays.com\/fr\/wp-json\/wp\/v2\/types\/post"}],"author":[{"embeddable":true,"href":"https:\/\/www.europesays.com\/fr\/wp-json\/wp\/v2\/users\/2"}],"replies":[{"embeddable":true,"href":"https:\/\/www.europesays.com\/fr\/wp-json\/wp\/v2\/comments?post=640570"}],"version-history":[{"count":0,"href":"https:\/\/www.europesays.com\/fr\/wp-json\/wp\/v2\/posts\/640570\/revisions"}],"wp:featuredmedia":[{"embeddable":true,"href":"https:\/\/www.europesays.com\/fr\/wp-json\/wp\/v2\/media\/640571"}],"wp:attachment":[{"href":"https:\/\/www.europesays.com\/fr\/wp-json\/wp\/v2\/media?parent=640570"}],"wp:term":[{"taxonomy":"category","embeddable":true,"href":"https:\/\/www.europesays.com\/fr\/wp-json\/wp\/v2\/categories?post=640570"},{"taxonomy":"post_tag","embeddable":true,"href":"https:\/\/www.europesays.com\/fr\/wp-json\/wp\/v2\/tags?post=640570"}],"curies":[{"name":"wp","href":"https:\/\/api.w.org\/{rel}","templated":true}]}}