{"id":640572,"date":"2026-01-04T15:13:11","date_gmt":"2026-01-04T15:13:11","guid":{"rendered":"https:\/\/www.europesays.com\/fr\/640572\/"},"modified":"2026-01-04T15:13:11","modified_gmt":"2026-01-04T15:13:11","slug":"neige-et-verglas-apres-un-retour-au-vert-le-nord-de-nouveau-en-vigilance-jaune-lundi","status":"publish","type":"post","link":"https:\/\/www.europesays.com\/fr\/640572\/","title":{"rendered":"Neige et verglas. Apr\u00e8s un retour au vert, le Nord de nouveau en vigilance jaune lundi"},"content":{"rendered":"<p>                    Par<br \/>\n        <strong><br \/>\n            <a href=\"https:\/\/actu.fr\/auteur\/amandine-vachez\" title=\"Consulter tous les articles de Amandine Vachez\" target=\"_blank\" rel=\"noopener\">Amandine Vachez<\/a><br \/>\n                    <\/strong><\/p>\n<p>        Publi\u00e9 le<\/p>\n<p>            4 janv. 2026 \u00e0 12h00        <\/p>\n<p>Certains habitants du <b>Nord \u2013 Pas-de-Calais <\/b>ont <a href=\"https:\/\/actu.fr\/hauts-de-france\/lille_59350\/neige-a-lille-le-nord-en-vigilance-jaune-le-service-de-bus-perturbe-dans-la-metropole-ce-samedi_63646946.html\" target=\"_blank\" rel=\"noopener\">vu des flocons tomber<\/a>, et la <a href=\"https:\/\/actu.fr\/tag\/neige\" target=\"_blank\" rel=\"noopener\">neige<\/a> s\u2019inviter sur les toits et le sol, au cours du<b> week-end.<\/b> Si la <b>vigilance jaune pour neige et verglas<\/b> a \u00e9t\u00e9 <a href=\"https:\/\/actu.fr\/societe\/meteo-neige-et-verglas-le-nord-et-le-pas-de-calais-en-vigilance-jaune-ce-week-end_63647008.html\" target=\"_blank\" rel=\"noopener\">lev\u00e9e ce dimanche \u00e0 12\u2009h<\/a>, elle <b>revient le lundi 5\u00a0janvier 2026,<\/b> d\u00e8s t\u00f4t le matin. Pr\u00e9cisions.<\/p>\n<p>Retour de la neige et du verglas pour le lundi de la rentr\u00e9e<\/p>\n<p class=\" wall-content\">La <a href=\"https:\/\/actu.fr\/tag\/rentree-scolaire\" target=\"_blank\" rel=\"noopener\">rentr\u00e9e scolaire<\/a> du <b>l<\/b><b>undi 5\u00a0janvier 2026 <\/b>s\u2019annonce tr\u00e8s froide, et surtout glissante. Il fera 0 et 1 sur le d\u00e9partement, et jusqu\u2019\u00e0 3\u00a0\u00b0C sur la c\u00f4te, o\u00f9 le <a href=\"https:\/\/actu.fr\/societe\/vents-frais-et-grandes-marees-attendus-du-cap-gris-nez-jusquen-belgique-un-risque-accru-en-bord-de-mer_63647175.html\" target=\"_blank\" rel=\"noopener\">risque en bord de mer est d\u2019ailleurs accru jusqu\u2019\u00e0 mardi, en raison des mar\u00e9es<\/a>.<\/p>\n<p class=\" wall-content\">M\u00e9t\u00e9o France remet d\u2019ailleurs bon nombre de d\u00e9partements de la France Hexagonale en jaune, dans la soir\u00e9e.<\/p>\n<p class=\" wall-content\">Sur le Nord, la vigilance neige et verglas sera <b>reconduite t\u00f4t lundi matin, d\u00e8s 6\u2009h <\/b>et toute la journ\u00e9e,<b> jusqu\u2019\u00e0 minuit <\/b>est-il indiqu\u00e9 dans le dernier bulletin, \u00e9dit\u00e9 ce dimanche \u00e0 6\u2009h.<\/p>\n<p class=\" wall-content\">Prudence sera donc de mise sur le territoire.<\/p>\n<p class=\" wall-content\">Personnalisez votre actualit\u00e9 en ajoutant vos villes et m\u00e9dias en favori avec <a href=\"https:\/\/moncompte.actu.fr\" title=\"D\u00e9couvez Mon Actu\" rel=\"nofollow noopener\" data-trk=\"{&quot;cta&quot;:{&quot;action&quot;:&quot;https:\\\/\\\/moncompte.actu.fr&quot;,&quot;category&quot;:&quot;mon compte&quot;,&quot;from&quot;:&quot;article footer&quot;,&quot;name&quot;:&quot;Mon actu&quot;,&quot;type&quot;:&quot;cta&quot;}}\" target=\"_blank\">Mon Actu<\/a>.<\/p>\n","protected":false},"excerpt":{"rendered":"Par Amandine Vachez Publi\u00e9 le 4 janv. 2026 \u00e0 12h00 Certains habitants du Nord \u2013 Pas-de-Calais ont vu&hellip;\n","protected":false},"author":2,"featured_media":640573,"comment_status":"","ping_status":"","sticky":false,"template":"","format":"standard","meta":{"footnotes":""},"categories":[2815],"tags":[1111,11,1777,674,1011,27,811,1307,2357,10584,12,25,104],"class_list":{"0":"post-640572","1":"post","2":"type-post","3":"status-publish","4":"format-standard","5":"has-post-thumbnail","7":"category-lille","8":"tag-actu","9":"tag-actualites","10":"tag-eu","11":"tag-europe","12":"tag-fr","13":"tag-france","14":"tag-hauts-de-france","15":"tag-lille","16":"tag-meteo-france","17":"tag-neige","18":"tag-news","19":"tag-republique-francaise","20":"tag-societe"},"share_on_mastodon":{"url":"https:\/\/pubeurope.com\/@fr\/115837482144062767","error":""},"_links":{"self":[{"href":"https:\/\/www.europesays.com\/fr\/wp-json\/wp\/v2\/posts\/640572","targetHints":{"allow":["GET"]}}],"collection":[{"href":"https:\/\/www.europesays.com\/fr\/wp-json\/wp\/v2\/posts"}],"about":[{"href":"https:\/\/www.europesays.com\/fr\/wp-json\/wp\/v2\/types\/post"}],"author":[{"embeddable":true,"href":"https:\/\/www.europesays.com\/fr\/wp-json\/wp\/v2\/users\/2"}],"replies":[{"embeddable":true,"href":"https:\/\/www.europesays.com\/fr\/wp-json\/wp\/v2\/comments?post=640572"}],"version-history":[{"count":0,"href":"https:\/\/www.europesays.com\/fr\/wp-json\/wp\/v2\/posts\/640572\/revisions"}],"wp:featuredmedia":[{"embeddable":true,"href":"https:\/\/www.europesays.com\/fr\/wp-json\/wp\/v2\/media\/640573"}],"wp:attachment":[{"href":"https:\/\/www.europesays.com\/fr\/wp-json\/wp\/v2\/media?parent=640572"}],"wp:term":[{"taxonomy":"category","embeddable":true,"href":"https:\/\/www.europesays.com\/fr\/wp-json\/wp\/v2\/categories?post=640572"},{"taxonomy":"post_tag","embeddable":true,"href":"https:\/\/www.europesays.com\/fr\/wp-json\/wp\/v2\/tags?post=640572"}],"curies":[{"name":"wp","href":"https:\/\/api.w.org\/{rel}","templated":true}]}}