{"id":640580,"date":"2026-01-04T15:19:11","date_gmt":"2026-01-04T15:19:11","guid":{"rendered":"https:\/\/www.europesays.com\/fr\/640580\/"},"modified":"2026-01-04T15:19:11","modified_gmt":"2026-01-04T15:19:11","slug":"labonnement-pour-les-transports-dile-de-france-est-il-vraiment-moins-cher-quailleurs","status":"publish","type":"post","link":"https:\/\/www.europesays.com\/fr\/640580\/","title":{"rendered":"l\u2019abonnement pour les transports d\u2019\u00cele-de-France est-il vraiment moins cher qu\u2019ailleurs ?"},"content":{"rendered":"<p>\n    Pour relativiser le prix \u00e0 90,80 euros du forfait permettant de se d\u00e9placer dans la r\u00e9gion en illimit\u00e9, \u00cele-de-France Mobilit\u00e9s assure qu\u2019il est plus avantageux que dans d\u2019autres capitales comme Londres ou New York. D\u2019autres sont en revanche moins ch\u00e8res.<\/p>\n<p class=\"fig-paragraph\">C\u2019est la mauvaise nouvelle du d\u00e9but d\u2019ann\u00e9e. En \u00cele-de-France, l\u2019abonnement mensuel Navigo pour se d\u00e9placer dans la r\u00e9gion\u00a0<a href=\"http:\/\/www.lefigaro.fr\/conjoncture\/transports-en-ile-de-france-le-passe-navigo-mensuel-devrait-augmenter-de-2-euros-a-90-80-euros-en-2026-20251127\" data-fig-type=\"NewsFlash\" data-gtm-custom-categorie=\"navigation\" data-gtm-custom-action=\"crossclick\" data-gtm-custom-label=\"Contextuel\" data-gtm-event=\"customEventSPE\" data-fig-domain=\"LEFIGARO\" target=\"_blank\" rel=\"noopener\">co\u00fbte d\u00e9sormais 90,80 euros<\/a>, soit 2 euros de plus qu\u2019en 2025. Une hausse annonc\u00e9e quelques semaines plus t\u00f4t par\u00a0<a href=\"http:\/\/www.lefigaro.fr\/conso\/transports-en-ile-de-france-la-carte-liberte-disponible-sur-smartphone-des-ce-lundi-23-juin-20250623\" data-fig-type=\"NewsFlash\" data-gtm-custom-categorie=\"navigation\" data-gtm-custom-action=\"crossclick\" data-gtm-custom-label=\"Contextuel\" data-gtm-event=\"customEventSPE\" data-fig-domain=\"LEFIGARO\" target=\"_blank\" rel=\"noopener\">\u00cele-de-France Mobilit\u00e9s<\/a>\u00a0(IDFM), qui se d\u00e9fend en expliquant que l\u2019effort est limit\u00e9 (\u00abinflation + 1%\u00bb) et partag\u00e9 car entreprises et collectivit\u00e9s prennent leur part du financement des transports. \u00abSans aide ni subvention, le prix r\u00e9el du passe Navigo est de 280,07 euros par mois\u00bb, assure d\u2019ailleurs l\u2019autorit\u00e9. Mais IDFM compare surtout le passe Navigo \u00e0 ce qui se fait ailleurs dans le monde. \u00abDans beaucoup de m\u00e9tropoles, assure l\u2019autorit\u00e9 sur\u00a0<a href=\"https:\/\/www.iledefrance-mobilites.fr\/actualites\/passe-navigo-augmentation-pourquoi\" target=\"_blank\" rel=\"sponsored noopener\" data-gtm-custom-categorie=\"navigation\" data-gtm-custom-action=\"crossclick\" data-gtm-custom-label=\"Contextuel\" data-gtm-event=\"customEventSPE\">son site<\/a>, les prix sont plus importants qu\u2019en \u00cele-de-France.\u00bb Et de citer les exemples de Londres \u00e0 312 livres par mois, New York \u00e0 132 dollars par mois et Montr\u00e9al \u00e0 104,50 dollars par mois. Mais est-ce vraiment le cas partout\u00a0?<\/p>\n<p class=\"fig-premium-paywall__infos\">\n        Cet article est r\u00e9serv\u00e9 aux abonn\u00e9s.        Il vous reste 80% \u00e0 d\u00e9couvrir.\n    <\/p>\n<p>                <img  data- alt=\"Le Figaro\" class=\"fig-img--complete fig-img\"\/><\/p>\n<p class=\"fig-premium-paywall__title\">Vous avez envie de lire la suite ?<\/p>\n<p class=\"fig-premium-paywall__subtitle\">D\u00e9bloquez tous les articles imm\u00e9diatement.<\/p>\n<p class=\"fig-premium-paywall__connect\">\n                D\u00e9j\u00e0 abonn\u00e9\u00a0?                <a class=\"fig-premium-paywall__connect-link\" href=\"https:\/\/connect.lefigaro.fr\/login?client=horizon_web&amp;type=main&amp;redirect_uri=https%3A%2F%2Fwww.lefigaro.fr%2Fconjoncture%2Fhausse-du-passe-navigo-l-abonnement-pour-les-transports-d-ile-de-france-est-il-vraiment-moins-cher-qu-ailleurs-20260104\" data-js-gtm=\"{&quot;customCategorie&quot;: &quot;conversion&quot;, &quot;customAction&quot;: &quot;before_Landing_Connexion_paywall_manuel&quot;, &quot;customLabel&quot;: &quot;bGVmaWdhcm8uZnJfXzFmMGU2NTA3LTEzYzMtNmZiYy1hOWIyLTdiZjVjMjA2Y2I0M19fTmV3c0ZsYXNo_Hausse du passe Navigo\u00a0: l\u2019abonnement pour les transports d\u2019\u00cele-de-France est-il vraiment moins cher qu\u2019ailleurs\u00a0?_1929&quot;, &quot;customIDSPE&quot;: &quot;bGVmaWdhcm8uZnJfXzFmMGU2NTA3LTEzYzMtNmZiYy1hOWIyLTdiZjVjMjA2Y2I0M19fTmV3c0ZsYXNo&quot;, &quot;event&quot;: &quot;customEventSPE&quot;}\" target=\"_blank\" rel=\"noopener\"><br \/>\n                    Connectez-vous<br \/>\n                <\/a>\n            <\/p>\n","protected":false},"excerpt":{"rendered":"Pour relativiser le prix \u00e0 90,80 euros du forfait permettant de se d\u00e9placer dans la r\u00e9gion en illimit\u00e9,&hellip;\n","protected":false},"author":2,"featured_media":640581,"comment_status":"","ping_status":"","sticky":false,"template":"","format":"standard","meta":{"footnotes":""},"categories":[1592],"tags":[1111,11,1777,674,1011,27,662,18010,12,626,25,2216],"class_list":{"0":"post-640580","1":"post","2":"type-post","3":"status-publish","4":"format-standard","5":"has-post-thumbnail","7":"category-ile-de-france","8":"tag-actu","9":"tag-actualites","10":"tag-eu","11":"tag-europe","12":"tag-fr","13":"tag-france","14":"tag-ile-de-france","15":"tag-navigo","16":"tag-news","17":"tag-paris","18":"tag-republique-francaise","19":"tag-transports-en-commun"},"share_on_mastodon":{"url":"https:\/\/pubeurope.com\/@fr\/115837505650646667","error":""},"_links":{"self":[{"href":"https:\/\/www.europesays.com\/fr\/wp-json\/wp\/v2\/posts\/640580","targetHints":{"allow":["GET"]}}],"collection":[{"href":"https:\/\/www.europesays.com\/fr\/wp-json\/wp\/v2\/posts"}],"about":[{"href":"https:\/\/www.europesays.com\/fr\/wp-json\/wp\/v2\/types\/post"}],"author":[{"embeddable":true,"href":"https:\/\/www.europesays.com\/fr\/wp-json\/wp\/v2\/users\/2"}],"replies":[{"embeddable":true,"href":"https:\/\/www.europesays.com\/fr\/wp-json\/wp\/v2\/comments?post=640580"}],"version-history":[{"count":0,"href":"https:\/\/www.europesays.com\/fr\/wp-json\/wp\/v2\/posts\/640580\/revisions"}],"wp:featuredmedia":[{"embeddable":true,"href":"https:\/\/www.europesays.com\/fr\/wp-json\/wp\/v2\/media\/640581"}],"wp:attachment":[{"href":"https:\/\/www.europesays.com\/fr\/wp-json\/wp\/v2\/media?parent=640580"}],"wp:term":[{"taxonomy":"category","embeddable":true,"href":"https:\/\/www.europesays.com\/fr\/wp-json\/wp\/v2\/categories?post=640580"},{"taxonomy":"post_tag","embeddable":true,"href":"https:\/\/www.europesays.com\/fr\/wp-json\/wp\/v2\/tags?post=640580"}],"curies":[{"name":"wp","href":"https:\/\/api.w.org\/{rel}","templated":true}]}}