{"id":640582,"date":"2026-01-04T15:20:11","date_gmt":"2026-01-04T15:20:11","guid":{"rendered":"https:\/\/www.europesays.com\/fr\/640582\/"},"modified":"2026-01-04T15:20:11","modified_gmt":"2026-01-04T15:20:11","slug":"candidate-lfi-a-la-mairie-de-paris-sophia-chikirou-sera-jugee-pour-escroquerie","status":"publish","type":"post","link":"https:\/\/www.europesays.com\/fr\/640582\/","title":{"rendered":"Candidate LFI \u00e0 la mairie de Paris, Sophia Chikirou sera jug\u00e9e pour escroquerie"},"content":{"rendered":"<p><a target=\"_self\" href=\"https:\/\/www.lanouvellerepublique.fr\/a-la-une\/municipales-2026-l-insoumise-sophia-chikirou-se-lance-dans-la-course-a-la-mairie-de-paris-1763119254\" rel=\"noopener\">Sophia Chikirou, candidate LFI \u00e0 la mairie de Paris<\/a>, sera jug\u00e9e en mai\u00a02026 pour escroquerie par le tribunal correctionnel de Paris.\u00a0Pr\u00e9vu le 12\u00a0mai, ce proc\u00e8s se penchera sur des faits pr\u00e9sum\u00e9s remontant \u00e0 juillet\u00a02018, a appris l\u2019AFP de source judiciaire, dimanche 4\u00a0janvier 2026. Pour la candidate, il s\u2019agit d\u2019un simple \u00ab\u00a0diff\u00e9rend commercial\u00a0\u00bb d\u00e9j\u00e0 r\u00e9gl\u00e9.<\/p>\n<p>Sophia Chikirou est soup\u00e7onn\u00e9e d\u2019avoir \u00ab\u00a0tent\u00e9 \u00e0 plusieurs reprises de tromper la banque Cr\u00e9dit du Nord\u00a0\u00bb au pr\u00e9judice du site d\u2019actualit\u00e9 Le M\u00e9dia, qu\u2019elle avait cofond\u00e9. Ses \u00ab\u00a0tentatives\u00a0\u00bb visaient \u00e0 remettre une somme de plus de 67.000\u00a0euros \u00e0 Mediascop, sa soci\u00e9t\u00e9 de conseil en communication, a pr\u00e9cis\u00e9 la source judiciaire.<\/p>\n<p>Dans ce dossier, les enqu\u00eateurs ont mis en avant \u00ab\u00a0un commencement d\u2019ex\u00e9cution\u00a0\u00bb\u00a0: la pr\u00e9venue est accus\u00e9e de s\u2019\u00eatre pr\u00e9sent\u00e9e comme pr\u00e9sidente de la soci\u00e9t\u00e9 Le M\u00e9dia\u00a0alors qu\u2019elle \u00ab\u00a0n\u2019avait plus cette qualit\u00e9\u00a0\u00bb et d\u2019avoir demand\u00e9 un virement, finalement non abouti, car il n\u2019y avait pas suffisamment d\u2019argent sur le compte.<\/p>\n<p>Le virement n\u2019a toutefois pas \u00e9t\u00e9 r\u00e9alis\u00e9 car le charg\u00e9 de compte s\u2019est \u00ab\u00a0m\u00e9fi\u00e9\u00a0\u00bb au regard \u00ab\u00a0des circonstances particuli\u00e8res de l\u2019op\u00e9ration\u00a0\u00bb et que la \u00ab\u00a0nouvelle pr\u00e9sidente\u00a0\u00bb du M\u00e9dia a fait \u00ab\u00a0opposition\u00a0\u00bb. Sophia Chikirou doit aussi compara\u00eetre pour avoir \u00ab\u00a0soustrait frauduleusement deux formules de ch\u00e8que\u00a0\u00bb.<\/p>\n<p>Une affaire sans \u00ab\u00a0plaignant ni pr\u00e9judice\u00a0\u00bb, d\u00e9nonce Chikirou<\/p>\n<p>L\u2019annonce du proc\u00e8s a fait bondir Sophia Chikirou, investie par le mouvement de Jean-Luc M\u00e9lenchon comme t\u00eate de liste aux municipales de mars\u00a02026. Elle \u00e9tait la seule candidate. \u00ab\u00a0Le parquet de Paris d\u00e9cide de me faire un proc\u00e8s en pleine campagne municipale au sujet d\u2019une histoire datant de 2018 qui rel\u00e8ve d\u2019un diff\u00e9rend commercial entre deux soci\u00e9t\u00e9s\u00a0\u00bb, a r\u00e9agi Sophia Chikirou apr\u00e8s de l\u2019AFP<\/p>\n<p>\u00ab\u00a0Depuis, cette date, les deux soci\u00e9t\u00e9s ont convenu d\u2019un accord et ont cess\u00e9 toutes leurs d\u00e9marches\u00a0\u00bb, a-t-elle affirm\u00e9. \u00ab\u00a0C\u2019est donc un proc\u00e8s d\u00e9cid\u00e9 par le minist\u00e8re public pour une affaire o\u00f9 il n\u2019y a aucun plaignant ni pr\u00e9judice\u00a0! L\u2019affaire est \u00e9minemment politique et n\u2019a pour but que de salir et g\u00eaner ma campagne\u00a0\u00bb, a-t-elle fustig\u00e9.<\/p>\n<p>Figure de premier plan de LFI et proche de Jean-Luc M\u00e9lenchon, dont elle a dirig\u00e9 la communication lors des campagnes pr\u00e9sidentielles de\u00a02012 et\u00a02017, Sophia Chikirou est \u00e9galement <a target=\"_self\" href=\"https:\/\/www.lanouvellerepublique.fr\/a-la-une\/comptes-de-campagne-de-lfi-en-2017-sophia-chikirou-mise-en-examen-pour-escroquerie-aggravee\" rel=\"noopener\">mise en examen depuis septembre\u00a02024, notamment pour escroquerie aggrav\u00e9e<\/a>, dans une information judiciaire li\u00e9e aux comptes de campagne 2017 de Jean-Luc M\u00e9lenchon. Les investigations sont en cours et elle conteste les accusations.<\/p>\n<p>Rachida Dati, candidate \u00e0 Paris et \u00e9galement mise en examen<\/p>\n<p>Sophia Chikirou n\u2019est pas la seule aspirante \u00e0 la mairie de Paris, \u00e0 avoir maille \u00e0 partir avec la justice. La ministre Rachida Dati fait l\u2019objet de plusieurs enqu\u00eates, dont l\u2019une a conduit en d\u00e9cembre \u00e0 <a target=\"_self\" href=\"https:\/\/www.lanouvellerepublique.fr\/a-la-une\/le-domicile-de-rachida-dati-et-la-mairie-du-7e-arrondissement-perquisitionnes-dans-le-cadre-d-une-enquete-pour-corruption-1766072756\" rel=\"noopener\">des perquisitions dans sa mairie du 7e arrondissement et \u00e0 ses domiciles<\/a>.\u00a0Surtout, Rachida Dati doit compara\u00eetre en septembre\u00a02026 dans un proc\u00e8s pour corruption et trafic d\u2019influence, aux c\u00f4t\u00e9s de l\u2019ancien magnat de l\u2019automobile Carlos Ghosn.<\/p>\n","protected":false},"excerpt":{"rendered":"Sophia Chikirou, candidate LFI \u00e0 la mairie de Paris, sera jug\u00e9e en mai\u00a02026 pour escroquerie par le tribunal&hellip;\n","protected":false},"author":2,"featured_media":640583,"comment_status":"","ping_status":"","sticky":false,"template":"","format":"standard","meta":{"footnotes":""},"categories":[1888],"tags":[328,1111,1928,11,1927,4188,1777,674,274,1011,27,329,303,12,1926,626,1925,316,25],"class_list":{"0":"post-640582","1":"post","2":"type-post","3":"status-publish","4":"format-standard","5":"has-post-thumbnail","7":"category-paris","8":"tag-a-la-une","9":"tag-actu","10":"tag-actu-paris","11":"tag-actualites","12":"tag-actualites-paris","13":"tag-elections-municipales","14":"tag-eu","15":"tag-europe","16":"tag-faits-divers-justice","17":"tag-fr","18":"tag-france","19":"tag-france-monde","20":"tag-justice","21":"tag-news","22":"tag-news-paris","23":"tag-paris","24":"tag-paris-news","25":"tag-politique","26":"tag-republique-francaise"},"share_on_mastodon":{"url":"https:\/\/pubeurope.com\/@fr\/115837509554691717","error":""},"_links":{"self":[{"href":"https:\/\/www.europesays.com\/fr\/wp-json\/wp\/v2\/posts\/640582","targetHints":{"allow":["GET"]}}],"collection":[{"href":"https:\/\/www.europesays.com\/fr\/wp-json\/wp\/v2\/posts"}],"about":[{"href":"https:\/\/www.europesays.com\/fr\/wp-json\/wp\/v2\/types\/post"}],"author":[{"embeddable":true,"href":"https:\/\/www.europesays.com\/fr\/wp-json\/wp\/v2\/users\/2"}],"replies":[{"embeddable":true,"href":"https:\/\/www.europesays.com\/fr\/wp-json\/wp\/v2\/comments?post=640582"}],"version-history":[{"count":0,"href":"https:\/\/www.europesays.com\/fr\/wp-json\/wp\/v2\/posts\/640582\/revisions"}],"wp:featuredmedia":[{"embeddable":true,"href":"https:\/\/www.europesays.com\/fr\/wp-json\/wp\/v2\/media\/640583"}],"wp:attachment":[{"href":"https:\/\/www.europesays.com\/fr\/wp-json\/wp\/v2\/media?parent=640582"}],"wp:term":[{"taxonomy":"category","embeddable":true,"href":"https:\/\/www.europesays.com\/fr\/wp-json\/wp\/v2\/categories?post=640582"},{"taxonomy":"post_tag","embeddable":true,"href":"https:\/\/www.europesays.com\/fr\/wp-json\/wp\/v2\/tags?post=640582"}],"curies":[{"name":"wp","href":"https:\/\/api.w.org\/{rel}","templated":true}]}}