{"id":640584,"date":"2026-01-04T15:21:14","date_gmt":"2026-01-04T15:21:14","guid":{"rendered":"https:\/\/www.europesays.com\/fr\/640584\/"},"modified":"2026-01-04T15:21:14","modified_gmt":"2026-01-04T15:21:14","slug":"candidate-lfi-a-la-mairie-de-paris-sophia-chikirou-sera-jugee-pour-escroquerie-2","status":"publish","type":"post","link":"https:\/\/www.europesays.com\/fr\/640584\/","title":{"rendered":"Candidate LFI \u00e0 la mairie de Paris, Sophia Chikirou sera jug\u00e9e pour escroquerie"},"content":{"rendered":"<p class=\"mb-4 text-lg md:leading-8 break-words\">Sophia Chikirou, candidate LFI \u00e0 la mairie de Paris, sera jug\u00e9e en mai pour escroquerie par le tribunal correctionnel de Paris, une annonce de proc\u00e8s destin\u00e9e, selon elle, \u00e0 la \u00ab\u00a0salir\u00a0\u00bb avant les municipales de mars.<\/p>\n<p class=\"mb-4 text-lg md:leading-8 break-words\">Pr\u00e9vu le 12 mai, ce proc\u00e8s se penchera sur des faits pr\u00e9sum\u00e9s remontant \u00e0 juillet 2018, a appris dimanche l&rsquo;AFP de source judiciaire, un simple \u00ab\u00a0diff\u00e9rend commercial\u00a0\u00bb d\u00e9j\u00e0 r\u00e9gl\u00e9 selon elle.<\/p>\n<p class=\"mb-4 text-lg md:leading-8 break-words\">Mme Chikirou est soup\u00e7onn\u00e9e d&rsquo;avoir \u00ab\u00a0tent\u00e9 \u00e0 plusieurs reprises de tromper la banque Cr\u00e9dit du Nord\u00a0\u00bb au pr\u00e9judice du site d&rsquo;actualit\u00e9 Le M\u00e9dia, qu&rsquo;elle avait cofond\u00e9. Ses \u00ab\u00a0tentatives\u00a0\u00bb visaient \u00e0 remettre une somme de plus de 67.000 euros \u00e0 Mediascop, la soci\u00e9t\u00e9 de conseil en communication de Mme Chikirou, a pr\u00e9cis\u00e9 la source judiciaire.<\/p>\n<p class=\"mb-4 text-lg md:leading-8 break-words\">Dans ce dossier, les enqu\u00eateurs ont mis en avant \u00ab\u00a0un commencement d&rsquo;ex\u00e9cution\u00a0\u00bb: la pr\u00e9venue est accus\u00e9e de s&rsquo;\u00eatre pr\u00e9sent\u00e9e comme pr\u00e9sidente de la soci\u00e9t\u00e9 Le M\u00e9dia, alors qu&rsquo;elle \u00ab\u00a0n&rsquo;avait plus cette qualit\u00e9\u00a0\u00bb et d&rsquo;avoir demand\u00e9 un virement, finalement non abouti, car il n&rsquo;y avait pas suffisamment d&rsquo;argent sur le compte.<\/p>\n<p class=\"mb-4 text-lg md:leading-8 break-words\">Le virement n&rsquo;a toutefois pas \u00e9t\u00e9 r\u00e9alis\u00e9 car le charg\u00e9 de compte s&rsquo;est \u00ab\u00a0m\u00e9fi\u00e9\u00a0\u00bb au regard \u00ab\u00a0des circonstances particuli\u00e8res de l&rsquo;op\u00e9ration\u00a0\u00bb et que la \u00ab\u00a0nouvelle pr\u00e9sidente\u00a0\u00bb du M\u00e9dia a fait \u00ab\u00a0opposition\u00a0\u00bb. Mme Chikirou doit aussi compara\u00eetre pour avoir \u00ab\u00a0soustrait frauduleusement deux formules de ch\u00e8que\u00a0\u00bb.<\/p>\n<p class=\"mb-4 text-lg md:leading-8 break-words\">&#8211; \u00ab\u00a0Aucun plaignant ni pr\u00e9judice\u00a0\u00bb &#8211;<\/p>\n<p class=\"mb-4 text-lg md:leading-8 break-words\">L&rsquo;annonce du proc\u00e8s a fait bondir Sophia Chikirou, investie par le mouvement de Jean-Luc M\u00e9lenchon comme t\u00eate de liste aux municipales de mars 2026. Elle \u00e9tait la seule candidate.<\/p>\n<p class=\"mb-4 text-lg md:leading-8 break-words\">\u00ab\u00a0Le parquet de Paris d\u00e9cide de me faire un proc\u00e8s en pleine campagne municipale au sujet d&rsquo;une histoire datant de 2018 qui rel\u00e8ve d&rsquo;un diff\u00e9rend commercial entre deux soci\u00e9t\u00e9s\u00a0\u00bb, a r\u00e9agi Sophia Chikirou apr\u00e8s de l&rsquo;AFP.<\/p>\n<p class=\"mb-4 text-lg md:leading-8 break-words\">\u00ab\u00a0Depuis, cette date, les deux soci\u00e9t\u00e9s ont convenu d&rsquo;un accord et ont cess\u00e9 toutes leurs d\u00e9marches\u00a0\u00bb, a-t-elle affirm\u00e9.<\/p>\n<p class=\"mb-4 text-lg md:leading-8 break-words\">\u00ab\u00a0C&rsquo;est donc un proc\u00e8s d\u00e9cid\u00e9 par le minist\u00e8re public pour une affaire o\u00f9 il n&rsquo;y a aucun plaignant ni pr\u00e9judice! L&rsquo;affaire est \u00e9minemment politique et n&rsquo;a pour but que de salir et g\u00eaner ma campagne\u00a0\u00bb, a-t-elle fustig\u00e9.<\/p>\n<p class=\"mb-4 text-lg md:leading-8 break-words\">Pour la formation de Jean-Luc M\u00e9lenchon, l&rsquo;enjeu de ces \u00e9lections est d&rsquo;asseoir sa pr\u00e9sence dans les conseils municipaux, pour cimenter son implantation locale, LFI ne dirigeant actuellement qu&rsquo;une petite poign\u00e9e de villes.<\/p>\n<p class=\"mb-4 text-lg md:leading-8 break-words\">Dans la capitale, la liste LFI concurence celle d&rsquo;Emmanuel Gr\u00e9goire, qui r\u00e9unit les autres partis de la gauche parisienne.<\/p>\n<p class=\"mb-4 text-lg md:leading-8 break-words\">\u00c2g\u00e9e de 46 ans, Sophia Chikirou a grandi en Haute-Savoie dans un milieu populaire. D\u00e9put\u00e9e depuis 2022, conseill\u00e8re r\u00e9gionale, elle s&rsquo;est fait conna\u00eetre en politique en s&rsquo;occupant de la communication des campagnes pr\u00e9sidentielles de Jean-Luc M\u00e9lenchon en 2012 et 2017. Elle est une figure de premier plan de LFI.<\/p>\n<p class=\"mb-4 text-lg md:leading-8 break-words\">En septembre 2024, elle a \u00e9t\u00e9 mise en examen, notamment pour escroquerie aggrav\u00e9e, dans une information judiciaire li\u00e9e aux comptes de campagne 2017 de Jean-Luc M\u00e9lenchon. Les investigations sont en cours et elle conteste les accusations.<\/p>\n<p class=\"mb-4 text-lg md:leading-8 break-words\">La justice soup\u00e7onne Mediascop d&rsquo;avoir surfactur\u00e9 certaines prestations durant cette campagne, soit une possible escroquerie au pr\u00e9judice de l&rsquo;Etat s&rsquo;agissant de d\u00e9penses rembours\u00e9es par l&rsquo;argent public.<\/p>\n<p class=\"mb-4 text-lg md:leading-8 break-words\">Mme Chikirou n&rsquo;est pas la seule aspirante \u00e0 la mairie de Paris, \u00e0 avoir maille \u00e0 partir avec la justice.<\/p>\n<p class=\"mb-4 text-lg md:leading-8 break-words\">La ministre Rachida Dati fait l&rsquo;objet de plusieurs enqu\u00eates, dont l&rsquo;une a conduit en d\u00e9cembre \u00e0 des perquisitions dans sa mairie du 7e arrondissement et \u00e0 ses domiciles.<\/p>\n<p class=\"mb-4 text-lg md:leading-8 break-words\">Surtout, Mme Dati doit compara\u00eetre en septembre 2026 dans un proc\u00e8s pour corruption et trafic d&rsquo;influence, aux c\u00f4t\u00e9s de l&rsquo;ancien magnat de l&rsquo;automobile Carlos Ghosn.<\/p>\n<p class=\"mb-4 text-lg md:leading-8 break-words\">amd-clw\/ng\/clr<\/p>\n","protected":false},"excerpt":{"rendered":"Sophia Chikirou, candidate LFI \u00e0 la mairie de Paris, sera jug\u00e9e en mai pour escroquerie par le tribunal&hellip;\n","protected":false},"author":2,"featured_media":640585,"comment_status":"","ping_status":"","sticky":false,"template":"","format":"standard","meta":{"footnotes":""},"categories":[1888],"tags":[1111,1928,11,1927,1777,674,1011,27,3081,780,2381,12,1926,626,1925,25,18834,34787],"class_list":{"0":"post-640584","1":"post","2":"type-post","3":"status-publish","4":"format-standard","5":"has-post-thumbnail","7":"category-paris","8":"tag-actu","9":"tag-actu-paris","10":"tag-actualites","11":"tag-actualites-paris","12":"tag-eu","13":"tag-europe","14":"tag-fr","15":"tag-france","16":"tag-jean-luc-melenchon","17":"tag-lfi","18":"tag-mairie-de-paris","19":"tag-news","20":"tag-news-paris","21":"tag-paris","22":"tag-paris-news","23":"tag-republique-francaise","24":"tag-sophia-chikirou","25":"tag-tribunal-correctionnel-de-paris"},"share_on_mastodon":{"url":"https:\/\/pubeurope.com\/@fr\/115837513558804634","error":""},"_links":{"self":[{"href":"https:\/\/www.europesays.com\/fr\/wp-json\/wp\/v2\/posts\/640584","targetHints":{"allow":["GET"]}}],"collection":[{"href":"https:\/\/www.europesays.com\/fr\/wp-json\/wp\/v2\/posts"}],"about":[{"href":"https:\/\/www.europesays.com\/fr\/wp-json\/wp\/v2\/types\/post"}],"author":[{"embeddable":true,"href":"https:\/\/www.europesays.com\/fr\/wp-json\/wp\/v2\/users\/2"}],"replies":[{"embeddable":true,"href":"https:\/\/www.europesays.com\/fr\/wp-json\/wp\/v2\/comments?post=640584"}],"version-history":[{"count":0,"href":"https:\/\/www.europesays.com\/fr\/wp-json\/wp\/v2\/posts\/640584\/revisions"}],"wp:featuredmedia":[{"embeddable":true,"href":"https:\/\/www.europesays.com\/fr\/wp-json\/wp\/v2\/media\/640585"}],"wp:attachment":[{"href":"https:\/\/www.europesays.com\/fr\/wp-json\/wp\/v2\/media?parent=640584"}],"wp:term":[{"taxonomy":"category","embeddable":true,"href":"https:\/\/www.europesays.com\/fr\/wp-json\/wp\/v2\/categories?post=640584"},{"taxonomy":"post_tag","embeddable":true,"href":"https:\/\/www.europesays.com\/fr\/wp-json\/wp\/v2\/tags?post=640584"}],"curies":[{"name":"wp","href":"https:\/\/api.w.org\/{rel}","templated":true}]}}