{"id":640597,"date":"2026-01-04T15:28:22","date_gmt":"2026-01-04T15:28:22","guid":{"rendered":"https:\/\/www.europesays.com\/fr\/640597\/"},"modified":"2026-01-04T15:28:22","modified_gmt":"2026-01-04T15:28:22","slug":"un-incendie-provoque-une-panne-massive-et-prive-45-000-foyers-delectricite-a-berlin-al24-news","status":"publish","type":"post","link":"https:\/\/www.europesays.com\/fr\/640597\/","title":{"rendered":"un incendie provoque une panne massive et prive 45 000 foyers d\u2019\u00e9lectricit\u00e9 \u00e0 Berlin \u2013 AL24 News"},"content":{"rendered":"<p><img width=\"4000\" height=\"2667\" src=\"https:\/\/www.europesays.com\/fr\/wp-content\/uploads\/2026\/01\/1767540502_46_b0c5f127-c3bd-4aec-a0a2-3c2d6ef9c2f6.jpg\" class=\"attachment-full size-full wp-post-image\" alt=\"\" is_main_img=\"1\" decoding=\"async\" fetchpriority=\"high\"  \/><\/p>\n<p>\t\t\t\t\t\t\t Police emergency personnel stand at the site of a cable bridge fire in front of the Lichterfelde power plant on the Teltow Canal on January 3, 2026. Tens of thousands of homes in Berlin will be without electricity until Thursday as authorities struggle to repair power cables seriously damaged in a suspected arson attack, officials said. (Photo by Odd ANDERSEN \/ AFP)<\/p>\n<p>Une panne de courant importante a priv\u00e9 environ 45 000 foyers du sud-ouest de Berlin d\u2019\u00e9lectricit\u00e9 depuis samedi matin, dans un contexte de chutes de neige hivernale.<\/p>\n<p>L\u2019incident a \u00e9t\u00e9 caus\u00e9 par un incendie sur un pont \u00e0 c\u00e2bles traversant le canal de Teltow.<\/p>\n<p>Selon Stromnetz Berlin, le gestionnaire du r\u00e9seau, l\u2019incendie, qui a depuis \u00e9t\u00e9 \u00e9teint, a endommag\u00e9 plusieurs c\u00e2bles \u00e9lectriques, entra\u00eenant une panne affectant environ 45.000 clients r\u00e9sidentiels et 2.200 clients commerciaux dans les quartiers de Nikolassee, Zehlendorf, Wannsee et Lichterfelde.<\/p>\n<p>Dans le m\u00eame contexte, les m\u00e9dias allemands ont indiqu\u00e9 que la police et les pompiers sont actuellement en train de mener une op\u00e9ration majeure.<\/p>\n<p>Les r\u00e9parations devraient prendre beaucoup de temps et la police enqu\u00eate sur l\u2019incident, qu\u2019elle soup\u00e7onne \u00eatre un incendie criminel.<\/p>\n<p>Stromnetz Berlin a pour sa part d\u00e9clar\u00e9 sur son site Internet que le r\u00e9tablissement complet du courant pour tous les clients ne pourrait \u00eatre achev\u00e9 que jeudi apr\u00e8s-midi prochain.<\/p>\n","protected":false},"excerpt":{"rendered":"Police emergency personnel stand at the site of a cable bridge fire in front of the Lichterfelde power&hellip;\n","protected":false},"author":2,"featured_media":640598,"comment_status":"","ping_status":"","sticky":false,"template":"","format":"standard","meta":{"footnotes":""},"categories":[1587],"tags":[11,672,1804,1805,1803,1777,674,1801,12,1802],"class_list":{"0":"post-640597","1":"post","2":"type-post","3":"status-publish","4":"format-standard","5":"has-post-thumbnail","7":"category-allemagne","8":"tag-actualites","9":"tag-allemagne","10":"tag-bundesrepublik-deutschland","11":"tag-de","12":"tag-deutschland","13":"tag-eu","14":"tag-europe","15":"tag-germany","16":"tag-news","17":"tag-republique-federale-dallemagne"},"share_on_mastodon":{"url":"https:\/\/pubeurope.com\/@fr\/115837541105953842","error":""},"_links":{"self":[{"href":"https:\/\/www.europesays.com\/fr\/wp-json\/wp\/v2\/posts\/640597","targetHints":{"allow":["GET"]}}],"collection":[{"href":"https:\/\/www.europesays.com\/fr\/wp-json\/wp\/v2\/posts"}],"about":[{"href":"https:\/\/www.europesays.com\/fr\/wp-json\/wp\/v2\/types\/post"}],"author":[{"embeddable":true,"href":"https:\/\/www.europesays.com\/fr\/wp-json\/wp\/v2\/users\/2"}],"replies":[{"embeddable":true,"href":"https:\/\/www.europesays.com\/fr\/wp-json\/wp\/v2\/comments?post=640597"}],"version-history":[{"count":0,"href":"https:\/\/www.europesays.com\/fr\/wp-json\/wp\/v2\/posts\/640597\/revisions"}],"wp:featuredmedia":[{"embeddable":true,"href":"https:\/\/www.europesays.com\/fr\/wp-json\/wp\/v2\/media\/640598"}],"wp:attachment":[{"href":"https:\/\/www.europesays.com\/fr\/wp-json\/wp\/v2\/media?parent=640597"}],"wp:term":[{"taxonomy":"category","embeddable":true,"href":"https:\/\/www.europesays.com\/fr\/wp-json\/wp\/v2\/categories?post=640597"},{"taxonomy":"post_tag","embeddable":true,"href":"https:\/\/www.europesays.com\/fr\/wp-json\/wp\/v2\/tags?post=640597"}],"curies":[{"name":"wp","href":"https:\/\/api.w.org\/{rel}","templated":true}]}}