{"id":640601,"date":"2026-01-04T15:30:24","date_gmt":"2026-01-04T15:30:24","guid":{"rendered":"https:\/\/www.europesays.com\/fr\/640601\/"},"modified":"2026-01-04T15:30:24","modified_gmt":"2026-01-04T15:30:24","slug":"il-a-eu-chaud-cyprien-les-12-coups-de-midi-enchaine-les-mauvaises-reponses-et-frole-lelimination","status":"publish","type":"post","link":"https:\/\/www.europesays.com\/fr\/640601\/","title":{"rendered":"\u201cIl a eu chaud\u201d : Cyprien (Les 12 coups de midi) encha\u00eene les mauvaises r\u00e9ponses et fr\u00f4le l\u2019\u00e9limination"},"content":{"rendered":"<p>Depuis son arriv\u00e9e en septembre dans <a href=\"https:\/\/www.programme-tv.net\/news\/tv\/395158-pour-rien-au-monde-cyprien-devoile-ce-qu-il-n-arretera-jamais-malgre-ses-victoires-dans-les-12-coups-de-midi\/\" data-api-deeplink=\"teleloisirs:\/\/news\/395158\" target=\"_blank\" rel=\"noopener\">Les 12 coups de midi<\/a> sur TF1, Cyprien semble ind\u00e9tr\u00f4nable. Pourtant, en ce d\u00e9but d\u2019ann\u00e9e 2026, il semble marquer des signes de faiblesse. Dans l\u2019\u00e9mission diffus\u00e9e ce dimanche 4 janvier, <a href=\"https:\/\/www.programme-tv.net\/news\/tv\/394938-cyprien-les-12-coups-de-midi-repond-aux-comparaisons-avec-emilien-je-n-ai-pas-du-tout-son-niveau\/\" data-api-deeplink=\"teleloisirs:\/\/news\/394938\" target=\"_blank\" rel=\"noopener\">le jeune musicien <\/a>a inqui\u00e9t\u00e9 en multipliant les erreurs. \u00c0 la question \u201cQui a pour pr\u00e9nom Pierre ?\u201d, il a choisi la proposition : \u201ca peint Le faux miroir\u2019. Malheureusement il s\u2019agissait d\u2019une mauvaise r\u00e9ponse, car ce tableau est de Ren\u00e9 Magritte. Il aurait d\u00fb r\u00e9pondre \u201cchante Rom\u00e9o\u201d, le titre d\u2019une chanson de Pierre de Maere. Comme l\u2019a expliqu\u00e9 Jean-Luc Reichmann, cela l\u2019a mis dans une \u201csituation d\u00e9licate\u201d, \u201cextraordinaire\u201d puisque cela l\u2019a fait passer au rouge. Un \u201cmoment crucial\u201d. Pour tenter de rester dans le jeu, Cyprien a choisi d&rsquo;affronter en duel Fanny, une jeune femme qui a fait onze ann\u00e9es d\u2019\u00e9tudes apr\u00e8s le baccalaur\u00e9at.<\/p>\n<p>\u201cEst-ce que Cyprien va nous quitter ?\u201d, a lanc\u00e9 Jean-Luc Reichmann avec une certaine gravit\u00e9. \u201cIl y a un silence de dingue sur le plateau, car Cyprien est avec nous depuis 107 \u00e9missions\u201d, a poursuivi l\u2019animateur. Les questions ont ensuite continu\u00e9 dans l\u2019univers de la peinture. Les candidats devaient choisir les r\u00e9ponses parmi quatre peintres : Henri Matisse, Vassily Kandinsky, Joan Miro ou Henri Rousseau. Cyprien s\u2019est alors retrouv\u00e9 dans \u201cle flou\u201d. \u201cCyprien, quoi qu\u2019il arrive, j\u2019ai beaucoup aim\u00e9 \u00eatre \u00e0 vos c\u00f4t\u00e9s pour vous accompagner au mieux. C\u2019\u00e9tait un plaisir\u201d, a d\u00e9clar\u00e9 le pr\u00e9sentateur des 12 coups de midi laissant penser que tout pouvait s\u2019arr\u00eater pour<a href=\"https:\/\/www.programme-tv.net\/news\/tv\/395121-je-voulais-m-excuser-aupres-des-equipes-cyprien-les-12-coups-de-midi-fait-amende-honorable-apres-avoir-commis-une-petite-bourde\/\" data-api-deeplink=\"teleloisirs:\/\/news\/395121\" target=\"_blank\" rel=\"noopener\"> l\u2019\u00e9tudiant de 22 ans<\/a>.<\/p>\n<p>Cyprien (Les 12 coups de midi) perturb\u00e9 apr\u00e8s avoir fr\u00f4l\u00e9 l&rsquo;\u00e9limination<\/p>\n<p>Plus de peur que de mal, Fanny, la rivale de Cyprien, a finalement donn\u00e9 une mauvaise r\u00e9ponse lors du duel final, ce qui lui a permis de rester ma\u00eetre de midi. \u201cCyprien continue l\u2019\u00e9mission. Il a la bonne \u00e9toile, car il aurait perdu si on lui avait pos\u00e9 la question\u201d, a soulign\u00e9 Jean-Luc Reichmann, qui a soulign\u00e9 combien son champion \u00ab\u00a0a eu chaud\u00a0\u00bb <\/p>\n<p>Lors du face-\u00e0-face chronom\u00e9tr\u00e9 <a href=\"https:\/\/www.programme-tv.net\/news\/tv\/394253-c-est-hyper-etonnant-cyprien-reagit-au-gros-changement-de-regles-dans-les-12-coups-de-midi-sur-tf1\/\" data-api-deeplink=\"teleloisirs:\/\/news\/394253\" target=\"_blank\" rel=\"noopener\">dont les r\u00e8gles ont r\u00e9cemment chang\u00e9<\/a>, Cyprien s&rsquo;est retrouv\u00e9 face \u00e0 une autre candidate, Gwendoline. Le champion, perturb\u00e9 apr\u00e8s avoir fr\u00f4l\u00e9 l&rsquo;\u00e9limination, \u00e9tait visiblement d\u00e9concentr\u00e9 et a donn\u00e9 plusieurs mauvaises r\u00e9ponses. Il n\u2019a pas pu tenter<a href=\"https:\/\/www.programme-tv.net\/news\/tv\/394860-cyprien-les-12-coups-de-midi-devoile-ce-quil-fait-des-cadeaux-des-etoiles-mysterieuses-je-n-ai-pas-grandi-dans-un-milieu-tres-riche\/\" data-api-deeplink=\"teleloisirs:\/\/news\/394860\" target=\"_blank\" rel=\"noopener\"> l\u2019\u00c9toile myst\u00e9rieuse<\/a>, mais il a quand m\u00eame battu sa rivale et reviendra d\u00e8s ce lundi 5 janvier pour une 108e participation.<\/p>\n<p>Article \u00e9crit en collaboration avec 6Medias<\/p>\n","protected":false},"excerpt":{"rendered":"Depuis son arriv\u00e9e en septembre dans Les 12 coups de midi sur TF1, Cyprien semble ind\u00e9tr\u00f4nable. Pourtant, en&hellip;\n","protected":false},"author":2,"featured_media":640602,"comment_status":"","ping_status":"","sticky":false,"template":"","format":"standard","meta":{"footnotes":""},"categories":[1586],"tags":[11,244,73495,1777,674,1779,1011,27,465,8050,27173,12,25,16241,1778,364,1630],"class_list":{"0":"post-640601","1":"post","2":"type-post","3":"status-publish","4":"format-standard","5":"has-post-thumbnail","7":"category-europe","8":"tag-actualites","9":"tag-commentaire","10":"tag-cyprien-les-12-coups-de-midi","11":"tag-eu","12":"tag-europe","13":"tag-european-union","14":"tag-fr","15":"tag-france","16":"tag-jean-luc-reichmann","17":"tag-les-douze-coups-de-midi","18":"tag-maitre-de-midi","19":"tag-news","20":"tag-republique-francaise","21":"tag-u00e9limination","22":"tag-ue","23":"tag-union-europeenne","24":"tag-zapping"},"share_on_mastodon":{"url":"https:\/\/pubeurope.com\/@fr\/115837548969445604","error":""},"_links":{"self":[{"href":"https:\/\/www.europesays.com\/fr\/wp-json\/wp\/v2\/posts\/640601","targetHints":{"allow":["GET"]}}],"collection":[{"href":"https:\/\/www.europesays.com\/fr\/wp-json\/wp\/v2\/posts"}],"about":[{"href":"https:\/\/www.europesays.com\/fr\/wp-json\/wp\/v2\/types\/post"}],"author":[{"embeddable":true,"href":"https:\/\/www.europesays.com\/fr\/wp-json\/wp\/v2\/users\/2"}],"replies":[{"embeddable":true,"href":"https:\/\/www.europesays.com\/fr\/wp-json\/wp\/v2\/comments?post=640601"}],"version-history":[{"count":0,"href":"https:\/\/www.europesays.com\/fr\/wp-json\/wp\/v2\/posts\/640601\/revisions"}],"wp:featuredmedia":[{"embeddable":true,"href":"https:\/\/www.europesays.com\/fr\/wp-json\/wp\/v2\/media\/640602"}],"wp:attachment":[{"href":"https:\/\/www.europesays.com\/fr\/wp-json\/wp\/v2\/media?parent=640601"}],"wp:term":[{"taxonomy":"category","embeddable":true,"href":"https:\/\/www.europesays.com\/fr\/wp-json\/wp\/v2\/categories?post=640601"},{"taxonomy":"post_tag","embeddable":true,"href":"https:\/\/www.europesays.com\/fr\/wp-json\/wp\/v2\/tags?post=640601"}],"curies":[{"name":"wp","href":"https:\/\/api.w.org\/{rel}","templated":true}]}}