{"id":640615,"date":"2026-01-04T15:41:10","date_gmt":"2026-01-04T15:41:10","guid":{"rendered":"https:\/\/www.europesays.com\/fr\/640615\/"},"modified":"2026-01-04T15:41:10","modified_gmt":"2026-01-04T15:41:10","slug":"cyclisme-route-une-legende-du-cyclisme-australien-va-prendre-sa-retraite-fin-2026","status":"publish","type":"post","link":"https:\/\/www.europesays.com\/fr\/640615\/","title":{"rendered":"Cyclisme. Route &#8211; Une l\u00e9gende du cyclisme australien va prendre sa retraite fin 2026"},"content":{"rendered":"<p>Pour <strong>Amanda Spratt<\/strong>, 2026 sera la derni\u00e8re ann\u00e9e de sa carri\u00e8re de cycliste professionnelle. L\u2019Australienne de 38 ans a annonc\u00e9 sa retraite sportive, mais disputera donc encore une saison sous les couleurs de <a href=\"https:\/\/www.cyclismactu.net\/..\/news-route-geoghegan-hart-l-hiver-de-l-espoir-avant-une-ultime-saison-chez-lidl-trek-91447.html\" target=\"_blank\" rel=\"noopener\"><strong>Lidl-Trek<\/strong><\/a>. C\u2019est l\u2019une des grimpeuses les plus performantes des quinze derni\u00e8res ann\u00e9es qui s\u2019appr\u00eate \u00e0 tirer sa r\u00e9v\u00e9rence. <strong>Spratt <\/strong>n\u2019a jamais \u00e9t\u00e9 une grande \u00ab\u00a0vainqueure\u00a0\u00bb (son palmar\u00e8s compte 21 succ\u00e8s professionnels, ndlr), mais elle a en revanche jou\u00e9 les premiers r\u00f4les dans presque toutes les grandes courses.\u00a0Elle a remport\u00e9 \u00e0 trois reprises le<strong> Tour Down Under<\/strong>, d\u00e9croch\u00e9 des m\u00e9dailles aux <strong>Championnats du monde<\/strong>, est mont\u00e9e sur le podium de grandes classiques comme<strong> Li\u00e8ge-Bastogne-Li\u00e8ge<\/strong> et le <strong>Trofeo Alfredo Binda<\/strong>, et a termin\u00e9 deux fois 3e du classement g\u00e9n\u00e9ral du <strong>Giro d\u2019Italia<\/strong>.<\/p>\n<p>Vid\u00e9o &#8211; Juan Ayuso est lui arriv\u00e9 chez Lidl-Trek en 2026 Lire la suite de l&rsquo;article&#13;<\/p>\n<p>\u00a0<\/p>\n<p>&#13;<br \/>\n\u00ab\u00a0J\u2019aime toujours ce que je fais&#8230;\u00a0\u00bb&#13;<\/p>\n<p>\u00ab\u00a0Je suis toujours motiv\u00e9e et je m\u2019entra\u00eene toujours dur en vue de la saison 2026\u00a0\u00bb, a d\u00e9clar\u00e9 <strong>Amanda Spratt<\/strong>. \u00ab\u00a0Je ne veux pas que ma carri\u00e8re s\u2019\u00e9teigne doucement, je veux continuer \u00e0 faire les efforts n\u00e9cessaires. Je suis encore vraiment motiv\u00e9e et j\u2019aime toujours ce que je fais, donc je veux terminer sur une bonne note. Bien s\u00fbr, j\u2019aimerais gagner une course \u2014 cela fait longtemps que ce n\u2019est pas arriv\u00e9 \u2014 mais surtout, au cours de l\u2019ann\u00e9e \u00e0 venir, j\u2019aimerais \u00eatre un membre vraiment pr\u00e9cieux de l\u2019\u00e9quipe et contribuer \u00e0 de grands r\u00e9sultats pour mes co\u00e9quipiers. Je pense que nous avons construit un groupe enthousiasmant et que nous avons une tr\u00e8s bonne vision \u00e0 court et \u00e0 long terme, ce qui m\u2019enthousiasme \u00e9norm\u00e9ment.<\/p>\n<p>&#13;<\/p>\n<p>\u00ab\u00a0Je suis vraiment reconnaissante envers les personnes qui m\u2019ont entour\u00e9e tout au long de ma carri\u00e8re et, alors que celle-ci touche \u00e0 sa fin avec Lidl-Trek, je pense qu\u2019il est important de le reconna\u00eetre. M\u2019entourer de bonnes personnes a \u00e9t\u00e9 extr\u00eamement important et c\u2019est quelque chose qui a toujours fait la diff\u00e9rence pour moi\u00a0\u00bb, conclut-elle.<\/p>\n","protected":false},"excerpt":{"rendered":"Pour Amanda Spratt, 2026 sera la derni\u00e8re ann\u00e9e de sa carri\u00e8re de cycliste professionnelle. L\u2019Australienne de 38 ans&hellip;\n","protected":false},"author":2,"featured_media":640616,"comment_status":"","ping_status":"","sticky":false,"template":"","format":"standard","meta":{"footnotes":""},"categories":[1411],"tags":[1154,207,211,1011,27,209,60,210,212,208,213],"class_list":{"0":"post-640615","1":"post","2":"type-post","3":"status-publish","4":"format-standard","5":"has-post-thumbnail","7":"category-cyclisme","8":"tag-cycling","9":"tag-cyclisme","10":"tag-ffc","11":"tag-fr","12":"tag-france","13":"tag-route","14":"tag-sports","15":"tag-tour-de-france","16":"tag-uci","17":"tag-velo","18":"tag-world-tour"},"share_on_mastodon":{"url":"https:\/\/pubeurope.com\/@fr\/115837592118014405","error":""},"_links":{"self":[{"href":"https:\/\/www.europesays.com\/fr\/wp-json\/wp\/v2\/posts\/640615","targetHints":{"allow":["GET"]}}],"collection":[{"href":"https:\/\/www.europesays.com\/fr\/wp-json\/wp\/v2\/posts"}],"about":[{"href":"https:\/\/www.europesays.com\/fr\/wp-json\/wp\/v2\/types\/post"}],"author":[{"embeddable":true,"href":"https:\/\/www.europesays.com\/fr\/wp-json\/wp\/v2\/users\/2"}],"replies":[{"embeddable":true,"href":"https:\/\/www.europesays.com\/fr\/wp-json\/wp\/v2\/comments?post=640615"}],"version-history":[{"count":0,"href":"https:\/\/www.europesays.com\/fr\/wp-json\/wp\/v2\/posts\/640615\/revisions"}],"wp:featuredmedia":[{"embeddable":true,"href":"https:\/\/www.europesays.com\/fr\/wp-json\/wp\/v2\/media\/640616"}],"wp:attachment":[{"href":"https:\/\/www.europesays.com\/fr\/wp-json\/wp\/v2\/media?parent=640615"}],"wp:term":[{"taxonomy":"category","embeddable":true,"href":"https:\/\/www.europesays.com\/fr\/wp-json\/wp\/v2\/categories?post=640615"},{"taxonomy":"post_tag","embeddable":true,"href":"https:\/\/www.europesays.com\/fr\/wp-json\/wp\/v2\/tags?post=640615"}],"curies":[{"name":"wp","href":"https:\/\/api.w.org\/{rel}","templated":true}]}}