{"id":640621,"date":"2026-01-04T15:44:10","date_gmt":"2026-01-04T15:44:10","guid":{"rendered":"https:\/\/www.europesays.com\/fr\/640621\/"},"modified":"2026-01-04T15:44:10","modified_gmt":"2026-01-04T15:44:10","slug":"gerard-godet-mene-lenquete-et-epaissit-le-mystere-du-sculpteur-arnold","status":"publish","type":"post","link":"https:\/\/www.europesays.com\/fr\/640621\/","title":{"rendered":"G\u00e9rard Godet m\u00e8ne l\u2019enqu\u00eate et \u00e9paissit le myst\u00e8re du sculpteur Arnold"},"content":{"rendered":"<blockquote><p>Tout ce qui a \u00e9t\u00e9 \u00e9crit ou presque est faux\u00a0\u00bb.<\/p><\/blockquote>\n<p>Ce sculpteur et peintre saintais a fr\u00e9quent\u00e9 le peintre <a href=\"https:\/\/www.sudouest.fr\/culture\/des-peintres-et-des-lieux-de-courbet-a-auguin-la-saintonge-un-berceau-du-paysagisme-4154624.php\" target=\"_blank\" rel=\"follow noopener\">Gustave Courbet<\/a> (1819-1877). Il est cit\u00e9 par le critique d\u2019art Jules-Antoine Castagnary (1830-1888), ami de Courbet \u00e0 l\u2019origine de son s\u00e9jour en Saintonge en 1862. Est-ce cette collaboration qui offre \u00e0 Camille Arnold un vent de notori\u00e9t\u00e9 que lui-m\u00eame n\u2019a pas demand\u00e9 et qui aurait pu donner lieu \u00e0 des raccourcis fantaisistes\u00a0?<\/p>\n<p>G\u00e9rard Godet, d\u00e9pit\u00e9 par l\u2019inexactitude d\u2019\u00e9crits qui faisaient r\u00e9f\u00e9rence, est formel\u00a0: \u00ab\u00a0Tout ce qui a \u00e9t\u00e9 \u00e9crit est faux.\u00a0\u00bb Au fil de ses lectures, il a relev\u00e9 des confusions entre Camille Arnold et ses fils (les fr\u00e8res Arnold), enfants qu\u2019il n\u2019a jamais reconnus\u00a0: Emmanuel Fernand, n\u00e9 en 1847 et mort \u00e0 Pons \u00e0 une date inconnue\u00a0; Antoine \u00ab\u00a0\u00c9mile\u00a0\u00bb Rapha\u00ebl, n\u00e9 en 1848 et mort \u00e0 Tours \u00e0 une date inconnue. Dits \u00ab\u00a0Arnold\u00a0\u00bb, ils \u00e9taient tous les deux sculpteurs et travaillaient avec leur p\u00e8re dans un atelier de la rue de la Souche, \u00e0 Saintes, \u00e0 l\u2019emplacement de la Fabulleuse Savonnerie. La m\u00e8re, Jos\u00e9phine Agla\u00e9 Paris (1818-1875) \u00e9tait institutrice. Ensemble, ils ont aussi eu une fille, Sara.<\/p>\n<p>Recensement et article de presse<\/p>\n<p>\u00c0 Saintes, place de l\u2019Aubarr\u00e9e, la statue de Bernard Palissy est sign\u00e9e \u00ab\u00a0les fr\u00e8res Arnold\u00a0\u00bb. \u00ab\u00a0Jamais avant 1866, ils n\u2019avaient \u00e9t\u00e9 autoris\u00e9s \u00e0 signer ainsi\u00a0\u00bb, souligne G\u00e9rard Godet, assez persuad\u00e9 que le p\u00e8re ne courait pas apr\u00e8s la notori\u00e9t\u00e9 ou la post\u00e9rit\u00e9. \u00ab\u00a0Il \u00e9tait probablement un marginal.\u00a0\u00bb L\u2019unique trace administrative laiss\u00e9e par Camille Arnold est trouvable dans le recensement de Saintes de 1865. L\u2019autre indice provient d\u2019un article de presse de l\u2019\u00e9poque qui indique que l\u2019artiste serait arriv\u00e9 \u00e0 Saintes en 1844. \u00ab\u00a0Il a disparu en 1873\u00a0\u00bb, mort ou volatilis\u00e9.<\/p>\n<p>Et pourquoi s\u2019int\u00e9resser \u00e0 cet \u00e9trange Camille Arnold\u00a0? Passionn\u00e9 de g\u00e9n\u00e9alogie, G\u00e9rard Godet avait h\u00e9rit\u00e9 d\u2019 \u00ab\u00a0un carton de dessins\u00a0\u00bb que son cousin et archiviste \u00e0 l\u2019\u00e9v\u00each\u00e9, Guy Bichon, avait conserv\u00e9. G\u00e9rard Godet d\u00e9couvre alors des dessins d\u2019autels et de pierres tombales. Trois indiquent le n\u00b0\u00a026 de la rue Saint-Eutrope \u00e0 Saintes. L\u2019adresse correspond \u00e0 celle de Justin H\u00e9raud (1831-1904).<\/p>\n<p>La qualit\u00e9 des dessins interpelle Dani\u00e8le et G\u00e9rard Godet, qui se demandent s\u2019il n\u2019a pas \u00e9t\u00e9 l\u2019\u00e9l\u00e8ve d\u2019Arnold, p\u00e8re. Mais quand ces amoureux d\u2019histoire commencent \u00e0 farfouiller, ils sont frapp\u00e9s par le flou qui entoure la biographie du sculpteur. Un fascicule trouv\u00e9 au fonds ancien de Saintes les conduit \u00e0 Cl\u00e9rac et, au sens propre, sous le ma\u00eetre-autel de l\u2019\u00e9glise de la commune. L\u00e0, o\u00f9 sont grav\u00e9s les noms du p\u00e8re et des deux fr\u00e8res, \u00ab\u00a0avec des fautes\u00a0\u00bb. Ce sera le point de d\u00e9part de leur enqu\u00eate.<\/p>\n","protected":false},"excerpt":{"rendered":"Tout ce qui a \u00e9t\u00e9 \u00e9crit ou presque est faux\u00a0\u00bb. Ce sculpteur et peintre saintais a fr\u00e9quent\u00e9 le&hellip;\n","protected":false},"author":2,"featured_media":640622,"comment_status":"","ping_status":"","sticky":false,"template":"","format":"standard","meta":{"footnotes":""},"categories":[1358],"tags":[1348,1384,1385,1386,58,59,1011,27],"class_list":{"0":"post-640621","1":"post","2":"type-post","3":"status-publish","4":"format-standard","5":"has-post-thumbnail","7":"category-arts-et-design","8":"tag-arts","9":"tag-arts-and-design","10":"tag-arts-et-design","11":"tag-design","12":"tag-divertissement","13":"tag-entertainment","14":"tag-fr","15":"tag-france"},"share_on_mastodon":{"url":"https:\/\/pubeurope.com\/@fr\/115837603883249689","error":""},"_links":{"self":[{"href":"https:\/\/www.europesays.com\/fr\/wp-json\/wp\/v2\/posts\/640621","targetHints":{"allow":["GET"]}}],"collection":[{"href":"https:\/\/www.europesays.com\/fr\/wp-json\/wp\/v2\/posts"}],"about":[{"href":"https:\/\/www.europesays.com\/fr\/wp-json\/wp\/v2\/types\/post"}],"author":[{"embeddable":true,"href":"https:\/\/www.europesays.com\/fr\/wp-json\/wp\/v2\/users\/2"}],"replies":[{"embeddable":true,"href":"https:\/\/www.europesays.com\/fr\/wp-json\/wp\/v2\/comments?post=640621"}],"version-history":[{"count":0,"href":"https:\/\/www.europesays.com\/fr\/wp-json\/wp\/v2\/posts\/640621\/revisions"}],"wp:featuredmedia":[{"embeddable":true,"href":"https:\/\/www.europesays.com\/fr\/wp-json\/wp\/v2\/media\/640622"}],"wp:attachment":[{"href":"https:\/\/www.europesays.com\/fr\/wp-json\/wp\/v2\/media?parent=640621"}],"wp:term":[{"taxonomy":"category","embeddable":true,"href":"https:\/\/www.europesays.com\/fr\/wp-json\/wp\/v2\/categories?post=640621"},{"taxonomy":"post_tag","embeddable":true,"href":"https:\/\/www.europesays.com\/fr\/wp-json\/wp\/v2\/tags?post=640621"}],"curies":[{"name":"wp","href":"https:\/\/api.w.org\/{rel}","templated":true}]}}