{"id":640623,"date":"2026-01-04T15:46:12","date_gmt":"2026-01-04T15:46:12","guid":{"rendered":"https:\/\/www.europesays.com\/fr\/640623\/"},"modified":"2026-01-04T15:46:12","modified_gmt":"2026-01-04T15:46:12","slug":"clap-de-fin-pour-cette-emission-emblematique-de-france-televisions-supprimee-apres-32-ans-dantenne","status":"publish","type":"post","link":"https:\/\/www.europesays.com\/fr\/640623\/","title":{"rendered":"Clap de fin pour cette \u00e9mission embl\u00e9matique de France T\u00e9l\u00e9visions, supprim\u00e9e apr\u00e8s 32 ans d&rsquo;antenne"},"content":{"rendered":"<p class=\"ap-StoryElement ap-StoryElement--mb ap-StoryText\">La fin de \u00ab\u00a0Tout le sport\u00a0\u00bb, \u00e9mission mythique de France 3 et r\u00e9f\u00e9rence pour tous les amateurs de sport, marque un v\u00e9ritable tournant sur le service public fran\u00e7ais.<\/p>\n<p class=\"ap-StoryElement ap-StoryElement--mb ap-StoryText\">Lanc\u00e9 en 1993, ce magazine sportif proposait un d\u00e9cryptage de le toute l&rsquo;actualit\u00e9 sportive du lundi au samedi, \u00e0 20\u00a0heures. Une sorte de JT sportif pr\u00e9sent\u00e9 par des figures du journalisme comme Nelson Monfort, G\u00e9rard Holtz, Henri Sannier, C\u00e9line G\u00e9raud, Laurent Luyat, Thomas Thouroude ou encore Fabien Lev\u00eaque.<\/p>\n","protected":false},"excerpt":{"rendered":"La fin de \u00ab\u00a0Tout le sport\u00a0\u00bb, \u00e9mission mythique de France 3 et r\u00e9f\u00e9rence pour tous les amateurs de&hellip;\n","protected":false},"author":2,"featured_media":640624,"comment_status":"","ping_status":"","sticky":false,"template":"","format":"standard","meta":{"footnotes":""},"categories":[1356],"tags":[74727,58,59,1011,27,1227,3753,252,1364],"class_list":{"0":"post-640623","1":"post","2":"type-post","3":"status-publish","4":"format-standard","5":"has-post-thumbnail","7":"category-television","8":"tag-budgets","9":"tag-divertissement","10":"tag-entertainment","11":"tag-fr","12":"tag-france","13":"tag-horizontal","14":"tag-mass-media","15":"tag-television","16":"tag-tv"},"share_on_mastodon":{"url":"https:\/\/pubeurope.com\/@fr\/115837611871650031","error":""},"_links":{"self":[{"href":"https:\/\/www.europesays.com\/fr\/wp-json\/wp\/v2\/posts\/640623","targetHints":{"allow":["GET"]}}],"collection":[{"href":"https:\/\/www.europesays.com\/fr\/wp-json\/wp\/v2\/posts"}],"about":[{"href":"https:\/\/www.europesays.com\/fr\/wp-json\/wp\/v2\/types\/post"}],"author":[{"embeddable":true,"href":"https:\/\/www.europesays.com\/fr\/wp-json\/wp\/v2\/users\/2"}],"replies":[{"embeddable":true,"href":"https:\/\/www.europesays.com\/fr\/wp-json\/wp\/v2\/comments?post=640623"}],"version-history":[{"count":0,"href":"https:\/\/www.europesays.com\/fr\/wp-json\/wp\/v2\/posts\/640623\/revisions"}],"wp:featuredmedia":[{"embeddable":true,"href":"https:\/\/www.europesays.com\/fr\/wp-json\/wp\/v2\/media\/640624"}],"wp:attachment":[{"href":"https:\/\/www.europesays.com\/fr\/wp-json\/wp\/v2\/media?parent=640623"}],"wp:term":[{"taxonomy":"category","embeddable":true,"href":"https:\/\/www.europesays.com\/fr\/wp-json\/wp\/v2\/categories?post=640623"},{"taxonomy":"post_tag","embeddable":true,"href":"https:\/\/www.europesays.com\/fr\/wp-json\/wp\/v2\/tags?post=640623"}],"curies":[{"name":"wp","href":"https:\/\/api.w.org\/{rel}","templated":true}]}}