{"id":640634,"date":"2026-01-04T15:53:27","date_gmt":"2026-01-04T15:53:27","guid":{"rendered":"https:\/\/www.europesays.com\/fr\/640634\/"},"modified":"2026-01-04T15:53:27","modified_gmt":"2026-01-04T15:53:27","slug":"micro-rgb-rgb-mini-led-hdr10-advanced-et-dolby-vision-2-ces-technologies-qui-veulent-reinventer-limage-frandroid","status":"publish","type":"post","link":"https:\/\/www.europesays.com\/fr\/640634\/","title":{"rendered":"Micro RGB, RGB Mini\u2011LED, HDR10+ Advanced et Dolby Vision 2, ces technologies qui veulent r\u00e9inventer l\u2019image \u2014 Frandroid"},"content":{"rendered":"<p>Une fois n\u2019est pas coutume, le CES 2026 s\u2019annonce comme un tournant pour le march\u00e9 des t\u00e9l\u00e9viseurs. Le salon de Las Vegas verra le renforcement et l\u2019\u00e9largissement des technologies Micro RGB, RGB Mini\u2011LED et l\u2019arriv\u00e9e de nouveaux formats HDR comme Dolby Vision 2 et HDR10+ Advanced. Voici ce qui vous attend pour 2026.<\/p>\n<p><a href=\"https:\/\/images.frandroid.com\/wp-content\/uploads\/2025\/12\/samsung-micro-rgb-presentation-angle.jpg\" target=\"_blank\" class=\"article-content__figure\" rel=\"noopener\"><img fetchpriority=\"high\" decoding=\"async\" loading=\"eager\" width=\"1200\" height=\"729\" src=\"https:\/\/www.europesays.com\/fr\/wp-content\/uploads\/2026\/01\/samsung-micro-rgb-presentation-angle.jpg\" alt=\"\" class=\"wp-image-2912549 wp-image wp-image\"  \/><\/a>Samsung TV Micro RGB 2026 \/\/ Source : Samsung<\/p>\n<p>Alors qu\u2019on pense toujours que le march\u00e9 ne va pas proposer de nouvelles choses int\u00e9ressantes, on est finalement \u00e9tonn\u00e9 d\u2019ann\u00e9e en ann\u00e9e par les prouesses technologiques r\u00e9alis\u00e9es par les diff\u00e9rentes marques pour aller de l\u2019avant et offrir de <a href=\"https:\/\/www.frandroid.com\/guide-dachat\/guides-dachat-tv\/508152_quelle-television-4k-choisir-la-selection-de-la-redaction\" target=\"_blank\" rel=\"noopener\">meilleurs TV<\/a> toujours plus perfectionn\u00e9s et d\u00e9tonants.<\/p>\n<p>\u00c0 n\u2019en point douter, 2026 sera une ann\u00e9e charni\u00e8re pour le march\u00e9 des t\u00e9l\u00e9viseurs puisque, pour la premi\u00e8re fois, les mod\u00e8les LCD premium ne se contenteront plus de courir derri\u00e8re l\u2019OLED : ils vont revendiquer une identit\u00e9 propre, centr\u00e9e sur une luminosit\u00e9 extr\u00eame, la couverture quasi totale des espaces colorim\u00e9triques pour offrir une palette de couleurs jamais atteinte et une gestion de la lumi\u00e8re au niveau quasi pixel.\u200b<\/p>\n<p>Micro RGB et RGB Mini\u2011LED, la nouvelle \u00e9lite des LCD<\/p>\n<p>En 2026, le haut de gamme LCD ne se r\u00e9sume plus au \u00ab\u00a0simple\u00a0\u00bb r\u00e9tro\u00e9clairage Mini\u2011LED, mais bascule vers des architectures Micro RGB (<a href=\"https:\/\/www.frandroid.com\/produits\/samsung\" target=\"_blank\" rel=\"noopener\">Samsung<\/a> et <a href=\"https:\/\/www.frandroid.com\/produits\/lg\" target=\"_blank\" rel=\"noopener\">LG<\/a>) et RGB Mini\u2011LED (<a href=\"https:\/\/www.frandroid.com\/produits\/hisense\" target=\"_blank\" rel=\"noopener\">Hisense<\/a>, <a href=\"https:\/\/www.frandroid.com\/produits\/sony\" target=\"_blank\" rel=\"noopener\">Sony<\/a>, <a href=\"https:\/\/www.frandroid.com\/produits\/tcl\" target=\"_blank\" rel=\"noopener\">TCL<\/a>), o\u00f9 chaque zone de r\u00e9tro\u00e9clairage int\u00e8gre des sous\u2011pixels rouge, vert et bleu pour un contr\u00f4le bien plus fin du spectre lumineux. <\/p>\n<p><a href=\"https:\/\/images.frandroid.com\/wp-content\/uploads\/2025\/12\/samsung-micro-rgb-vs-mini-led-vs-led.jpg\" target=\"_blank\" class=\"article-content__figure\" rel=\"noopener\"><img loading=\"lazy\" decoding=\"async\" width=\"1200\" height=\"533\" src=\"https:\/\/www.europesays.com\/fr\/wp-content\/uploads\/2026\/01\/samsung-micro-rgb-vs-mini-led-vs-led-1200x533.jpg\" alt=\"\" class=\"wp-image-2915353 wp-image\"  \/><\/a><\/p>\n<p>Cette technologie permet d\u2019augmenter \u00e0 la fois le volume de couleur, mais aussi le pic de luminosit\u00e9, tout en r\u00e9duisant le blooming autour des objets tr\u00e8s contrast\u00e9s, ce qui rapproche le rendu HDR d\u2019un \u00e9cran de mastering tout en conservant les diagonales g\u00e9antes et les prix plus contenus que le Micro LED natif ou l\u2019OLED (aujourd\u2019hui limit\u00e9 \u00e0 98 pouces, tr\u00e8s cher).\u200b<\/p>\n<p><a href=\"https:\/\/images.frandroid.com\/wp-content\/uploads\/2025\/01\/hisense-rgb-retroeclairage-demo.jpg\" target=\"_blank\" class=\"article-content__figure\" rel=\"noopener\"><img loading=\"lazy\" decoding=\"async\" width=\"1200\" height=\"734\" src=\"https:\/\/www.europesays.com\/fr\/wp-content\/uploads\/2026\/01\/hisense-rgb-retroeclairage-demo-1200x734.jpg\" alt=\"\" class=\"wp-image-2464790 wp-image\"  \/><\/a>TV Hisense avec syst\u00e8me de r\u00e9tro\u00e9clairage Mini LED RGB \/\/ Source : Sylvain Pichot \u2013 Frandroid<\/p>\n<p>Aujourd\u2019hui, tous les plus grands acteurs du march\u00e9 des t\u00e9l\u00e9viseurs se sont positionn\u00e9s clairement sur ce segment strat\u00e9gique. Ils ont, en amont du <a href=\"https:\/\/www.frandroid.com\/events\/ces\" target=\"_blank\" rel=\"noopener\">CES 2026<\/a>, ou vont annoncer <a href=\"https:\/\/www.frandroid.com\/marques\/hisense\/2916337_des-tv-rgb-miniled-de-55-pouces-et-plus-des-le-second-trimestre-2026-chez-hisense-en-france\" target=\"_blank\" rel=\"noopener\">des gammes compl\u00e8tes RGB Mini\u2011LED \u00e0 l\u2019image de Hisense<\/a> et <a href=\"https:\/\/www.frandroid.com\/marques\/samsung\/2912445_des-tv-micro-rgb-a-partir-de-55-pouces-chez-samsung-des-2026\" target=\"_blank\" rel=\"noopener\">Micro RGB pour Samsung<\/a>, mais <a href=\"https:\/\/www.frandroid.com\/marques\/lg\/2911033_lg-devoilera-ses-premiers-televiseurs-micro-rgb-evo-en-trois-tailles-au-ces-2026\" target=\"_blank\" rel=\"noopener\">aussi chez LG<\/a>. <a href=\"https:\/\/www.frandroid.com\/marques\/sony\/2896731_depot-de-la-marque-true-rgb-et-fuite-des-gammes-tv-de-sony-pour-2026\" target=\"_blank\" rel=\"noopener\">Chez Sony, des indiscr\u00e9tions ont r\u00e9cemment fuit\u00e9<\/a>.<\/p>\n<p><a href=\"https:\/\/images.frandroid.com\/wp-content\/uploads\/2025\/12\/lg-micro-rgb-evo-lifestyle.jpg\" target=\"_blank\" class=\"article-content__figure\" rel=\"noopener\"><img loading=\"lazy\" decoding=\"async\" width=\"1200\" height=\"730\" src=\"https:\/\/www.europesays.com\/fr\/wp-content\/uploads\/2026\/01\/lg-micro-rgb-evo-lifestyle-1200x730.jpg\" alt=\"\" class=\"wp-image-2911035 wp-image\"  \/><\/a>LG TV Micro RGB Evo lifestyle \/\/ Source : LG<\/p>\n<p>Celles-ci seront mises en avant comme des TV relativement accessibles, m\u00eame si on attend, \u00e0 l\u2019heure de l\u2019\u00e9criture de ces lignes, de conna\u00eetre les prix et non plus comme des vitrines technologiques \u00e0 l\u2019image des TV <a href=\"https:\/\/www.frandroid.com\/marques\/samsung\/2915329_on-a-vu-le-tv-samsung-micro-rgb-de-115-pouces-une-parfaite-maitrise-de-la-technologie-de-demain-avec-des-mesures-impressionnantes\" target=\"_blank\" rel=\"noopener\">Samsung 115MR95F de 115 pouces<\/a> et <a href=\"https:\/\/www.frandroid.com\/marques\/hisense\/2904157_prise-en-main-du-tv-geant-de-116-pouces-hisense-116ux-le-televiseur-lcd-de-tous-les-records\" target=\"_blank\" rel=\"noopener\">Hisense 116UX de 116 pouces<\/a> dont les tarifs les r\u00e9servent \u00e0 un public fortun\u00e9 car il faut compter a minima 15 000 euros.<\/p>\n<p><a href=\"https:\/\/images.frandroid.com\/wp-content\/uploads\/2025\/01\/hisense-116ux-salon.jpg\" target=\"_blank\" class=\"article-content__figure\" rel=\"noopener\"><img loading=\"lazy\" decoding=\"async\" width=\"1200\" height=\"795\" src=\"https:\/\/www.europesays.com\/fr\/wp-content\/uploads\/2025\/11\/hisense-116ux-salon-1200x795.jpg\" alt=\"\" class=\"wp-image-2464788 wp-image\"  \/><\/a>Hisense 116UX \/\/ Source : Sylvain Pichot \/ Frandroid<\/p>\n<p>L\u2019objectif est double : rassurer les amateurs d\u2019OLED sur la capacit\u00e9 des LCD \u00e0 suivre sur la fid\u00e9lit\u00e9 colorim\u00e9trique, et s\u00e9duire les utilisateurs en qu\u00eate d\u2019une image extr\u00eamement lumineuse pour les salons tr\u00e8s \u00e9clair\u00e9s, le sport et le jeu vid\u00e9o comp\u00e9titif.\u200b<\/p>\n<p>OLED 2026 : plus lumineux, plus grand, mais aussi plus petit et plus cibl\u00e9<\/p>\n<p>Face \u00e0 cette mont\u00e9e en puissance du LCD premium, l\u2019OLED ne dispara\u00eet bien \u00e9videmment pas, au contraire, mais se recentre encore davantage sur le cin\u00e9ma \u00e0 domicile et les exp\u00e9riences immersives haut de gamme. Les g\u00e9n\u00e9rations 2026 de dalles OLED, notamment chez <a href=\"https:\/\/www.frandroid.com\/marques\/lg\/2890137_les-televiseurs-lg-qned86-et-qned85-2026-obtiennent-une-certification-cle-apres-les-c6-et-g6\" target=\"_blank\" rel=\"noopener\">LG<\/a>, misent sur des <a href=\"https:\/\/www.frandroid.com\/marques\/lg\/2917695_lg-display-fait-la-difference-entre-les-tv-et-les-moniteurs-avec-les-appellations-tandem-woled-et-tandem-oled\" target=\"_blank\" rel=\"noopener\">structures tandem et Primary RGB<\/a> pour augmenter la luminosit\u00e9 tout en am\u00e9liorant la stabilit\u00e9 des couleurs.\u200b <a href=\"https:\/\/www.frandroid.com\/marques\/samsung\/2886193_tv-samsung-oled-s95h-s90h-et-s85h-des-fuites-dessinent-la-gamme-2026\" target=\"_blank\" rel=\"noopener\">Samsung devrait proposer des mod\u00e8les tr\u00e8s int\u00e9ressants<\/a>. <\/p>\n<p><a href=\"https:\/\/images.frandroid.com\/wp-content\/uploads\/2025\/12\/lg-display-logo-tandem-woled-et-tandem-oled.jpg\" target=\"_blank\" class=\"article-content__figure\" rel=\"noopener\"><img loading=\"lazy\" decoding=\"async\" width=\"1200\" height=\"764\" src=\"https:\/\/www.europesays.com\/fr\/wp-content\/uploads\/2026\/01\/lg-display-logo-tandem-woled-et-tandem-oled-1200x764.jpg\" alt=\"\" class=\"wp-image-2917703 wp-image\"  \/><\/a>LG Display technologies Tandem WOLED et Tandem OLED<\/p>\n<p>Cette ann\u00e9e, des t\u00e9l\u00e9viseurs de grande taille, mais aussi des mod\u00e8les beaucoup plus modestes pourraient \u00eatre disponibles afin de tenter de s\u00e9duire un public plus large non seulement avec un nivellement par le bas avec des prix plus abordables, mais aussi par le haut pour un spectacle plus immersif.<\/p>\n<p>\u00c0 titre de comparaison, retenez que l\u2019OLED incarne le contraste absolu et la puret\u00e9 des noirs, tandis que Micro RGB et RGB Mini\u2011LED misent sur la performance brute en HDR et la polyvalence en environnement lumineux.<\/p>\n<p>Ce qui se joue au CES 2026<\/p>\n<p>Le CES 2026 devient la sc\u00e8ne o\u00f9 cette nouvelle cartographie du march\u00e9 se met officiellement en place, avec des pr\u00e9sentations centr\u00e9es sur la qu\u00eate d\u2019une couleur \u00ab parfaite \u00bb et d\u2019un HDR plus r\u00e9aliste. Les stands des grands constructeurs vont mettre en avant des d\u00e9monstrations spectaculaires de Micro RGB et de RGB Mini\u2011LED sur des contenus HDR, avec des pointes de luminosit\u00e9 \u00e0 plusieurs milliers de cd\/m\u00b2 et des d\u00e9monstrations de couverture quasi int\u00e9grale de l\u2019espace BT.2020, l\u00e0 o\u00f9 le DCI\u2011P3 ne suffit plus \u00e0 impressionner.\u200b<\/p>\n<p><img class=\"wp-image\" decoding=\"async\" src=\"https:\/\/www.europesays.com\/fr\/wp-content\/uploads\/2026\/01\/samsung-pem-115mr95f-details-053.jpg\" alt=\"\"\/><\/p>\n<p>Dans ce contexte, les nouvelles gammes Micro RGB joueront le r\u00f4le de locomotives d\u2019image, avec un discours marketing qui rapprochera ces t\u00e9l\u00e9viseurs des moniteurs de mastering cin\u00e9ma et des \u00e9crans de post\u2011production. <\/p>\n<p>L\u2019enjeu n\u2019est plus seulement de proposer un contraste flatteur en magasin, mais de revendiquer une fid\u00e9lit\u00e9 colorim\u00e9trique et une dynamique adapt\u00e9es aux contenus Dolby Vision et HDR10+ de nouvelle g\u00e9n\u00e9ration que les plateformes de streaming commenceront \u00e0 adopter progressivement.\u200b<\/p>\n<p>\u00c9volutions d\u2019usage : HDR10+ Advanced, Dolby Vision 2, gaming et design<\/p>\n<p>L\u2019un des basculements les plus importants de 2026 se joue au niveau des usages : le HDR sort de la simple logique de \u00ab plus de luminosit\u00e9 \u00bb pour devenir un terrain de jeu en mati\u00e8re d\u2019analyse de la sc\u00e8ne, de mouvement et d\u2019adaptation \u00e0 l\u2019\u00e9cran. Ainsi, le format <a href=\"https:\/\/www.frandroid.com\/produits-android\/tv-connectee-produits\/2779507_le-dolby-vision-2-quest-ce-que-cela-change-pour-la-qualite-dimage-en-hdr-pour-votre-tv\" target=\"_blank\" rel=\"noopener\">Dolby Vision 2, annonc\u00e9 lors du salon IFA 2025<\/a>, illustre parfaitement ce tournant, avec un moteur de m\u00e9tadonn\u00e9es plus fin, un mappage de tons bidirectionnel et des profils adapt\u00e9s aux t\u00e9l\u00e9viseurs tr\u00e8s lumineux, en particulier les nouveaux LCD Micro RGB et RGB Mini\u2011LED, qui peuvent exploiter pleinement les plafonds de luminance plus \u00e9lev\u00e9s sans \u00e9craser les d\u00e9tails.\u200b<\/p>\n<p><a href=\"https:\/\/www.europesays.com\/fr\/wp-content\/uploads\/2025\/11\/dolby-vision-2-intro.jpg\" target=\"_blank\" class=\"article-content__figure\"><img loading=\"lazy\" decoding=\"async\" width=\"1200\" height=\"675\" src=\"https:\/\/www.europesays.com\/fr\/wp-content\/uploads\/2025\/11\/dolby-vision-2-intro.jpg\" alt=\"\" class=\"wp-image-2779517 wp-image\"  \/><\/a>Dolby Vision 2 \/\/ Source : Dolby Laboratories<\/p>\n<p>En outre, rappelons que le format Dolby Vision 2 introduit aussi une gestion du mouvement plus sophistiqu\u00e9e, avec un module orient\u00e9 vers une fluidit\u00e9 mieux contr\u00f4l\u00e9e sc\u00e8ne par sc\u00e8ne, pens\u00e9 pour limiter l\u2019\u00ab effet cam\u00e9scope \u00bb tout en pr\u00e9servant la lisibilit\u00e9 des contenus sportifs et des jeux vid\u00e9o rapides.<\/p>\n<p>En parall\u00e8le, le <a href=\"https:\/\/www.frandroid.com\/marques\/samsung\/2852043_hdr10-advanced-a-lassaut-du-dolby-vision-2\" target=\"_blank\" rel=\"noopener\">format HDR10+ Advanced<\/a>, pouss\u00e9 notamment par Samsung et annonc\u00e9 officiellement quelques semaines apr\u00e8s Dolby, se pr\u00e9sente comme une r\u00e9ponse ouverte \u00e0 cette nouvelle vague HDR, avec des m\u00e9tadonn\u00e9es dynamiques plus \u00e9volu\u00e9es et une volont\u00e9 de f\u00e9d\u00e9rer constructeurs et diffuseurs qui ne souhaitent pas d\u00e9pendre d\u2019une solution propri\u00e9taire.\u200b<\/p>\n<p><a href=\"https:\/\/images.frandroid.com\/wp-content\/uploads\/2025\/11\/samsung-hdr10-advanced-demo10.jpg\" target=\"_blank\" class=\"article-content__figure\" rel=\"noopener\"><img loading=\"lazy\" decoding=\"async\" width=\"1200\" height=\"637\" src=\"https:\/\/www.europesays.com\/fr\/wp-content\/uploads\/2026\/01\/samsung-hdr10-advanced-demo10-1200x637.jpg\" alt=\"\" class=\"wp-image-2852063 wp-image\"  \/><\/a>HDR10+ Advanced comparaison \/\/ Source : Sylvain Pichot \u2013 Frandroid<\/p>\n<p class=\"shortcode-container see-more\">\n    Pour aller plus loin<br \/><a href=\"https:\/\/www.frandroid.com\/produits-android\/tv-connectee-produits\/2854873_hdr10-advanced-vs-dolby-vision-2-quelle-est-la-meilleure-experience-hdr\" target=\"_blank\" rel=\"noopener\">HDR10+ Advanced vs Dolby Vision 2 : quelle est la meilleure exp\u00e9rience HDR ?<\/a>\n            <\/p>\n<p>Enfin, toujours en termes d\u2019usages, le gaming restera un autre axe cl\u00e9 de l\u2019\u00e9volution des t\u00e9l\u00e9viseurs en 2026, avec la g\u00e9n\u00e9ralisation du 4K 120 \u00e0 144 Hz, du VRR et de l\u2019ALLM sur le milieu et le haut de gamme, mais aussi l\u2019arriv\u00e9e d\u2019upscaling et de compensation de mouvement pilot\u00e9s par l\u2019IA, sp\u00e9cifiquement adapt\u00e9s aux jeux.<\/p>\n<p><a href=\"https:\/\/images.frandroid.com\/wp-content\/uploads\/2022\/06\/maxresdefault-10.jpg\" target=\"_blank\" class=\"article-content__figure\" rel=\"noopener\"><img loading=\"lazy\" decoding=\"async\" width=\"1200\" height=\"675\" src=\"https:\/\/www.europesays.com\/fr\/wp-content\/uploads\/2026\/01\/maxresdefault-10-1200x675.jpg\" alt=\"\" class=\"wp-image-2409537 wp-image\"  \/><\/a><\/p>\n<p>Les t\u00e9l\u00e9viseurs de 2026 se positionneront ainsi comme de v\u00e9ritables moniteurs g\u00e9ants pour les consoles et les PC, capables de g\u00e9rer \u00e0 la fois les signaux HDR complexes et les besoins de latence minimale, tout en proposant des interfaces sp\u00e9cifiques int\u00e9grant des services de cloud gaming et profils d\u2019image d\u00e9di\u00e9s avec la possibilit\u00e9 de jouer directement avec une manette, voire un <a href=\"https:\/\/www.frandroid.com\/marques\/lg\/2922961_vous-avez-une-tv-lg-cette-nouvelle-application-transforme-votre-smartphone-en-manette-de-jeu\" target=\"_blank\" rel=\"noopener\">smartphone comme l\u2019a r\u00e9cemment annonc\u00e9 LG<\/a>.\u200b<\/p>\n<p>Qu\u2019attendre du design des t\u00e9l\u00e9viseurs de 2026\u00a0?<\/p>\n<p>Sur le plan du design, 2026 verra \u00e9galement une mont\u00e9e en puissance des diagonales de 75 \u00e0 100 pouces, devenues plus abordables gr\u00e2ce \u00e0 la maturit\u00e9 du Mini\u2011LED et du RGB Mini\u2011LED. En outre, les t\u00e9l\u00e9viseurs\u2011tableaux, pens\u00e9s pour s\u2019int\u00e9grer comme des objets d\u00e9coratifs sont de plus en plus aboutis techniquement, permettant ainsi de rivaliser avec des mod\u00e8les classiques. <\/p>\n<p><a href=\"https:\/\/images.frandroid.com\/wp-content\/uploads\/2025\/12\/lg-tv-gallery-tv-ai-with-frame-lifestyle-ces-2026.jpg\" target=\"_blank\" class=\"article-content__figure\" rel=\"noopener\"><img loading=\"lazy\" decoding=\"async\" width=\"1200\" height=\"673\" src=\"https:\/\/www.europesays.com\/fr\/wp-content\/uploads\/2026\/01\/lg-tv-gallery-tv-ai-with-frame-lifestyle-ces-2026-1200x673.jpg\" alt=\"\" class=\"wp-image-2922693 wp-image\"  \/><\/a>T\u00e9l\u00e9viseur LG Gallery TV \/\/ Source : LG<\/p>\n<p>Ils b\u00e9n\u00e9ficient, en plus, de traitements anti\u2011reflets, ce qui rend enfin cr\u00e9dible l\u2019id\u00e9e d\u2019un \u00e9cran g\u00e9ant \u00e0 la fois pi\u00e8ce ma\u00eetresse du salon et objet discret lorsqu\u2019il affiche des \u0153uvres ou des contenus ambiants. <a href=\"https:\/\/www.frandroid.com\/marques\/lg\/2922691_lg-revient-sur-le-marche-des-televiseurs-artistiques-avec-le-gallery-tv\" target=\"_blank\" rel=\"noopener\">LG a ainsi annonc\u00e9 une gamme de 55 et 65 pouces, les Gallery TV qui seront expos\u00e9s au CES 2026<\/a>.\u200b<\/p>\n<p>Enfin, pour r\u00e9pondre aux demandes croissantes de modularit\u00e9, on peut s\u2019attendre aussi \u00e0 ce que de plus en plus de mod\u00e8les embarquent des solutions sans fil, pour les TV les plus haut de gamme et avec diff\u00e9rentes possibilit\u00e9s de configuration des pieds pour installer une barre de son devant ou pas.<\/p>\n<p class=\"title\">\n            Retrouvez toutes les nouveaut\u00e9s du             <a href=\"https:\/\/www.frandroid.com\/events\/ces\" target=\"_blank\" rel=\"noopener\"><br \/>\n                CES 2026            <\/a>\n        <\/p>\n","protected":false},"excerpt":{"rendered":"Une fois n\u2019est pas coutume, le CES 2026 s\u2019annonce comme un tournant pour le march\u00e9 des t\u00e9l\u00e9viseurs. Le&hellip;\n","protected":false},"author":2,"featured_media":640635,"comment_status":"","ping_status":"","sticky":false,"template":"","format":"standard","meta":{"footnotes":""},"categories":[6],"tags":[35,73358,33,34,1011,27],"class_list":{"0":"post-640634","1":"post","2":"type-post","3":"status-publish","4":"format-standard","5":"has-post-thumbnail","7":"category-economie","8":"tag-business","9":"tag-ces-2026","10":"tag-economie","11":"tag-economy","12":"tag-fr","13":"tag-france"},"share_on_mastodon":{"url":"https:\/\/pubeurope.com\/@fr\/115837639753766567","error":""},"_links":{"self":[{"href":"https:\/\/www.europesays.com\/fr\/wp-json\/wp\/v2\/posts\/640634","targetHints":{"allow":["GET"]}}],"collection":[{"href":"https:\/\/www.europesays.com\/fr\/wp-json\/wp\/v2\/posts"}],"about":[{"href":"https:\/\/www.europesays.com\/fr\/wp-json\/wp\/v2\/types\/post"}],"author":[{"embeddable":true,"href":"https:\/\/www.europesays.com\/fr\/wp-json\/wp\/v2\/users\/2"}],"replies":[{"embeddable":true,"href":"https:\/\/www.europesays.com\/fr\/wp-json\/wp\/v2\/comments?post=640634"}],"version-history":[{"count":0,"href":"https:\/\/www.europesays.com\/fr\/wp-json\/wp\/v2\/posts\/640634\/revisions"}],"wp:featuredmedia":[{"embeddable":true,"href":"https:\/\/www.europesays.com\/fr\/wp-json\/wp\/v2\/media\/640635"}],"wp:attachment":[{"href":"https:\/\/www.europesays.com\/fr\/wp-json\/wp\/v2\/media?parent=640634"}],"wp:term":[{"taxonomy":"category","embeddable":true,"href":"https:\/\/www.europesays.com\/fr\/wp-json\/wp\/v2\/categories?post=640634"},{"taxonomy":"post_tag","embeddable":true,"href":"https:\/\/www.europesays.com\/fr\/wp-json\/wp\/v2\/tags?post=640634"}],"curies":[{"name":"wp","href":"https:\/\/api.w.org\/{rel}","templated":true}]}}