{"id":640636,"date":"2026-01-04T15:55:11","date_gmt":"2026-01-04T15:55:11","guid":{"rendered":"https:\/\/www.europesays.com\/fr\/640636\/"},"modified":"2026-01-04T15:55:11","modified_gmt":"2026-01-04T15:55:11","slug":"trois-victimes-ont-ete-transportees-a-lhopital-une-personne-entre-la-vie-et-la-mort-apres-un-accident-de-la-route-sur-la-rn-20","status":"publish","type":"post","link":"https:\/\/www.europesays.com\/fr\/640636\/","title":{"rendered":"\u00ab\u00a0Trois victimes ont \u00e9t\u00e9 transport\u00e9es \u00e0 l\u2019h\u00f4pital\u00a0\u00bb\u00a0: une personne entre la vie et la mort apr\u00e8s un accident de la route sur la RN 20"},"content":{"rendered":"<p>\n                                                                    l&rsquo;essentiel<br \/>\n                                                                Un accident sur la RN 20 en Ari\u00e8ge a mobilis\u00e9 treize sapeurs-pompiers, le Samu et la gendarmerie. Trois personnes ont \u00e9t\u00e9 hospitalis\u00e9es, dont une en urgence absolue. La circulation a \u00e9t\u00e9 temporairement interrompue.\n                            <\/p>\n<p>Dimanche 4\u00a0janvier 2026, dans la matin\u00e9e, treize sapeurs-pompiers, le SAMU et la gendarmerie sont intervenus en urgence \u00e0 Lassur, en Ari\u00e8ge. En cause, un choc entre deux v\u00e9hicules l\u00e9gers s\u2019\u00e9tait produit sur la RN 20, route particuli\u00e8rement accidentog\u00e8ne du d\u00e9partement. \u00ab\u00a0Trois victimes ont \u00e9t\u00e9 prises en charge puis transport\u00e9es \u00e0 l\u2019h\u00f4pital [au CHIVA (centre hospitalier intercommunal des vall\u00e9es de l\u2019Ari\u00e8ge), NDLR]\u00a0\u00bb, indique le service d\u00e9partemental d\u2019incendie et de secours (SDIS 09).<\/p>\n<p>Sur les trois personnes secourues, une a \u00e9t\u00e9 transport\u00e9e en \u00ab\u00a0urgence absolue m\u00e9dicalis\u00e9e\u00a0\u00bb, et les deux autres en \u00ab\u00a0urgence relative\u00a0\u00bb.<\/p>\n<p>Pendant l\u2019intervention des secours, la circulation sur la RN 20, reliant notamment Ax-les-Thermes et Foix, a \u00e9t\u00e9 interrompue. Une d\u00e9viation a \u00e9t\u00e9 imm\u00e9diatement mise en place afin de rediriger les automobilistes.<\/p>\n","protected":false},"excerpt":{"rendered":"l&rsquo;essentiel Un accident sur la RN 20 en Ari\u00e8ge a mobilis\u00e9 treize sapeurs-pompiers, le Samu et la gendarmerie.&hellip;\n","protected":false},"author":2,"featured_media":640637,"comment_status":"","ping_status":"","sticky":false,"template":"","format":"standard","meta":{"footnotes":""},"categories":[4],"tags":[3085,11,2720,118,1011,27,74728,12,25],"class_list":{"0":"post-640636","1":"post","2":"type-post","3":"status-publish","4":"format-standard","5":"has-post-thumbnail","7":"category-france","8":"tag-accidents","9":"tag-actualites","10":"tag-ariege","11":"tag-faits-divers","12":"tag-fr","13":"tag-france","14":"tag-lassur","15":"tag-news","16":"tag-republique-francaise"},"share_on_mastodon":{"url":"https:\/\/pubeurope.com\/@fr\/115837647169649686","error":""},"_links":{"self":[{"href":"https:\/\/www.europesays.com\/fr\/wp-json\/wp\/v2\/posts\/640636","targetHints":{"allow":["GET"]}}],"collection":[{"href":"https:\/\/www.europesays.com\/fr\/wp-json\/wp\/v2\/posts"}],"about":[{"href":"https:\/\/www.europesays.com\/fr\/wp-json\/wp\/v2\/types\/post"}],"author":[{"embeddable":true,"href":"https:\/\/www.europesays.com\/fr\/wp-json\/wp\/v2\/users\/2"}],"replies":[{"embeddable":true,"href":"https:\/\/www.europesays.com\/fr\/wp-json\/wp\/v2\/comments?post=640636"}],"version-history":[{"count":0,"href":"https:\/\/www.europesays.com\/fr\/wp-json\/wp\/v2\/posts\/640636\/revisions"}],"wp:featuredmedia":[{"embeddable":true,"href":"https:\/\/www.europesays.com\/fr\/wp-json\/wp\/v2\/media\/640637"}],"wp:attachment":[{"href":"https:\/\/www.europesays.com\/fr\/wp-json\/wp\/v2\/media?parent=640636"}],"wp:term":[{"taxonomy":"category","embeddable":true,"href":"https:\/\/www.europesays.com\/fr\/wp-json\/wp\/v2\/categories?post=640636"},{"taxonomy":"post_tag","embeddable":true,"href":"https:\/\/www.europesays.com\/fr\/wp-json\/wp\/v2\/tags?post=640636"}],"curies":[{"name":"wp","href":"https:\/\/api.w.org\/{rel}","templated":true}]}}