{"id":640648,"date":"2026-01-04T16:04:10","date_gmt":"2026-01-04T16:04:10","guid":{"rendered":"https:\/\/www.europesays.com\/fr\/640648\/"},"modified":"2026-01-04T16:04:10","modified_gmt":"2026-01-04T16:04:10","slug":"la-communaute-laotienne-est-entree-ce-4-janvier-dans-lannee-2569","status":"publish","type":"post","link":"https:\/\/www.europesays.com\/fr\/640648\/","title":{"rendered":"La communaut\u00e9 laotienne est entr\u00e9e, ce 4\u00a0janvier, dans l\u2019ann\u00e9e 2569"},"content":{"rendered":"<p>\n                                                                Plusieurs dizaines de personnes se sont retrouv\u00e9es pour des moments de pri\u00e8res et d\u2018offrandes \u00e0 Vat Xieng-Thong, le centre culturel laotien de Montpellier.\n                            <\/p>\n<p>Plusieurs dizaines de personnes se sont retrouv\u00e9es ce 4\u00a0janvier \u00e0 Vat Xieng-Thong, le centre culturel et cultuel de la communaut\u00e9 laotienne de Montpellier dans le quartier de Bagatelle pour c\u00e9l\u00e9brer l\u2019ann\u00e9e internationale 2569, entre pri\u00e8res et offrandes.<\/p>\n<p>L\u2019occasion, pour certains, de voir le travail accompli autour de la pagode. Un b\u00e2timent de quelque 80\u00a0m2 dont la construction a d\u00e9but\u00e9 en 2004. Et qui a pu se poursuivre gr\u00e2ce \u00e0 la g\u00e9n\u00e9rosit\u00e9 des donateurs, outre ceux r\u00e9sidant dans l\u2019Hexagone, d\u2019Australie, des \u00c9tats-Unis et, bien entendu, du Laos.<\/p>\n<p>Rendez-vous en avril pour le nouvel an<\/p>\n<p>D\u00e9sormais le b\u00e2timent en est \u00e0 la derni\u00e8re phase du chantier, celle des finitions.<br \/>Le prochain grand rendez-vous pour la communaut\u00e9 (quelque trois cents familles dans le d\u00e9partement pour cinquante mille Laotiennes et Laotiens install\u00e9s en France, NDLR) sera celui du nouvel an au mois d\u2019avril. Lequel sera le point de d\u00e9part de l\u2019ann\u00e9e du cheval. Une journ\u00e9e d\u2019importance pour la communaut\u00e9 et les membres de l\u2019association pr\u00e9sid\u00e9e par Bounh\u00e9ng Saignavongsa, qui organise les diff\u00e9rents rendez-vous annuels.<\/p>\n<p>Manifestation pour l\u2019arr\u00eat des combats entre Cambodge et Tha\u00eflande<\/p>\n<p>Par ailleurs, cet\u00a0apr\u00e8s-midi, un d\u00e9fil\u00e9 \u00e9tait organis\u00e9 \u00e0 l\u2019appel d\u2019une association cambodgienne pour d\u00e9noncer le conflit larv\u00e9 qui agite, depuis plusieurs mois maintenant, ce petit pays d\u2019Asie \u00e0 son puissant voisin tha\u00eflandais.<\/p>\n<p>Entre prises de paroles et chants, le cort\u00e8ge a fait une boucle entre la place de la Com\u00e9die et les grilles de la promenade du Peyrou pour protester contre ce que les Cambodgiens consid\u00e8rent comme une invasion.<\/p>\n","protected":false},"excerpt":{"rendered":"Plusieurs dizaines de personnes se sont retrouv\u00e9es pour des moments de pri\u00e8res et d\u2018offrandes \u00e0 Vat Xieng-Thong, le&hellip;\n","protected":false},"author":2,"featured_media":640649,"comment_status":"","ping_status":"","sticky":false,"template":"","format":"standard","meta":{"footnotes":""},"categories":[9599],"tags":[1111,11,872,1777,674,1011,27,7089,2208,12,2680,25,54694],"class_list":{"0":"post-640648","1":"post","2":"type-post","3":"status-publish","4":"format-standard","5":"has-post-thumbnail","7":"category-montpellier","8":"tag-actu","9":"tag-actualites","10":"tag-culture-et-loisirs","11":"tag-eu","12":"tag-europe","13":"tag-fr","14":"tag-france","15":"tag-herault","16":"tag-montpellier","17":"tag-news","18":"tag-occitanie","19":"tag-republique-francaise","20":"tag-traditions"},"share_on_mastodon":{"url":"https:\/\/pubeurope.com\/@fr\/115837682727299196","error":""},"_links":{"self":[{"href":"https:\/\/www.europesays.com\/fr\/wp-json\/wp\/v2\/posts\/640648","targetHints":{"allow":["GET"]}}],"collection":[{"href":"https:\/\/www.europesays.com\/fr\/wp-json\/wp\/v2\/posts"}],"about":[{"href":"https:\/\/www.europesays.com\/fr\/wp-json\/wp\/v2\/types\/post"}],"author":[{"embeddable":true,"href":"https:\/\/www.europesays.com\/fr\/wp-json\/wp\/v2\/users\/2"}],"replies":[{"embeddable":true,"href":"https:\/\/www.europesays.com\/fr\/wp-json\/wp\/v2\/comments?post=640648"}],"version-history":[{"count":0,"href":"https:\/\/www.europesays.com\/fr\/wp-json\/wp\/v2\/posts\/640648\/revisions"}],"wp:featuredmedia":[{"embeddable":true,"href":"https:\/\/www.europesays.com\/fr\/wp-json\/wp\/v2\/media\/640649"}],"wp:attachment":[{"href":"https:\/\/www.europesays.com\/fr\/wp-json\/wp\/v2\/media?parent=640648"}],"wp:term":[{"taxonomy":"category","embeddable":true,"href":"https:\/\/www.europesays.com\/fr\/wp-json\/wp\/v2\/categories?post=640648"},{"taxonomy":"post_tag","embeddable":true,"href":"https:\/\/www.europesays.com\/fr\/wp-json\/wp\/v2\/tags?post=640648"}],"curies":[{"name":"wp","href":"https:\/\/api.w.org\/{rel}","templated":true}]}}