{"id":640660,"date":"2026-01-04T16:10:10","date_gmt":"2026-01-04T16:10:10","guid":{"rendered":"https:\/\/www.europesays.com\/fr\/640660\/"},"modified":"2026-01-04T16:10:10","modified_gmt":"2026-01-04T16:10:10","slug":"gelees-remarquables-ce-dimanche-4-janvier-en-bretagne","status":"publish","type":"post","link":"https:\/\/www.europesays.com\/fr\/640660\/","title":{"rendered":"Gel\u00e9es remarquables ce dimanche 4 janvier en Bretagne"},"content":{"rendered":"<p style=\"text-align: justify;\" data-start=\"101\" data-end=\"489\">Ce dimanche 4 janvier, au lever du jour, la Bretagne s\u2019est r\u00e9veill\u00e9e sous un froid saisissant. Ce matin, les gel\u00e9es observ\u00e9es \u00a0sont les plus marqu\u00e9es depuis le d\u00e9but de l\u2019hiver. Dans certains secteurs, le paysage avait m\u00eame des allures de plein hiver continental. Fait rare et tr\u00e8s remarqu\u00e9, la Vilaine \u00e9tait partiellement gel\u00e9e, notamment, \u00e0 Rennes, dans le quartier Saint-H\u00e9lier. Ici o\u00f9 l\u00e0, les temp\u00e9ratures sont descendues tr\u00e8s bas pour la saison. Le mercure a chut\u00e9 jusqu\u2019\u00e0 -9,2 \u00b0C \u00e0 Laill\u00e9 (Ille-et-Vilaine), -8,6 \u00b0C \u00e0 Cou\u00ebron (Loire-Atlantique). Le gel a m\u00eame atteint le littoral atlantique avec -1,3 \u00b0C \u00e0 Belle-\u00cele, un signal fort de l\u2019intensit\u00e9 de l\u2019\u00e9pisode (<a href=\"https:\/\/x.com\/MeteoBretagne\/status\/2007744106735489102\">M\u00e9t\u00e9o Bretagne<\/a>).<\/p>\n<p style=\"text-align: justify;\" data-start=\"1259\" data-end=\"1639\">Apr\u00e8s une premi\u00e8re alerte ce vendredi 2 janvier, la Bretagne a de nouveau \u00e9t\u00e9 plac\u00e9e en vigilance jaune neige et verglas pour le week-end, \u00a0jusqu\u2019\u00e0 ce dimanche 11 h. Ce dimanche apr\u00e8s-midi et dans la nuit suivante, des giboul\u00e9es vont concerner le nord de la Bretagne, notamment le nord du Finist\u00e8re, des C\u00f4tes-d\u2019Armor et de l\u2019Ille-et-Vilaine. Dans l\u2019int\u00e9rieur, elles pourront prendre la forme de neige ou de gr\u00e9sil, avec localement un l\u00e9ger saupoudrage possible.<\/p>\n<p style=\"text-align: justify;\" data-start=\"2478\" data-end=\"2875\">Lundi matin, une perturbation abordera la r\u00e9gion par l\u2019ouest. Sur le littoral, la pluie devrait dominer sous l\u2019influence maritime. En revanche, vers l\u2019int\u00e9rieur des terres, les pr\u00e9cipitations pourraient se transformer en neige, surtout sur les reliefs bretons comme les Monts d\u2019Arr\u00e9e, les Montagnes Noires, le Men\u00e9, le Coglais ou Kerchouan. La trajectoire exacte de la d\u00e9pression reste encore incertaine \u00e0 moins de 24 heures de l\u2019\u00e9ch\u00e9ance. La tenue de la neige au sol d\u00e9pendra fortement de ce positionnement, avec une probabilit\u00e9 plus \u00e9lev\u00e9e sur les hauteurs.<\/p>\n","protected":false},"excerpt":{"rendered":"Ce dimanche 4 janvier, au lever du jour, la Bretagne s\u2019est r\u00e9veill\u00e9e sous un froid saisissant. Ce matin,&hellip;\n","protected":false},"author":2,"featured_media":640661,"comment_status":"","ping_status":"","sticky":false,"template":"","format":"standard","meta":{"footnotes":""},"categories":[2821],"tags":[1111,11,829,1777,674,1011,27,12,584,25],"class_list":{"0":"post-640660","1":"post","2":"type-post","3":"status-publish","4":"format-standard","5":"has-post-thumbnail","7":"category-rennes","8":"tag-actu","9":"tag-actualites","10":"tag-bretagne","11":"tag-eu","12":"tag-europe","13":"tag-fr","14":"tag-france","15":"tag-news","16":"tag-rennes","17":"tag-republique-francaise"},"share_on_mastodon":{"url":"https:\/\/pubeurope.com\/@fr\/115837706136350975","error":""},"_links":{"self":[{"href":"https:\/\/www.europesays.com\/fr\/wp-json\/wp\/v2\/posts\/640660","targetHints":{"allow":["GET"]}}],"collection":[{"href":"https:\/\/www.europesays.com\/fr\/wp-json\/wp\/v2\/posts"}],"about":[{"href":"https:\/\/www.europesays.com\/fr\/wp-json\/wp\/v2\/types\/post"}],"author":[{"embeddable":true,"href":"https:\/\/www.europesays.com\/fr\/wp-json\/wp\/v2\/users\/2"}],"replies":[{"embeddable":true,"href":"https:\/\/www.europesays.com\/fr\/wp-json\/wp\/v2\/comments?post=640660"}],"version-history":[{"count":0,"href":"https:\/\/www.europesays.com\/fr\/wp-json\/wp\/v2\/posts\/640660\/revisions"}],"wp:featuredmedia":[{"embeddable":true,"href":"https:\/\/www.europesays.com\/fr\/wp-json\/wp\/v2\/media\/640661"}],"wp:attachment":[{"href":"https:\/\/www.europesays.com\/fr\/wp-json\/wp\/v2\/media?parent=640660"}],"wp:term":[{"taxonomy":"category","embeddable":true,"href":"https:\/\/www.europesays.com\/fr\/wp-json\/wp\/v2\/categories?post=640660"},{"taxonomy":"post_tag","embeddable":true,"href":"https:\/\/www.europesays.com\/fr\/wp-json\/wp\/v2\/tags?post=640660"}],"curies":[{"name":"wp","href":"https:\/\/api.w.org\/{rel}","templated":true}]}}