{"id":640662,"date":"2026-01-04T16:11:14","date_gmt":"2026-01-04T16:11:14","guid":{"rendered":"https:\/\/www.europesays.com\/fr\/640662\/"},"modified":"2026-01-04T16:11:14","modified_gmt":"2026-01-04T16:11:14","slug":"le-collectif-rouge-direct-denonce-les-insultes-homophobes-entendues-lors-de-la-rencontre-lille-rennes","status":"publish","type":"post","link":"https:\/\/www.europesays.com\/fr\/640662\/","title":{"rendered":"Le Collectif Rouge Direct d\u00e9nonce les insultes homophobes entendues lors de la rencontre Lille-Rennes"},"content":{"rendered":"<p>La rencontre entre Lille et Rennes (0-2) a \u00e9t\u00e9 interrompue ce samedi soir pendant quelques minutes par l&rsquo;arbitre de la rencontre, monsieur Wattellier, apr\u00e8s des insultes homophobes prof\u00e9r\u00e9es dans les tribune de Pierre Mauroy. Le Collectif Rouge Direct demande au club de condamner ces agissements.<\/p>\n<p>Le collectif Rouge Direct qui combat les actes homophobes dans le football demande au LOSC ce dimanche de condamner fermement les faits d&rsquo;homophobie constat\u00e9s lors de la rencontre face \u00e0 Rennes ce samedi soir.<\/p>\n<p>Le collectif demande aussi au club nordiste d&rsquo;expliquer pourquoi des membres des DVE \u00e9taient pr\u00e9sents en tribune alors qu&rsquo;ils \u00e9taient suspendus pour l&rsquo;utilisation d&rsquo;engins pyrotechniques lors du match face \u00e0 l&rsquo;OM en d\u00e9cembre dernier. <strong>Le collectif Rouge direct attend \u00e9galement que la Ligue de football professionnel condamne\u00a0ces agissements.<\/strong><\/p>\n<p>Pour rappel, le collectif Rouge Direct d\u00e9nonce depuis des ann\u00e9es les chants et injures homophobes syst\u00e9matiques des supporters lillois (liste non exhaustive): Lille-Lens le 9 octobre 2022; PSG-Lille le 19 f\u00e9vrier 2023; Lille-Lens le 29 mars 2024; Lille-Lens le 29 mars 2025 ou encore Lille-Toulouse le 14 septembre 2025<\/p>\n<p><strong>Dans son communiqu\u00e9 il demande de passer aux retraits de points fermes pour les faits d\u2019homophobie<\/strong> comme pour les faits de racisme, comme cela vient d\u2019\u00eatre le cas \u00e0 l\u2019encontre du club d\u2019Amiens.<\/p>\n<p>L\u00e9tang muet&#8230; pour le moment\u00a0?<\/p>\n<p>Contact\u00e9 par Ici Nord, le pr\u00e9sident du LOSC refuse pour l&rsquo;instant de s&rsquo;exprimer. Olivier L\u00e9tang attend un rapport complet sur l&rsquo;organisation de la rencontre qu&rsquo;il devrait pouvoir consulter ce lundi.<\/p>\n<p> (function(w, d) {     if (w.FB &#038;&#038; w.FB.XFBML &#038;&#038; w.FB.XFBML.parse) {         if (&lsquo;undefined&rsquo; == typeof w.__fbTimeout) {             w.__fbTimeout = setTimeout(function() {                 w.FB.XFBML.parse();                 w.__fbTimeout = undefined;             }, 1000);         }     } else if (&lsquo;undefined&rsquo; == typeof w.__fbTimeout) {         if (d.querySelectorAll(&lsquo;#fb-root&rsquo;).length === 0) {             var fbRoot = d.createElement(&lsquo;div&rsquo;);             fbRoot.id = &lsquo;fb-root&rsquo;;             d.querySelector(&lsquo;body&rsquo;).append(fbRoot);         }         if (d.querySelectorAll(&lsquo;#facebook-jssdk&rsquo;).length === 0) {             var fbScript = d.createElement(&lsquo;script&rsquo;);             fbScript.id = &lsquo;facebook-jssdk&rsquo;;             fbScript.src=\u00a0\u00bb\/\/connect.facebook.net\/fr_FR\/sdk.js#xfbml=1&#038;version=v2.8&#038;appId=593991304071705&Prime;;             fbScript.async = 1;             d.querySelector(&lsquo;head&rsquo;).append(fbScript);         }     } })(window, window.document); \\u003C\/script>\\\u00a0\u00bb,\\\u00a0\u00bbprovider\\\u00a0\u00bb:\\\u00a0\u00bbfacebook\\\u00a0\u00bb,\\\u00a0\u00bbdidomiPurposes\\\u00a0\u00bb:\\\u00a0\u00bbPour afficher ce contenu Facebook, vous devez accepter les cookies \\u003Cb>R\u00e9seaux Sociaux\\u003C\/b>.\\u003Cbr>\\u003Cbr>Ces cookies permettent de partager ou r\u00e9agir directement sur les r\u00e9seaux sociaux auxquels vous \u00eates connect\u00e9s ou d&rsquo;int\u00e9grer du contenu initialement post\u00e9 sur ces r\u00e9seaux sociaux. Ils permettent aussi aux r\u00e9seaux sociaux d&rsquo;utiliser vos visites sur nos sites et applications \u00e0 des fins de personnalisation et de ciblage publicitaire.\\\u00a0\u00bb,\\\u00a0\u00bbdidomiVendorId\\\u00a0\u00bb:\\\u00a0\u00bbc:facebookc-rgacRMQm\\\u00a0\u00bb}},{\\\u00a0\u00bbtype\\\u00a0\u00bb:\\\u00a0\u00bbtext\\\u00a0\u00bb,\\\u00a0\u00bbchildren\\\u00a0\u00bb:[{\\\u00a0\u00bbtype\\\u00a0\u00bb:\\\u00a0\u00bbtext\\\u00a0\u00bb,\\\u00a0\u00bbvalue\\\u00a0\u00bb:\\\u00a0\u00bbPour rappel, le collectif Rouge Direct d\u00e9nonce depuis des ann\u00e9es les chants et injures homophobes syst\u00e9matiques des supporters lillois (liste non exhaustive): Lille-Lens le 9 octobre 2022; PSG-Lille le 19 f\u00e9vrier 2023; Lille-Lens le 29 mars 2024; Lille-Lens le 29 mars 2025 ou encore Lille-Toulouse le 14 septembre 2025\\\u00a0\u00bb}]},{\\\u00a0\u00bbtype\\\u00a0\u00bb:\\\u00a0\u00bbtext\\\u00a0\u00bb,\\\u00a0\u00bbchildren\\\u00a0\u00bb:[{\\\u00a0\u00bbtype\\\u00a0\u00bb:\\\u00a0\u00bbtext\\\u00a0\u00bb,\\\u00a0\u00bbvalue\\\u00a0\u00bb:\\\u00a0\u00bb\\u003Cstrong>Dans son communiqu\u00e9 il demande de passer aux retraits de points fermes pour les faits d\u2019homophobie\\u003C\/strong> comme pour les faits de racisme, comme cela vient d\u2019\u00eatre le cas \u00e0 l\u2019encontre du club d\u2019Amiens.\\\u00a0\u00bb}]},{\\\u00a0\u00bbtype\\\u00a0\u00bb:\\\u00a0\u00bbheading\\\u00a0\u00bb,\\\u00a0\u00bblevel\\\u00a0\u00bb:2,\\\u00a0\u00bbvalue\\\u00a0\u00bb:\\\u00a0\u00bbL\u00e9tang muet&#8230; pour le moment\u00a0?\\\u00a0\u00bb},{\\\u00a0\u00bbtype\\\u00a0\u00bb:\\\u00a0\u00bbtext\\\u00a0\u00bb,\\\u00a0\u00bbchildren\\\u00a0\u00bb:[{\\\u00a0\u00bbtype\\\u00a0\u00bb:\\\u00a0\u00bbtext\\\u00a0\u00bb,\\\u00a0\u00bbvalue\\\u00a0\u00bb:\\\u00a0\u00bbContact\u00e9 par Ici Nord, le pr\u00e9sident du LOSC refuse pour l&rsquo;instant de s&rsquo;exprimer. Olivier L\u00e9tang attend un rapport complet sur l&rsquo;organisation de la rencontre qu&rsquo;il devrait pouvoir consulter ce lundi.\\\u00a0\u00bb}]}]}},\\\u00a0\u00bbdisplay\\\u00a0\u00bb:{\\\u00a0\u00bbhighBanner\\\u00a0\u00bb:true}}\u00a0\u00bb}<\/p>\n","protected":false},"excerpt":{"rendered":"La rencontre entre Lille et Rennes (0-2) a \u00e9t\u00e9 interrompue ce samedi soir pendant quelques minutes par l&rsquo;arbitre&hellip;\n","protected":false},"author":2,"featured_media":640663,"comment_status":"","ping_status":"","sticky":false,"template":"","format":"standard","meta":{"footnotes":""},"categories":[2821],"tags":[1111,11,829,1777,674,1011,27,12,584,25],"class_list":{"0":"post-640662","1":"post","2":"type-post","3":"status-publish","4":"format-standard","5":"has-post-thumbnail","7":"category-rennes","8":"tag-actu","9":"tag-actualites","10":"tag-bretagne","11":"tag-eu","12":"tag-europe","13":"tag-fr","14":"tag-france","15":"tag-news","16":"tag-rennes","17":"tag-republique-francaise"},"share_on_mastodon":{"url":"https:\/\/pubeurope.com\/@fr\/115837710182602110","error":""},"_links":{"self":[{"href":"https:\/\/www.europesays.com\/fr\/wp-json\/wp\/v2\/posts\/640662","targetHints":{"allow":["GET"]}}],"collection":[{"href":"https:\/\/www.europesays.com\/fr\/wp-json\/wp\/v2\/posts"}],"about":[{"href":"https:\/\/www.europesays.com\/fr\/wp-json\/wp\/v2\/types\/post"}],"author":[{"embeddable":true,"href":"https:\/\/www.europesays.com\/fr\/wp-json\/wp\/v2\/users\/2"}],"replies":[{"embeddable":true,"href":"https:\/\/www.europesays.com\/fr\/wp-json\/wp\/v2\/comments?post=640662"}],"version-history":[{"count":0,"href":"https:\/\/www.europesays.com\/fr\/wp-json\/wp\/v2\/posts\/640662\/revisions"}],"wp:featuredmedia":[{"embeddable":true,"href":"https:\/\/www.europesays.com\/fr\/wp-json\/wp\/v2\/media\/640663"}],"wp:attachment":[{"href":"https:\/\/www.europesays.com\/fr\/wp-json\/wp\/v2\/media?parent=640662"}],"wp:term":[{"taxonomy":"category","embeddable":true,"href":"https:\/\/www.europesays.com\/fr\/wp-json\/wp\/v2\/categories?post=640662"},{"taxonomy":"post_tag","embeddable":true,"href":"https:\/\/www.europesays.com\/fr\/wp-json\/wp\/v2\/tags?post=640662"}],"curies":[{"name":"wp","href":"https:\/\/api.w.org\/{rel}","templated":true}]}}