{"id":640664,"date":"2026-01-04T16:12:12","date_gmt":"2026-01-04T16:12:12","guid":{"rendered":"https:\/\/www.europesays.com\/fr\/640664\/"},"modified":"2026-01-04T16:12:12","modified_gmt":"2026-01-04T16:12:12","slug":"chloe-valentini-de-retour-en-action-face-a-strasbourg","status":"publish","type":"post","link":"https:\/\/www.europesays.com\/fr\/640664\/","title":{"rendered":"Chlo\u00e9 Valentini de retour en action face \u00e0 Strasbourg"},"content":{"rendered":"<p>\t\t\t\t\t396<\/p>\n<p><strong>Apr\u00e8s avoir donn\u00e9 naissance \u00e0 son premier enfant, Chlo\u00e9 Valentini va faire son retour en action avec Metz Handball dans le cadre d\u2019un match officiel.<\/strong><\/p>\n<p>C\u2019\u00e9tait \u00e0 la mi-mars 2025 que la nouvelle tombait dans le cadre des c\u00e9l\u00e9brations du soixanti\u00e8me anniversaire de Metz Handball : la capitaine Chlo\u00e9 Valentini allait \u00eatre \u00e9cart\u00e9e des terrains pour une dur\u00e9e ind\u00e9termin\u00e9e. En cause, la meilleure des justifications avec des mois consacr\u00e9s \u00e0 l\u2019accueil d\u2019un premier enfant. Metz Handball s\u2019en remettait alors <a href=\"https:\/\/letsgometz.com\/metz-handball-nadine-szollosi-schatzl-remplace-chloe-valentini\/\" target=\"_blank\" rel=\"noreferrer noopener\">au recrutement de Nadine Szollosi-Schatzl <\/a>pour compenser le manque sportif ainsi qu\u2019\u00e0 la mont\u00e9e en grade de Sarah Bouktit au poste de capitaine pour compenser le leadership. Des options qui permettaient aux femmes en jaune et bleu de continuer \u00e0 compiler les r\u00e9ussites avec la conqu\u00eate du championnat de France, de la Coupe de France et une participation, certes malheureuse, au Final 4 de la Champions League sous le regard attentif d\u2019une femme au ventre alors arrondi, mue en principale supportrice de l\u2019\u00e9quipe. Chlo\u00e9 Valentini promettait alors de revenir au plus vite sur les terrains pour <a href=\"https:\/\/youtu.be\/uar-CluOBsk?si=eq6sGzP6qUaSec6Z\" target=\"_blank\" rel=\"noreferrer noopener\">r\u00e9it\u00e9rer ces victoires en tant que participante \u00e0 temps plein de l\u2019\u00e9pop\u00e9e.<\/a><\/p>\n<p><img fetchpriority=\"high\" decoding=\"async\" width=\"1200\" height=\"800\" src=\"https:\/\/www.europesays.com\/fr\/wp-content\/uploads\/2026\/01\/Metz-Handball-Brest-27042025-Grandveau-Valentini-MH-1200x800.jpg\" alt=\"\" class=\"wp-image-100886\"  \/><\/p>\n<p>Active \u00e0 l\u2019entra\u00eenement tout au long de sa grossesse, l\u2019aili\u00e8re tricolore mettait toutes les chances de son c\u00f4t\u00e9 et en septembre, une belle nouvelle faisait son apparition sur les r\u00e9seaux avec l\u2019annonce de la naissance de l\u2019enfant tant attendu. Il ne fallait alors qu\u2019un mois avant de retrouver Chlo\u00e9 Valentini \u00e0 l\u2019entra\u00eenement physique, les yeux riv\u00e9s sur un objectif de retour en jeu le plus t\u00f4t possible. C\u2019est d\u00e9but d\u00e9cembre que le jeu avec ballon a repris, marquant une \u00e9tape importante tandis que l\u2019\u00e9quipe de France d\u00e9fendait ses chances mondiales aux Pays-Bas. L\u2019entra\u00eenement se poursuivait au fil des semaines suivantes jusqu\u2019\u00e0 cette nouvelle \u00e9tape tant attendue : celle du retour dans le groupe des Dragonnes pour un match officiel.<\/p>\n<p>Chlo\u00e9 Valentini disputera donc son premier match en jaune et bleu depuis une dizaine de mois dans le cadre du d\u00e9placement \u00e0 Strasbourg. Elle sera donc op\u00e9rationnelle pour les grandes \u00e9ch\u00e9ances du mois de Janvier.<\/p>\n<p>Ce retour s\u2019effectuera aux c\u00f4t\u00e9s de Suzanne Wajoka qui va d\u00e9couvrir le partage du temps de jeu avec celle qui a \u00e9t\u00e9 nomm\u00e9e \u00e0 plusieurs reprise comme une des meilleures du monde \u00e0 son poste. De son c\u00f4t\u00e9 Laura Godard devrait d\u00e9sormais \u00eatre \u00e9cart\u00e9e apr\u00e8s avoir assur\u00e9 l\u2019interim depuis le d\u00e9but de la saison.<\/p>\n<\/p>\n<p><strong>Cr\u00e9dit photo :<\/strong> Matthieu Henkinet \/ Let\u2019s Go Metz<\/p>\n","protected":false},"excerpt":{"rendered":"396 Apr\u00e8s avoir donn\u00e9 naissance \u00e0 son premier enfant, Chlo\u00e9 Valentini va faire son retour en action avec&hellip;\n","protected":false},"author":2,"featured_media":640665,"comment_status":"","ping_status":"","sticky":false,"template":"","format":"standard","meta":{"footnotes":""},"categories":[2820],"tags":[34996,1111,11,74729,63098,1777,674,1011,27,775,1792,955,6212,12897,12,25,640,74730],"class_list":{"0":"post-640664","1":"post","2":"type-post","3":"status-publish","4":"format-standard","5":"has-post-thumbnail","7":"category-strasbourg","8":"tag-2025-2026","9":"tag-actu","10":"tag-actualites","11":"tag-chloe-valentini","12":"tag-dragonnes","13":"tag-eu","14":"tag-europe","15":"tag-fr","16":"tag-france","17":"tag-grand-est","18":"tag-handball","19":"tag-match","20":"tag-metz","21":"tag-metz-handball","22":"tag-news","23":"tag-republique-francaise","24":"tag-strasbourg","25":"tag-valentini"},"share_on_mastodon":{"url":"https:\/\/pubeurope.com\/@fr\/115837714082193974","error":""},"_links":{"self":[{"href":"https:\/\/www.europesays.com\/fr\/wp-json\/wp\/v2\/posts\/640664","targetHints":{"allow":["GET"]}}],"collection":[{"href":"https:\/\/www.europesays.com\/fr\/wp-json\/wp\/v2\/posts"}],"about":[{"href":"https:\/\/www.europesays.com\/fr\/wp-json\/wp\/v2\/types\/post"}],"author":[{"embeddable":true,"href":"https:\/\/www.europesays.com\/fr\/wp-json\/wp\/v2\/users\/2"}],"replies":[{"embeddable":true,"href":"https:\/\/www.europesays.com\/fr\/wp-json\/wp\/v2\/comments?post=640664"}],"version-history":[{"count":0,"href":"https:\/\/www.europesays.com\/fr\/wp-json\/wp\/v2\/posts\/640664\/revisions"}],"wp:featuredmedia":[{"embeddable":true,"href":"https:\/\/www.europesays.com\/fr\/wp-json\/wp\/v2\/media\/640665"}],"wp:attachment":[{"href":"https:\/\/www.europesays.com\/fr\/wp-json\/wp\/v2\/media?parent=640664"}],"wp:term":[{"taxonomy":"category","embeddable":true,"href":"https:\/\/www.europesays.com\/fr\/wp-json\/wp\/v2\/categories?post=640664"},{"taxonomy":"post_tag","embeddable":true,"href":"https:\/\/www.europesays.com\/fr\/wp-json\/wp\/v2\/tags?post=640664"}],"curies":[{"name":"wp","href":"https:\/\/api.w.org\/{rel}","templated":true}]}}