{"id":640678,"date":"2026-01-04T16:20:11","date_gmt":"2026-01-04T16:20:11","guid":{"rendered":"https:\/\/www.europesays.com\/fr\/640678\/"},"modified":"2026-01-04T16:20:11","modified_gmt":"2026-01-04T16:20:11","slug":"exclusif-un-homme-menace-les-pompiers-au-couteau-puis-fonce-sur-une-patrouille-la-police-ouvre-le-feu-a-toulouse","status":"publish","type":"post","link":"https:\/\/www.europesays.com\/fr\/640678\/","title":{"rendered":"EXCLUSIF. Un homme menace les pompiers au couteau puis fonce sur une patrouille\u00a0: la police ouvre le feu \u00e0 Toulouse"},"content":{"rendered":"<p>\n                                                                    l&rsquo;essentiel<br \/>\n                                                                Un homme a \u00e9t\u00e9 interpell\u00e9 dans la nuit de samedi apr\u00e8s avoir tent\u00e9 de renverser des policiers de la BAC lors d\u2019une intervention tendue. Face au danger, les forces de l\u2019ordre ont fait usage de leur arme de service sans faire de bless\u00e9. Cet incident survient dans un climat de tension, moins d\u2019un mois apr\u00e8s une agression similaire dans le quartier de Montaudran.\n                            <\/p>\n<p>La police a ouvert le feu ce samedi soir \u00e0 Toulouse. Les faits se sont produits au c\u0153ur de la nuit, rue Jean-Weber. L\u2019affaire d\u00e9marre par un appel t\u00e9l\u00e9phonique des pompiers. Alors qu\u2019ils intervenaient pour une tentative de suicide, les soldats du feu ont \u00e9t\u00e9 menac\u00e9s par la victime, arm\u00e9e d\u2019un couteau. L\u2019individu, manifestement dans un \u00e9tat second, aurait essay\u00e9 de poignarder les pompiers avant de prendre la fuite en voiture.<\/p>\n<p>Tr\u00e8s vite, une unit\u00e9 de la BAC se rend sur le lieu de l\u2019altercation. L\u2019agresseur n\u2019est pas pr\u00e9sent, mais un membre de sa famille est l\u00e0. Cette personne assure que le mis en cause a quitt\u00e9 le logement en voiture. Un dispositif est install\u00e9 pour tenter de l\u2019intercepter dans le secteur.<\/p>\n<p>Le v\u00e9hicule en question est localis\u00e9 quelques instants apr\u00e8s le signalement. La patrouille lui demande de s\u2019arr\u00eater, mais le chauffard n\u2019obtemp\u00e8re pas. La tension monte encore d\u2019un cran lorsqu\u2019il fonce d\u00e9lib\u00e9r\u00e9ment en direction des agents. Les forces de l\u2019ordre craignent d\u2019\u00eatre \u00e9cras\u00e9es. Un des policiers n\u2019a, selon les t\u00e9moins, pas eu d\u2019autre choix que d\u2019ouvrir le feu. La balle n\u2019a pas touch\u00e9 le conducteur qui a poursuivi sa course folle.<\/p>\n<p class=\"std-elt__inline\">\n        <strong>\u00c0 lire aussi :<\/strong><br \/>\n        <a href=\"https:\/\/www.ladepeche.fr\/2025\/12\/21\/un-homme-attaque-deux-personnes-a-toulouse-avant-que-la-police-lui-tire-dessus-ce-que-lon-sait-du-drame-13124175.php\" target=\"_blank\" rel=\"noopener\">Un homme attaque deux adolescents \u00e0 Toulouse avant que la police lui tire dessus\u00a0: ce que l\u2019on sait du drame<\/a>\n    <\/p>\n<p>D\u00e9j\u00e0 des tirs<\/p>\n<p>Cette intervention tr\u00e8s dangereuse prend fin peu de temps apr\u00e8s cet \u00e9pisode. La police, d\u00e9ploy\u00e9e en plus grand nombre, retrouve finalement le fugitif et le menotte. Apr\u00e8s avoir subi un premier examen m\u00e9dical, cet homme instable a \u00e9t\u00e9 rapidement plac\u00e9 en garde \u00e0 vue pour tentative de meurtre sur personne d\u00e9positaire de l\u2019autorit\u00e9 publique. Une expertise psychiatrique devrait \u00eatre programm\u00e9e dans les prochaines heures.<\/p>\n<p>Cet incident marque le second usage de leurs armes par les forces de l\u2019ordre en moins d\u2019un mois face \u00e0 une agression. Le 20\u00a0d\u00e9cembre, <a href=\"https:\/\/www.ladepeche.fr\/2025\/12\/21\/un-homme-attaque-deux-personnes-a-toulouse-avant-que-la-police-lui-tire-dessus-ce-que-lon-sait-du-drame-13124175.php\" target=\"_blank\" rel=\"noopener\">un homme avait fonc\u00e9 sur les agents apr\u00e8s avoir poignard\u00e9 deux jeunes dans un parc<\/a>, \u00e0 Montaudran, \u00e0 Toulouse. Les fonctionnaires avaient tir\u00e9 \u00e0 cinq reprises, essentiellement dans les jambes et \u00e0 la m\u00e2choire. Depuis les faits, cet homme semble se r\u00e9tablir.<\/p>\n","protected":false},"excerpt":{"rendered":"l&rsquo;essentiel Un homme a \u00e9t\u00e9 interpell\u00e9 dans la nuit de samedi apr\u00e8s avoir tent\u00e9 de renverser des policiers&hellip;\n","protected":false},"author":2,"featured_media":640679,"comment_status":"","ping_status":"","sticky":false,"template":"","format":"standard","meta":{"footnotes":""},"categories":[2816],"tags":[1111,11,1777,674,118,1011,27,2722,12,2680,25,2312],"class_list":{"0":"post-640678","1":"post","2":"type-post","3":"status-publish","4":"format-standard","5":"has-post-thumbnail","7":"category-toulouse","8":"tag-actu","9":"tag-actualites","10":"tag-eu","11":"tag-europe","12":"tag-faits-divers","13":"tag-fr","14":"tag-france","15":"tag-haute-garonne","16":"tag-news","17":"tag-occitanie","18":"tag-republique-francaise","19":"tag-toulouse"},"share_on_mastodon":{"url":"https:\/\/pubeurope.com\/@fr\/115837745473969792","error":""},"_links":{"self":[{"href":"https:\/\/www.europesays.com\/fr\/wp-json\/wp\/v2\/posts\/640678","targetHints":{"allow":["GET"]}}],"collection":[{"href":"https:\/\/www.europesays.com\/fr\/wp-json\/wp\/v2\/posts"}],"about":[{"href":"https:\/\/www.europesays.com\/fr\/wp-json\/wp\/v2\/types\/post"}],"author":[{"embeddable":true,"href":"https:\/\/www.europesays.com\/fr\/wp-json\/wp\/v2\/users\/2"}],"replies":[{"embeddable":true,"href":"https:\/\/www.europesays.com\/fr\/wp-json\/wp\/v2\/comments?post=640678"}],"version-history":[{"count":0,"href":"https:\/\/www.europesays.com\/fr\/wp-json\/wp\/v2\/posts\/640678\/revisions"}],"wp:featuredmedia":[{"embeddable":true,"href":"https:\/\/www.europesays.com\/fr\/wp-json\/wp\/v2\/media\/640679"}],"wp:attachment":[{"href":"https:\/\/www.europesays.com\/fr\/wp-json\/wp\/v2\/media?parent=640678"}],"wp:term":[{"taxonomy":"category","embeddable":true,"href":"https:\/\/www.europesays.com\/fr\/wp-json\/wp\/v2\/categories?post=640678"},{"taxonomy":"post_tag","embeddable":true,"href":"https:\/\/www.europesays.com\/fr\/wp-json\/wp\/v2\/tags?post=640678"}],"curies":[{"name":"wp","href":"https:\/\/api.w.org\/{rel}","templated":true}]}}