{"id":640712,"date":"2026-01-04T16:39:18","date_gmt":"2026-01-04T16:39:18","guid":{"rendered":"https:\/\/www.europesays.com\/fr\/640712\/"},"modified":"2026-01-04T16:39:18","modified_gmt":"2026-01-04T16:39:18","slug":"leurope-pourrait-devenir-un-des-rares-espaces-vivables-de-notre-planete-lexpress","status":"publish","type":"post","link":"https:\/\/www.europesays.com\/fr\/640712\/","title":{"rendered":"\u00ab\u00a0L\u2019Europe pourrait devenir un des rares espaces vivables de notre plan\u00e8te\u00a0\u00bb \u2013 L&rsquo;Express"},"content":{"rendered":"<p class=\"paragraph article-body-paragraph article__item   article-body-paragraph--first \">En 2023, <a href=\"https:\/\/www.lexpress.fr\/idees-et-debats\/gaspard-koenig-il-est-coherent-detre-oppose-a-la-bureaucratie-et-au-jardin-a-la-francaise-MYOS4U7BQNB6PBTBGL7R4PKFPA\/\" target=\"_self\" rel=\"noopener\" title=\"https:\/\/www.lexpress.fr\/idees-et-debats\/gaspard-koenig-il-est-coherent-detre-oppose-a-la-bureaucratie-et-au-jardin-a-la-francaise-MYOS4U7BQNB6PBTBGL7R4PKFPA\/\">Gaspard Koenig<\/a> avait s\u00e9duit plus de 100 000 lecteurs avec une histoire de vers de terre. Humus inaugurait son cycle romanesque sur les \u00e9l\u00e9ments. Apr\u00e8s ce voyage souterrain, l\u2019\u00e9crivain se mouille encore. Bienvenue \u00e0 Saint-Firmin, un village normand qui entend bien se r\u00e9approprier l\u2019eau. Maria, l\u2019\u00e9pici\u00e8re id\u00e9aliste venue de Roumanie, a \u00e9t\u00e9 \u00e9lue maire sur cette promesse. Mais la gestion de l\u2019eau est tout sauf un long fleuve tranquille. Qui ne sait pas d\u00e9chiffrer les sigles cabalistiques du langage politico-administratif risque la noyade. Entre Kafka et Giono, Aqua croque notre \u00e9poque avec f\u00e9rocit\u00e9 tout en faisant jaillir sa po\u00e9sie enfouie. Un roman qui se boit sans soif.<\/p>\n<p class=\"paragraph article__item--bold article-body-paragraph article__item   \">L&rsquo;Express : Aqua est un roman sur l\u2019eau, mais aussi sur la bureaucratie. Comment arrive-t-on \u00e0 rendre romanesque des sujets aussi prosa\u00efques que l\u2019intercommunalit\u00e9 ? <\/p>\n<p class=\"paragraph article-body-paragraph article__item   \"><b>Gaspard Koenig : <\/b>Tout sujet peut \u00eatre romanesque. J\u2019ai r\u00e9cemment lu La Cur\u00e9e de Zola qui parle de la destruction de Paris par Haussmann et des strat\u00e9gies sp\u00e9culatrices mises en place \u00e0 ce moment-l\u00e0. Des passages entiers d\u00e9crivent des m\u00e9canismes financiers tr\u00e8s document\u00e9s, mais durant lesquels le lecteur d\u00e9croche un peu. Ce n\u2019est pas grave, car cela donne un puissant effet de r\u00e9el, et \u00e7a n\u2019emp\u00eache pas La Cur\u00e9e d\u2019\u00eatre un roman dont on tourne les pages, avec des personnages tr\u00e8s vivants. Un romancier peut prendre la soci\u00e9t\u00e9 dans sa complexit\u00e9, avec parfois sa fadeur et son ennui, et la faire vivre \u00e0 travers des histoires. M\u00eame en parlant des intercommunalit\u00e9s [rires].<\/p>\n<p class=\"paragraph article-body-paragraph article__item   \">L\u2019id\u00e9e d\u2019Aqua m\u2019est venue en parlant \u00e0 un \u00e9lu corse dans un village de montagne. Il m\u2019a dit que jamais il n\u2019accepterait de c\u00e9der la comp\u00e9tence de l\u2019eau, car cela faisait des centaines d\u2019ann\u00e9es qu\u2019on en prenait soin localement, et qu\u2019il \u00e9tait hors de question qu\u2019elle serve \u00e0 remplir des piscines de touristes. J\u2019ai compris que les processus hydrologiques mill\u00e9naires comme la gestion de l\u2019eau faisaient un bon sujet de roman.<\/p>\n<p><strong class=\"article-body-link-list__item text-gray-800 article-body-link-list__item--one-item\">LIRE AUSSI : <a class=\"article-body-link-list__item-link\" href=\"https:\/\/www.lexpress.fr\/environnement\/le-chantage-de-donald-trump-avec-le-mexique-ne-risque-pas-de-resoudre-la-crise-de-leau-NSJKBSFGHRFJXF72UJ5GCQKPQ4\/\" target=\"_blank\" rel=\"noopener\">Le chantage de Donald Trump avec le Mexique ne risque pas de r\u00e9soudre la crise de l\u2019eau<\/a><\/strong><\/p>\n<p class=\"paragraph article__item--bold article-body-paragraph article__item   \">C\u2019est un Manon des sources normand\u2026<\/p>\n<p class=\"paragraph article-body-paragraph article__item   \">C\u2019est Manon des sources au temps des d\u00e9l\u00e9gations de service public. Il y a un rapport mythologique \u00e0 cet \u00e9l\u00e9ment fondamental, et puis il y a la r\u00e9alit\u00e9 administrative. Dans le roman, les personnages du village Saint-Firmin veulent se r\u00e9approprier l\u2019eau, mais d\u00e9couvrent les complexit\u00e9s de la bureaucratie. Ce n\u2019est pas une fiction binaire. Le village n\u2019a peut-\u00eatre pas pris la bonne d\u00e9cision. Face \u00e0 eux, Martin, l\u2019\u00e9narque qui entend g\u00e9rer l\u2019eau de mani\u00e8re centralis\u00e9e a lui aussi d\u2019excellentes raisons. Il n\u2019est nullement corrompu ou incomp\u00e9tent. Ce personnage de technocrate, qui ne jure que par le centralisme rationalisateur, est convaincu par toute sa formation que si on laisse les gens d\u00e9cider par eux-m\u00eames, ils feront n\u2019importe quoi.<\/p>\n<p class=\"paragraph article__item--bold article-body-paragraph article__item   \">Comme dans la s\u00e9rie The Wire avec la drogue, vous semblez avoir voulu, par la fiction, tenter une exp\u00e9rience sociale\u2026<\/p>\n<p class=\"paragraph article-body-paragraph article__item   \">La question centrale du livre, au-del\u00e0 de l\u2019eau, ce sont les communs. Il y a trois modes de gestion des ressources : soit l\u2019Etat administre, soit c\u2019est le march\u00e9, soit on cr\u00e9e des communs. C\u2019est-\u00e0-dire que pour partager un bien commun en quantit\u00e9 limit\u00e9e, les gens s\u2019associent afin de prendre des d\u00e9cisions collectives, par la d\u00e9lib\u00e9ration et le consensus. Ce mode d\u2019organisation a longtemps exist\u00e9 durant la p\u00e9riode m\u00e9di\u00e9vale, pour les p\u00e2turages ou les for\u00eats. Il reste d\u2019ailleurs aujourd\u2019hui 30 000 \u00ab\u00a0sections communes\u00a0\u00bb en France auxquelles l\u2019Etat jacobin r\u00eave de mettre fin. Prix Nobel d\u2019\u00e9conomie en 2009, Elinor Ostrom a \u00e9tudi\u00e9 les communs sur le plan historique, mais elle a aussi montr\u00e9 leur p\u00e9rennit\u00e9 et leur actualit\u00e9, par exemple dans certaines communaut\u00e9s de p\u00eacheurs en Asie.<\/p>\n<p class=\"paragraph article-body-paragraph article__item   \">Il y a tout un discours th\u00e9orique tr\u00e8s bien intentionn\u00e9 autour des communs. Mais je voulais savoir comment ils fonctionnent si on les applique \u00e0 un village contemporain, avec des vrais personnages pas forc\u00e9ment sympathiques, des ranc\u0153urs, des gens qui se connaissent mal, des visions du monde diff\u00e9rentes. Les villages ne sont plus des espaces homog\u00e8nes comme autrefois. J\u2019ai accompagn\u00e9 <a href=\"https:\/\/www.lexpress.fr\/societe\/maires-ruraux-infirmieres-policiers-le-burn-out-bureaucratique-JSJSQ3TASRF6LE5WW7GOWDJNHQ\/\" target=\"_self\" rel=\"noopener\" title=\"https:\/\/www.lexpress.fr\/societe\/maires-ruraux-infirmieres-policiers-le-burn-out-bureaucratique-JSJSQ3TASRF6LE5WW7GOWDJNHQ\/\">un maire rural<\/a> dans sa vie quotidienne pour pr\u00e9parer ce livre, et j\u2019ai constat\u00e9 \u00e0 quel point cette fonction est expos\u00e9e au pire de la nature humaine. On est loin de la vision idyllique d\u2019un village bobo. Dans ce roman, j\u2019ai donc pris ces gens tels qu\u2019ils sont et, au fil de l\u2019\u00e9criture, j\u2019ai exp\u00e9riment\u00e9 pour voir dans quelles conditions ils pourraient, ou non, devenir une communaut\u00e9.<\/p>\n<p class=\"paragraph article__item--bold article-body-paragraph article__item   \">En quelque sorte, vous passez par la fiction pour confronter vos connaissances \u00e0 la r\u00e9alit\u00e9 ?<\/p>\n<p class=\"paragraph article-body-paragraph article__item   \">L\u2019ambition de ma t\u00e9tralogie est de comprendre les \u00e9l\u00e9ments fondamentaux. Dans Humus, je m\u2019\u00e9tais int\u00e9ress\u00e9 \u00e0 la terre. On marche dessus en permanence, mais on ne sait pas ce qu\u2019il y a en dessous, alors que s\u2019y trouve la plus grande quantit\u00e9 de vivant sur notre plan\u00e8te. L\u2019eau, c\u2019est pareil, on ne se demande jamais d\u2019o\u00f9 elle vient. Or elle reste une ressource locale, m\u00eame dans les m\u00e9tropoles. S\u2019il ne pleut plus sur les aires d\u2019alimentation des captages, les ennuis commencent\u2026<\/p>\n<p class=\"paragraph article-body-paragraph article__item   \">Comme d\u2019habitude, j\u2019ai pass\u00e9 plusieurs mois \u00e0 me documenter. Dans de nombreux villages, j\u2019ai vu que la source historique remplissait encore son r\u00f4le, m\u00eame si elle a \u00e9t\u00e9 cach\u00e9e par la modernit\u00e9 : ma\u00e7onn\u00e9e, b\u00e9tonn\u00e9e, oubli\u00e9e\u2026<\/p>\n<p><strong class=\"article-body-link-list__item text-gray-800 article-body-link-list__item--one-item\">LIRE AUSSI : <a class=\"article-body-link-list__item-link\" href=\"https:\/\/www.lexpress.fr\/environnement\/steven-chu-ex-secretaire-a-lenergie-dobama-il-est-facile-detre-vertueux-quand-on-na-ni-petrole-ni-X2T44FXWEBEMNOSFVFT6IXHE7A\/\" target=\"_blank\" rel=\"noopener\">Steven Chu, prix Nobel et ex-secr\u00e9taire \u00e0 l\u2019Energie d\u2019Obama : \u00ab\u00a0Les militaires \u00e9taient mes meilleurs alli\u00e9s\u00a0\u00bb<\/a><\/strong><\/p>\n<p class=\"paragraph article__item--bold article-body-paragraph article__item   \">Avec le r\u00e9chauffement climatique, l\u2019eau va-t-elle devenir une ressource de plus en plus convoit\u00e9e ?<\/p>\n<p class=\"paragraph article-body-paragraph article__item   \">J\u2019ai volontairement situ\u00e9 ce roman en Normandie pour montrer qu\u2019il ne s\u2019agit pas simplement d\u2019un probl\u00e8me pour les Pyr\u00e9n\u00e9es-Orientales. En 2022, durant <a href=\"https:\/\/www.lexpress.fr\/environnement\/secheresses-et-vagues-de-chaleur-un-cocktail-explosif-pour-l-agriculture_2178067.html\" target=\"_self\" rel=\"noopener\" title=\"https:\/\/www.lexpress.fr\/environnement\/secheresses-et-vagues-de-chaleur-un-cocktail-explosif-pour-l-agriculture_2178067.html\">la grande s\u00e9cheresse<\/a>, une ville comme Angers est pass\u00e9e tout pr\u00e8s de la rupture d\u2019approvisionnement en eau potable. Les scientifiques qui appliquent les donn\u00e9es du Giec au niveau local expliquent que les quantit\u00e9s totales de pluie ne seront pas forc\u00e9ment modifi\u00e9es par le d\u00e9r\u00e8glement climatique, mais que la saisonnalit\u00e9 accrue des pr\u00e9cipitations va perturber le cycle de l\u2019eau au point de cr\u00e9er des p\u00e9nuries. Or une ville ou un village \u00e0 sec, c\u2019est un \u00e9v\u00e9nement dramatique. Aujourd\u2019hui, T\u00e9h\u00e9ran est menac\u00e9e. Barcelone ne survit que gr\u00e2ce aux usines de dessalement d\u2019eau de mer. Le Cap a failli atteindre le \u00ab\u00a0jour z\u00e9ro\u00a0\u00bb (sans eau) il y a quelques ann\u00e9es.<\/p>\n<\/p>\n<p class=\"paragraph article-body-paragraph article__item   \">Nous restons ainsi d\u00e9pendants d\u2019\u00e9l\u00e9ments naturels que nous ne voyons plus. Ce roman met en sc\u00e8ne un avenir climatique r\u00e9aliste, \u00e0 tr\u00e8s court terme, dans lequel les platanes font des fleurs en d\u00e9cembre. Le livre s\u2019ouvre par une sorte de mousson. Les Normands ont autant de termes pour d\u00e9signer l\u2019eau qui tombe du ciel que les Inuits pour d\u00e9crire la neige, du \u00ab\u00a0broussin\u00a0\u00bb \u00e0 l\u2019\u00a0\u00bbabernaud\u00e9e\u00a0\u00bb. Mais ils n\u2019ont plus de mot pour nommer ce d\u00e9luge hors-norme. Et puis, outre les pr\u00e9cipitations, il y a la g\u00e9ologie. La Normandie de l\u2019Est poss\u00e8de des nappes phr\u00e9atiques, mais celle de l\u2019Ouest repose sur du granit, une roche d\u2019origine volcanique, la plus dure qui soit, qui condamne l\u2019eau \u00e0 rester en surface. Dans mon village de l\u2019Orne, s\u2019il ne pleut plus \u00e0 partir de mai, on est \u00e0 sec en ao\u00fbt. On voit bien pourquoi <a href=\"https:\/\/www.lexpress.fr\/monde\/europe\/mega-bassines-en-espagne-le-modele-des-retenues-deau-a-bout-de-souffle-OOHHL7XZNFFFDJAG56I2ZTQZTU\/\" target=\"_self\" rel=\"noopener\" title=\"https:\/\/www.lexpress.fr\/monde\/europe\/mega-bassines-en-espagne-le-modele-des-retenues-deau-a-bout-de-souffle-OOHHL7XZNFFFDJAG56I2ZTQZTU\/\">la question des bassines se pose<\/a>. L\u2019eau, ce n\u2019est pas l\u2019\u00e9lectricit\u00e9, on ne peut pas l\u2019acheminer d\u2019un bout du pays \u00e0 l\u2019autre en urgence. Il faudra plut\u00f4t adapter les cultures, les pratiques et les modes de vie aux ressources dont nous disposons.<\/p>\n<p><img decoding=\"async\" src=\"https:\/\/www.europesays.com\/fr\/wp-content\/uploads\/2026\/01\/RM3J26ZG2ZEV3HTDG6GFOBTIJQ.jpg\" class=\"image-with-legend__cover-img\" alt=\"Aqua\" width=\"883\" height=\"0\" loading=\"lazy\"\/><\/p>\n<p class=\"image-with-legend__credits\"> \u00a9  \/ Merch Hub\/Shutterstock<\/p>\n<p class=\"paragraph article__item--bold article-body-paragraph article__item   \">Vous semblez sugg\u00e9rer que sauver la plan\u00e8te mobilisera bien moins que des probl\u00e8mes \u00e9cologiques au niveau local\u2026<\/p>\n<p class=\"paragraph article-body-paragraph article__item   \">On ne se met pas \u00e0 prendre soin de ses ressources par conviction intellectuelle. Il faut \u00eatre confront\u00e9 \u00e0 une n\u00e9cessit\u00e9 vitale. S\u2019il n\u2019y a plus d\u2019eau, on est pouss\u00e9 \u00e0 l\u2019action. Mais pour que naisse ce sentiment de responsabilit\u00e9 collective, il ne faut pas que l\u2019Etat soit toujours derri\u00e8re notre dos, en nous disant : \u00ab\u00a0ne vous inqui\u00e9tez pas, on va vous sauver\u00a0\u00bb. Quand il n\u2019y a plus assez de poissons pour tous les p\u00eacheurs, cela devient un probl\u00e8me existentiel pour les membres de la communaut\u00e9, qui n\u2019ont pas d\u2019autre choix que de se r\u00e9unir pour tenter d\u2019\u00e9tablir des r\u00e8gles.<\/p>\n<p><strong class=\"article-body-link-list__item text-gray-800 article-body-link-list__item--one-item\">LIRE AUSSI : <a class=\"article-body-link-list__item-link\" href=\"https:\/\/www.lexpress.fr\/environnement\/attention-aux-apprentis-sorciers-du-climat-le-debat-laurent-fabius-thomas-buberl-MZLR75CBPNAGHH4LOZTCTZINZM\/\" target=\"_blank\" rel=\"noopener\">\u00ab\u00a0Attention aux apprentis sorciers du climat !\u00a0\u00bb : le d\u00e9bat Laurent Fabius-Thomas Buberl<\/a><\/strong><\/p>\n<p class=\"paragraph article__item--bold article-body-paragraph article__item   \">Sur le plan politique aussi, vous ne semblez plus que jurer par le local\u2026<\/p>\n<p class=\"paragraph article-body-paragraph article__item   \">Je fais une description sans merci de la haute fonction publique. C\u2019est un milieu politico-administratif hors sol. Mon personnage Martin est un fonctionnaire mod\u00e8le, issu d\u2019une famille modeste, un social-d\u00e9mocrate voulant bien faire. C\u2019est un st\u00e9r\u00e9otype, mais qui gagne en complexit\u00e9 au fil du livre.<\/p>\n<p class=\"paragraph article-body-paragraph article__item   \">La haute fonction publique a d\u00e9velopp\u00e9 un m\u00e9pris instinctif pour les personnes qui ne savent pas formaliser leurs connaissances. Le savoir vernaculaire, empirique, pourtant tr\u00e8s riche, perd toujours face aux sigles administratifs. L\u2019avalanche bureaucratique d\u00e9courage aujourd\u2019hui beaucoup de maires. Dans le roman, Maria, nouvellement \u00e9lue, d\u00e9couvre des circulaires auxquelles elle ne comprend rien. Il y a une d\u00e9possession de la d\u00e9mocratie locale par le formalisme du vocabulaire technocratique. Ce ne sont pas nos vies qui seraient devenues plus complexes, c\u2019est le pouvoir qui cr\u00e9e de la complexit\u00e9 pour domestiquer nos vies.<\/p>\n<p class=\"paragraph article__item--bold article-body-paragraph article__item   \">L\u2019intercommunalit\u00e9 est-elle le nouveau ch\u00e2teau kafka\u00efen ?<\/p>\n<p class=\"paragraph article-body-paragraph article__item   \">Le fait de transf\u00e9rer autoritairement les comp\u00e9tences des communes pour les mettre entre les mains des intercos cr\u00e9e une situation terrible. Les citoyens continuent \u00e0 adresser leurs dol\u00e9ances au maire, mais celui-ci n\u2019a plus les outils pour y r\u00e9pondre. D\u2019o\u00f9 le grand malaise de ces \u00e9lus. L\u2019intercommunalit\u00e9 s\u2019\u00e9tend sur plusieurs dizaines de kilom\u00e8tres. C\u2019est d\u00e9j\u00e0 le d\u00e9but de l\u2019abstraction. On a cr\u00e9\u00e9 ces structures pour des raisons compr\u00e9hensibles de synergie et d\u2019efficience mais, politiquement, c\u2019est d\u00e9vastateur, car on a d\u00e9truit le dernier \u00e9chelon qui restait entre l\u2019individu et le pouvoir central : le maire. Pas \u00e9tonnant que LFI (pourtant pas mes amis) ait d\u00e9fini pour les municipales un programme \u00ab\u00a0communaliste\u00a0\u00bb &#8211; y compris sur la question de l\u2019eau.<\/p>\n<p class=\"paragraph article__item--bold article-body-paragraph article__item   \">Votre roman n\u2019\u00e9pargne pas les n\u00e9oruraux. Vous-m\u00eame, \u00eates-vous un homme des villes ou des champs ?<\/p>\n<p class=\"paragraph article-body-paragraph article__item   \">Ma l\u00e9gitimit\u00e9 \u00e0 dire du mal de tout le monde vient du fait que je commence par en dire de moi-m\u00eame\u2026 Dans tous mes romans, il y a toujours un personnage nomm\u00e9 Gaspard qui rappelle mon ancien moi et que j\u2019\u00e9reinte. Dans Aqua, le Gaspard est une plume dans un cabinet minist\u00e9riel.<\/p>\n<p class=\"paragraph article-body-paragraph article__item   \">Les n\u00e9oruraux en prennent en effet pour leur grade. Parmi mes personnages secondaires figure une architecte \u00e9nerv\u00e9e par la sonnerie des cloches de l\u2019\u00e9glise, qui croit sinc\u00e8rement que le village devrait lui rendre gr\u00e2ce d\u2019\u00eatre l\u00e0. Mais il y a tous les profils sociologiques, depuis Jobard, le maire en place qui incarne l\u2019agriculture dominante, jusqu\u2019\u00e0 l\u2019ing\u00e9nieur ou l\u2019instit, en passant par des ouvriers, des immigr\u00e9s, des petits paysans\u2026<\/p>\n<p class=\"paragraph article-body-paragraph article__item   \">Personnellement, je suis r\u00e9concili\u00e9 avec mes deux identit\u00e9s et j\u2019\u00e9vite d\u2019opposer les deux mondes. On peut vivre la ville de mani\u00e8re tr\u00e8s \u00e9cologique, en observant les plantes rud\u00e9rales et les oiseaux qui y reviennent depuis l\u2019interdiction des produits phytosanitaires, de m\u00eame qu\u2019on peut habiter \u00e0 la campagne en restant totalement isol\u00e9 de la nature et de son environnement.<\/p>\n<p class=\"paragraph article__item--bold article-body-paragraph article__item   \">L\u2019une des h\u00e9ro\u00efnes est naturopathe. Ne donnez-vous pas un trop beau r\u00f4le \u00e0 cette pseudoscience ?<\/p>\n<p class=\"paragraph article-body-paragraph article__item   \">Face aux d\u00e9serts m\u00e9dicaux r\u00e9apparaissent naturellement des personnages qui rappellent les sorci\u00e8res ou rebouteux d\u2019autrefois, avec un petit fond scientifique en plus. On voit les plaques se multiplier dans les villages : magn\u00e9tiseur, \u00e9nerg\u00e9ticien, auriculoth\u00e9rapeute\u2026 Le r\u00f4le historique de la sorci\u00e8re est aussi celui de l\u2019\u00e9coute. C\u2019est une forme de psychanalyse rurale.<\/p>\n<p class=\"paragraph article-body-paragraph article__item   \">J\u2019ai lu plusieurs livres de mythologie normande, que j\u2019ai compil\u00e9s en inventant la l\u00e9gende de Saint-Firmin. On s\u2019aper\u00e7oit que ces mythes donnent souvent des cl\u00e9s de compr\u00e9hension sur l\u2019eau, les sols, etc. Il est \u00e9vident que la science moderne a permis de d\u00e9passer bien des croyances obsol\u00e8tes. Mais on retrouve aussi des savoirs traditionnels qui avaient \u00e9t\u00e9 valid\u00e9s empiriquement, et dont les scientifiques saisissent d\u00e9sormais mieux les raisons, y compris dans le champ de l\u2019agro\u00e9cologie. Les chemins creux bord\u00e9s de haies ou les m\u00e9andres des rivi\u00e8res, en favorisant la diversit\u00e9 des milieux, rendent service aux cultures humaines.<\/p>\n<p><strong class=\"article-body-link-list__item text-gray-800 article-body-link-list__item--one-item\">LIRE AUSSI : <a class=\"article-body-link-list__item-link\" href=\"https:\/\/www.lexpress.fr\/sciences-sante\/le-naturopathe-fait-office-de-medecin-generaliste-lalerte-dune-journaliste-sur-les-pseudo-therapies-OGHGLRQCXZDSXJLSH6Y7PXIHYU\/\" target=\"_blank\" rel=\"noopener\">Margot Brunet : \u00ab\u00a0D\u00e9sormais, le naturopathe fait office de m\u00e9decin g\u00e9n\u00e9raliste\u00a0\u00bb<\/a><\/strong><\/p>\n<p class=\"paragraph article__item--bold article-body-paragraph article__item   \">Des \u00e9leveurs se sont oppos\u00e9s \u00e0 l\u2019abattage de leur b\u00e9tail pour faire face \u00e0 la dermatose nodulaire. Les comprenez-vous ?<\/p>\n<p class=\"paragraph article-body-paragraph article__item   \">Je suis tr\u00e8s sensible au discours assez raisonnable des \u00e9leveurs, qui mettent sur la table des options alternatives (abattage s\u00e9lectif, tests syst\u00e9matiques, etc). Penser qu\u2019un d\u00e9dommagement financier suffit \u00e0 compenser la perte d\u2019un troupeau constitu\u00e9 pendant des d\u00e9cennies, voil\u00e0 bien une logique comptable d\u2019\u00e9narque ! Face \u00e0 une \u00e9pid\u00e9mie de ce type, des m\u00e9thodes de gestion par les communs peuvent justement \u00eatre utiles. Aujourd\u2019hui, nous sacrifions la petite paysannerie pour ne pas p\u00e9naliser nos exportations.<\/p>\n<p class=\"paragraph article__item--bold article-body-paragraph article__item   \">Vous ne d\u00e9fendez donc pas l\u2019accord commercial avec le Mercosur ?<\/p>\n<p class=\"paragraph article-body-paragraph article__item   \">J\u2019ai \u00e9volu\u00e9 sur la question du libre-\u00e9change. Quand il y a une vraie r\u00e9ciprocit\u00e9, je suis bien s\u00fbr en faveur du commerce. Mais il est \u00e9vident qu\u2019on ne peut pas imposer certaines normes \u00e0 nos agriculteurs, et importer des produits qui ne les respectent pas.<\/p>\n<p class=\"paragraph article__item--bold article-body-paragraph article__item   \">Le Mercosur n\u2019est-il pas un simple bouc \u00e9missaire de la crise agricole fran\u00e7aise ?<\/p>\n<p class=\"paragraph article-body-paragraph article__item   \"><a href=\"https:\/\/www.lexpress.fr\/economie\/politique-economique\/derriere-le-mercosur-et-la-dermatose-une-agriculture-francaise-en-peril-BTP73HFUT5EBLOWAMU4QUSLJRU\/\" target=\"_self\" rel=\"noopener\" title=\"https:\/\/www.lexpress.fr\/economie\/politique-economique\/derriere-le-mercosur-et-la-dermatose-une-agriculture-francaise-en-peril-BTP73HFUT5EBLOWAMU4QUSLJRU\/\">Notre agriculture est en crise<\/a> car elle se trouve dans une transition difficile entre deux mod\u00e8les. Le productivisme est en train de tuer la production. Il faudrait assumer l\u2019agro\u00e9cologie, l\u2019horizon actuel de la science agronomique, capable de restaurer les sols, de r\u00e9tablir la biodiversit\u00e9, d\u2019assainir l\u2019eau, de stocker du carbone, de renforcer les microbiotes (des sols comme de nos intestins) et d\u2019assurer des rendements p\u00e9rennes.<\/p>\n<p class=\"paragraph article-body-paragraph article__item   \">Exemple : aujourd\u2019hui, l\u2019eau est pollu\u00e9e par les produits d\u00e9vers\u00e9s dans les sols, avant d\u2019\u00eatre d\u00e9pollu\u00e9e dans des usines de traitement complexes et co\u00fbteuses. Si les aires d\u2019alimentation des captages \u00e9taient saines, il suffirait souvent d\u2019un peu de chlore pour potabiliser l\u2019eau\u2026<\/p>\n<p class=\"paragraph article__item--bold article-body-paragraph article__item   \">Comment expliquez-vous les maigres scores de l\u2019\u00e9cologie politique, surtout en milieu rural ?<\/p>\n<p class=\"paragraph article-body-paragraph article__item   \">Elle est devenue plus politique qu\u2019\u00e9cologique. Les Ecologistes ne parlent que de l\u2019union des gauches et de la taxation des riches (l\u2019objet de leur niche parlementaire), ils n\u2019ont plus gu\u00e8re de voix sur la nature. <a href=\"https:\/\/www.lexpress.fr\/idees-et-debats\/je-le-repete-parce-que-cest-enorme-quand-marine-tondelier-maltraite-les-chiffres-du-cancer-CXX3XSYERJE4PBWHOFIEZLZRVI\/\" target=\"_self\" rel=\"noopener\" title=\"https:\/\/www.lexpress.fr\/idees-et-debats\/je-le-repete-parce-que-cest-enorme-quand-marine-tondelier-maltraite-les-chiffres-du-cancer-CXX3XSYERJE4PBWHOFIEZLZRVI\/\">Marine Tondelier<\/a> parle du pouvoir d\u2019achat en ironisant sur \u00ab\u00a0les petits oiseaux\u00a0\u00bb. Elle se trompe compl\u00e8tement. Non seulement les petits oiseaux et la crise du vivant sont essentiels. Mais en plus elle enferme l\u2019\u00e9cologie politique dans un champ militant tr\u00e8s r\u00e9duit. R\u00e9sultat, les nombreux acteurs de l\u2019\u00e9cologie que je rencontre sur le terrain ne s\u2019y retrouvent plus. Les responsables politiques qui ambitionnent de prendre la place d\u2019Emmanuel Macron et d\u2019incarner un centre progressiste devraient avoir un discours fond\u00e9 sur une transition \u00e9cologique int\u00e9grale et r\u00e9aliste. Il y a l\u00e0 un espace politique consid\u00e9rable.<\/p>\n<p class=\"paragraph article-body-paragraph article__item   \">J\u2019observe avec int\u00e9r\u00eat un jeune parti, Equinoxe, qui a fait 7 % dans une l\u00e9gislative partielle dans l\u2019Is\u00e8re. Il est form\u00e9 par des ing\u00e9nieurs \u00e0 la fois pro nucl\u00e9aires, favorables \u00e0 la r\u00e9forme des retraites, f\u00e9d\u00e9ralistes et d\u00e9croissants. Je me reconnais dans ce discours. C\u2019est une \u00e9cologie radicale, mais pas d\u2019extr\u00eame gauche.<\/p>\n<p class=\"paragraph article__item--bold article-body-paragraph article__item   \">Vous qualifiez au passage Cristaline, boisson pr\u00e9f\u00e9r\u00e9e des Fran\u00e7ais, comme \u00e9tant \u00ab\u00a0l\u2019une des plus formidables arnaques marketing jamais imagin\u00e9es\u00a0\u00bb\u2026<\/p>\n<p class=\"paragraph article-body-paragraph article__item   \">Je pr\u00e9cise pour des raisons l\u00e9gales que c\u2019est dans la bouche d\u2019un personnage [rires]. Les consommateurs ignorent parfois la diff\u00e9rence entre eaux min\u00e9rales et eaux de source. Les premi\u00e8res s\u2019approvisionnent dans des nappes sp\u00e9cifiques. C\u2019est le cas de marques comme Evian ou Vittel. Elles connaissent aujourd\u2019hui de grandes difficult\u00e9s, car r\u00e9glementairement, elles n\u2019ont pas le droit de traiter une eau cens\u00e9e \u00eatre naturellement pure. Sauf qu\u2019il n\u2019y a plus d\u2019eau pure, nulle part ! M\u00eame dans l\u2019eau qui tombe sur le plateau du Tibet, on retrouve des microplastiques et des Pfas\u2026<\/p>\n<p class=\"paragraph article-body-paragraph article__item   \">Les eaux de source, quant \u00e0 elles, ont le droit d\u2019appliquer des traitements. Cristaline, une entreprise originaire de l\u2019Orne, poss\u00e8de aujourd\u2019hui une trentaine de points de captage partout sur le territoire fran\u00e7ais. Elle puise l\u2019eau, la d\u00e9pollue et la commercialise. C\u2019est exactement le m\u00eame processus que pour l\u2019eau de ville, sauf qu\u2019elle est mise dans des bouteilles en plastique et co\u00fbte cent fois plus cher. Alors qu\u2019il suffirait de remplir une gourde au robinet\u2026<\/p>\n<p class=\"paragraph article__item--bold article-body-paragraph article__item   \">L\u2019eau prend dans votre roman une dimension spirituelle\u2026<\/p>\n<p class=\"paragraph article-body-paragraph article__item   \">C\u2019est l\u2019\u00e9l\u00e9ment purificateur par excellence. Et c\u2019est un lien entre nous. La masse d\u2019eau reste stable au fil des si\u00e8cles et mill\u00e9naires. Elle circule en permanence et revient. Statistiquement, l\u2019eau qu\u2019on boit contient des mol\u00e9cules qu\u2019avait bues Jules C\u00e9sar\u2026<\/p>\n<p class=\"paragraph article__item--bold article-body-paragraph article__item   \">Michel Sardou a consacr\u00e9 une tr\u00e8s belle chanson sur ce th\u00e8me, La Pluie de Jules C\u00e9sar\u2026<\/p>\n<p class=\"paragraph article-body-paragraph article__item   \">Je ne connaissais pas cette chanson. Mais en 1970, Georges Pompidou a eu un discours visionnaire, expliquant que la richesse de demain, c\u2019est d\u2019avoir de l\u2019air pur et de l\u2019eau fra\u00eeche. Or aujourd\u2019hui, c\u2019est devenu impossible.<\/p>\n<p class=\"paragraph article__item--bold article-body-paragraph article__item   \">L\u2019Express inaugure une formule plus europ\u00e9enne. Comment voyez l\u2019avenir de notre continent ?<\/p>\n<p class=\"paragraph article-body-paragraph article__item   \">Dans le roman, je mets en sc\u00e8ne des touristes chinoises qui se prom\u00e8nent dans le village de Saint-Firmin comme nous nous promenions il y a trente ans dans ce qu\u2019on appelait encore le tiers-monde. Tout d\u2019un coup, c\u2019est nous Europ\u00e9ens qui sommes devenus le spectacle. Ces touristes chinoises viennent d\u2019un univers beaucoup plus technologis\u00e9, et la France leur appara\u00eet arri\u00e9r\u00e9e. L\u2019Europe est train de devenir un espace de domin\u00e9s.<\/p>\n<p class=\"paragraph article__item--bold article-body-paragraph article__item   \">Sommes-nous destin\u00e9s \u00e0 devenir le conservatoire du monde ?<\/p>\n<p class=\"paragraph article-body-paragraph article__item   \">La vision optimiste, c\u2019est que nous avons un coup d\u2019avance. Pour les pays qui sont entr\u00e9s dans des crises li\u00e9es \u00e0 la surexploitation des ressources naturelles et \u00e0 l\u2019industrialisation, nous pouvons offrir un contre-mod\u00e8le fond\u00e9 sur l\u2019Etat de droit, la pr\u00e9servation de l\u2019environnement, le respect de l\u2019ordre international, la libert\u00e9 d\u2019entreprendre\u2026 Autrement dit un mod\u00e8le lib\u00e9ral classique, la croissance en moins. Quand les autres pays deviennent illib\u00e9raux, nous pouvons tirer de nos suppos\u00e9es faiblesses une force incroyable.<\/p>\n<p class=\"paragraph article-body-paragraph article__item    article__text__endpicto\">Mais si l\u2019Europe se persuade elle-m\u00eame qu\u2019elle est en retard, elle va perdre sur tous les plans. En mati\u00e8re d\u2019IA, elle ne fera pas mieux que la Chine ou les Etats-Unis. L\u2019Europe pourrait devenir un des rares espaces vivables de notre plan\u00e8te, un laboratoire de l\u2019habitabilit\u00e9 dans un monde en crise politique et environnementale.<\/p>\n<p>.<\/p>\n","protected":false},"excerpt":{"rendered":"En 2023, Gaspard Koenig avait s\u00e9duit plus de 100 000 lecteurs avec une histoire de vers de terre.&hellip;\n","protected":false},"author":2,"featured_media":640713,"comment_status":"","ping_status":"","sticky":false,"template":"","format":"standard","meta":{"footnotes":""},"categories":[1586],"tags":[11,251,1777,674,1011,27,1380,12,25],"class_list":{"0":"post-640712","1":"post","2":"type-post","3":"status-publish","4":"format-standard","5":"has-post-thumbnail","7":"category-europe","8":"tag-actualites","9":"tag-culture","10":"tag-eu","11":"tag-europe","12":"tag-fr","13":"tag-france","14":"tag-livres","15":"tag-news","16":"tag-republique-francaise"},"share_on_mastodon":{"url":"https:\/\/pubeurope.com\/@fr\/115837820264049567","error":""},"_links":{"self":[{"href":"https:\/\/www.europesays.com\/fr\/wp-json\/wp\/v2\/posts\/640712","targetHints":{"allow":["GET"]}}],"collection":[{"href":"https:\/\/www.europesays.com\/fr\/wp-json\/wp\/v2\/posts"}],"about":[{"href":"https:\/\/www.europesays.com\/fr\/wp-json\/wp\/v2\/types\/post"}],"author":[{"embeddable":true,"href":"https:\/\/www.europesays.com\/fr\/wp-json\/wp\/v2\/users\/2"}],"replies":[{"embeddable":true,"href":"https:\/\/www.europesays.com\/fr\/wp-json\/wp\/v2\/comments?post=640712"}],"version-history":[{"count":0,"href":"https:\/\/www.europesays.com\/fr\/wp-json\/wp\/v2\/posts\/640712\/revisions"}],"wp:featuredmedia":[{"embeddable":true,"href":"https:\/\/www.europesays.com\/fr\/wp-json\/wp\/v2\/media\/640713"}],"wp:attachment":[{"href":"https:\/\/www.europesays.com\/fr\/wp-json\/wp\/v2\/media?parent=640712"}],"wp:term":[{"taxonomy":"category","embeddable":true,"href":"https:\/\/www.europesays.com\/fr\/wp-json\/wp\/v2\/categories?post=640712"},{"taxonomy":"post_tag","embeddable":true,"href":"https:\/\/www.europesays.com\/fr\/wp-json\/wp\/v2\/tags?post=640712"}],"curies":[{"name":"wp","href":"https:\/\/api.w.org\/{rel}","templated":true}]}}