{"id":640727,"date":"2026-01-04T16:51:10","date_gmt":"2026-01-04T16:51:10","guid":{"rendered":"https:\/\/www.europesays.com\/fr\/640727\/"},"modified":"2026-01-04T16:51:10","modified_gmt":"2026-01-04T16:51:10","slug":"cc-coupe-du-monde-9-elite-hommes-classements-actualite","status":"publish","type":"post","link":"https:\/\/www.europesays.com\/fr\/640727\/","title":{"rendered":"CC &#8211; Coupe du Monde #9 &#8211; \u00c9lite Hommes : Classements &#8211; Actualit\u00e9"},"content":{"rendered":"<p>Mathieu Van der Poel (Alpecin-Premier Tech) a remport\u00e9, ce dimanche, \u00e0 Zonhoven (Province de Limbourg), la neuvi\u00e8me manche de la Coupe du Monde de cyclo-cross dans la cat\u00e9gorie \u00c9lite Hommes. Le Champion du Monde a devanc\u00e9 son co\u00e9quipier Tibor Del Grosso et Emiel Verstrynge (Crelan-Corendon).<\/p>\n<p>Mathieu Van der Poel s&#8217;empare du m\u00eame coup de la t\u00eate de la Coupe du Monde Cyclo-cross UCI.<\/p>\n<p>        R\u00e9sultats CC &#8211; Zonhoven &#8211; Coupe du Monde &#8211; \u00c9lite Hommes<\/p>\n<p><strong>Classement de la Coupe du Monde apr\u00e8s neuf manches :<\/strong><br \/>1. VAN DER POEL Mathieu NED 200 pts<br \/>2. NYS Thibau BEL 190<br \/>3. VANTHOURENHOUT BEL 187<br \/>4. SWEECK Laurens BEL 186<br \/>5. VANDEPUTTE Niels BEL 176<br \/>6. VERSTRYNGE Emiel BEL 165<br \/>7. AERTS Toon BEL 141<br \/>8. DEL GROSSO Tibor NED 139<br \/>9. HENDRIKX Mees NED 131<br \/>10. NIEUWENHUIS Joris NED 122<br \/>11. VAN DER HAAR Lars NED 122<br \/>12. VANDEBOSCH Toon BEL 109<br \/>13. WYSEURE Joran BEL 107<br \/>14. KAMP Ryan NED 105<br \/>15. RONHAAR Pim NED 102<br \/>16. MASON Cameron GBR 82<br \/>17. MICHELS Jente BEL 82<br \/>18. ORTS LLORET Felipe ESP 77<br \/>19. MEEUSSEN Witse BEL 70<br \/>20. KUHN Kevin SUI 68<br \/>21. VAN DE PUTTE Victor BEL 62<br \/>22. BORO\u0160 Michael CZE 50<br \/>23. FONTANA Filippo ITA 45<br \/>24. VAN AERT Wout BEL 39<br \/>25. BOMMENEL Nathan FRA 37<br \/>26. AGOSTINACCHIO Filippo ITA 27<br \/>27. JANSSEN Wout BEL 26<br \/>28. LELANDAIS R\u00e9mi FRA 26<br \/>29. STROHMEYER Andrew USA 24<br \/>30. GROSLAMBERT Martin FRA 22<br \/>31. MENUT David FRA 21<br \/>32. KUYPERS Gerben BEL 18<br \/>33. MEIN Thomas GBR 14<br \/>34. AGOSTINACCHIO Mattia ITA 13<br \/>35. CEOLIN Federico ITA 12<br \/>36. VANDEN EYNDE Mats BEL 11<br \/>37. BERTOLINI Gioele ITA 10<br \/>38. THOMAS Th\u00e9o FRA 10<br \/>39. VAN LIEROP Danny NED 10<br \/>40. CORSUS Yordi BEL 9<br \/>41. HAVERDINGS David NED 8<br \/>42. FERRI Tommaso ITA 7<br \/>43. SCAPPINI Samuele ITA 7<br \/>44. DE BRAUWERE Sil BEL 6<br \/>45. GAILLARD Florian FRA 6<br \/>46. SPARFEL Aubin FRA 5<br \/>47. INGUANZO MACHO Gonzalo ESP 5<br \/>48. VANDENBERGHE Viktor BEL 5<br \/>49. BISIAUX L\u00e9o FRA 4<br \/>50. DEBORD Romain FRA 4<br \/>51. HAVERDINGS Floris NED 4<br \/>52. VERRIER Tristan FRA 4<br \/>53. GROENENDAAL Bailey DEN 4<br \/>54. COURCIER Thomas FRA 3<br \/>55. SUAREZ FERNANDEZ Kevin ESP 3<br \/>56. VAN DEN EIJNDEN Guus NED 2<br \/>57. JUNQUERA SAN MILLAN ESP 2<br \/>58. JE\u017dEK V\u00e1clav CZE 2<br \/>59. FOLCARELLI Antonio ITA 2<br \/>60. DE BRUYCKERE Kay BEL 1<br \/>61. DE LONGHI Lorenzo ITA 1<br \/>Source : <a href=\"https:\/\/www.uci.org\" target=\"_blank\" rel=\"noopener\">www.uci.org<\/a><\/p>\n","protected":false},"excerpt":{"rendered":"Mathieu Van der Poel (Alpecin-Premier Tech) a remport\u00e9, ce dimanche, \u00e0 Zonhoven (Province de Limbourg), la neuvi\u00e8me manche&hellip;\n","protected":false},"author":2,"featured_media":640728,"comment_status":"","ping_status":"","sticky":false,"template":"","format":"standard","meta":{"footnotes":""},"categories":[1411],"tags":[834,828,836,829,837,827,83,826,824,823,1154,207,814,817,815,816,822,821,832,211,839,1011,27,820,818,819,835,831,830,833,838,60,212,208,825],"class_list":{"0":"post-640727","1":"post","2":"type-post","3":"status-publish","4":"format-standard","5":"has-post-thumbnail","7":"category-cyclisme","8":"tag-attaque","9":"tag-belgique","10":"tag-braquet","11":"tag-bretagne","12":"tag-chute","13":"tag-competition","14":"tag-coupe-de-france","15":"tag-coureur","16":"tag-course-cyclisme","17":"tag-course-cycliste","18":"tag-cycling","19":"tag-cyclisme","20":"tag-direct","21":"tag-direct-velo","22":"tag-directvelo","23":"tag-directvelo-com","24":"tag-epreuve","25":"tag-epreuve-cycliste","26":"tag-federation-francaise-de-cyclisme","27":"tag-ffc","28":"tag-flandres","29":"tag-fr","30":"tag-france","31":"tag-live","32":"tag-live-course","33":"tag-live-epreuve","34":"tag-peloton","35":"tag-radio-peloton","36":"tag-radio-tour","37":"tag-ravitaillement","38":"tag-relance","39":"tag-sports","40":"tag-uci","41":"tag-velo","42":"tag-velos"},"share_on_mastodon":{"url":"https:\/\/pubeurope.com\/@fr\/115837867381244628","error":""},"_links":{"self":[{"href":"https:\/\/www.europesays.com\/fr\/wp-json\/wp\/v2\/posts\/640727","targetHints":{"allow":["GET"]}}],"collection":[{"href":"https:\/\/www.europesays.com\/fr\/wp-json\/wp\/v2\/posts"}],"about":[{"href":"https:\/\/www.europesays.com\/fr\/wp-json\/wp\/v2\/types\/post"}],"author":[{"embeddable":true,"href":"https:\/\/www.europesays.com\/fr\/wp-json\/wp\/v2\/users\/2"}],"replies":[{"embeddable":true,"href":"https:\/\/www.europesays.com\/fr\/wp-json\/wp\/v2\/comments?post=640727"}],"version-history":[{"count":0,"href":"https:\/\/www.europesays.com\/fr\/wp-json\/wp\/v2\/posts\/640727\/revisions"}],"wp:featuredmedia":[{"embeddable":true,"href":"https:\/\/www.europesays.com\/fr\/wp-json\/wp\/v2\/media\/640728"}],"wp:attachment":[{"href":"https:\/\/www.europesays.com\/fr\/wp-json\/wp\/v2\/media?parent=640727"}],"wp:term":[{"taxonomy":"category","embeddable":true,"href":"https:\/\/www.europesays.com\/fr\/wp-json\/wp\/v2\/categories?post=640727"},{"taxonomy":"post_tag","embeddable":true,"href":"https:\/\/www.europesays.com\/fr\/wp-json\/wp\/v2\/tags?post=640727"}],"curies":[{"name":"wp","href":"https:\/\/api.w.org\/{rel}","templated":true}]}}