{"id":640733,"date":"2026-01-04T16:54:23","date_gmt":"2026-01-04T16:54:23","guid":{"rendered":"https:\/\/www.europesays.com\/fr\/640733\/"},"modified":"2026-01-04T16:54:23","modified_gmt":"2026-01-04T16:54:23","slug":"cliche-de-zef-un-lever-de-soleil-digne-dun-feu-dartifice-a-porspoder","status":"publish","type":"post","link":"https:\/\/www.europesays.com\/fr\/640733\/","title":{"rendered":"Clich\u00e9 de Zef\u00a0: un lever de soleil \u00ab\u00a0digne d\u2019un feu d\u2019artifice\u00a0\u00bb \u00e0 Porspoder"},"content":{"rendered":"<p>\u00ab\u00a0Un lever de soleil f\u00e9erique digne d\u2019un feu d\u2019artifice de Premier de l&rsquo;an. Une fa\u00e7on de nous annoncer une ann\u00e9e pleine de couleurs photographiques\u00a0\u00bb, nous \u00e9crit Jacques Le Guen, de Porspoder. Merci \u00e0 lui d\u2019avoir pens\u00e9 \u00e0 nous\u00a0! Si vous souhaitez, vous aussi, contribuer \u00e0 <a href=\"https:\/\/www.letelegramme.fr\/recherche\/?keywords[]=cliche-de-zef\" title=\"www.letelegramme.fr\" target=\"_blank\" rel=\"noopener\">cette rubrique<\/a>, adressez vos images, en haute r\u00e9solution et imp\u00e9rativement en format paysage (\u00e9vitez le mode panoramique), \u00e0 l\u2019adresse courriel cliches.brest@letelegramme.fr. Portraits, paysages, sc\u00e8nes de la vie quotidienne, insolite\u2026 Tout est permis\u00a0! L\u2019envoi de vos prises de vue vaut autorisation gratuite de les publier dans Le T\u00e9l\u00e9gramme, sur letelegramme.fr et les r\u00e9seaux sociaux.<\/p>\n","protected":false},"excerpt":{"rendered":"\u00ab\u00a0Un lever de soleil f\u00e9erique digne d\u2019un feu d\u2019artifice de Premier de l&rsquo;an. Une fa\u00e7on de nous annoncer&hellip;\n","protected":false},"author":2,"featured_media":640734,"comment_status":"","ping_status":"","sticky":false,"template":"","format":"standard","meta":{"footnotes":""},"categories":[1358],"tags":[1348,1384,1385,3450,22873,1386,58,59,1011,27,1756,53944],"class_list":{"0":"post-640733","1":"post","2":"type-post","3":"status-publish","4":"format-standard","5":"has-post-thumbnail","7":"category-arts-et-design","8":"tag-arts","9":"tag-arts-and-design","10":"tag-arts-et-design","11":"tag-brest","12":"tag-cliche-de-zef","13":"tag-design","14":"tag-divertissement","15":"tag-entertainment","16":"tag-fr","17":"tag-france","18":"tag-photographie","19":"tag-porspoder"},"share_on_mastodon":{"url":"https:\/\/pubeurope.com\/@fr\/115837879011269195","error":""},"_links":{"self":[{"href":"https:\/\/www.europesays.com\/fr\/wp-json\/wp\/v2\/posts\/640733","targetHints":{"allow":["GET"]}}],"collection":[{"href":"https:\/\/www.europesays.com\/fr\/wp-json\/wp\/v2\/posts"}],"about":[{"href":"https:\/\/www.europesays.com\/fr\/wp-json\/wp\/v2\/types\/post"}],"author":[{"embeddable":true,"href":"https:\/\/www.europesays.com\/fr\/wp-json\/wp\/v2\/users\/2"}],"replies":[{"embeddable":true,"href":"https:\/\/www.europesays.com\/fr\/wp-json\/wp\/v2\/comments?post=640733"}],"version-history":[{"count":0,"href":"https:\/\/www.europesays.com\/fr\/wp-json\/wp\/v2\/posts\/640733\/revisions"}],"wp:featuredmedia":[{"embeddable":true,"href":"https:\/\/www.europesays.com\/fr\/wp-json\/wp\/v2\/media\/640734"}],"wp:attachment":[{"href":"https:\/\/www.europesays.com\/fr\/wp-json\/wp\/v2\/media?parent=640733"}],"wp:term":[{"taxonomy":"category","embeddable":true,"href":"https:\/\/www.europesays.com\/fr\/wp-json\/wp\/v2\/categories?post=640733"},{"taxonomy":"post_tag","embeddable":true,"href":"https:\/\/www.europesays.com\/fr\/wp-json\/wp\/v2\/tags?post=640733"}],"curies":[{"name":"wp","href":"https:\/\/api.w.org\/{rel}","templated":true}]}}