{"id":640735,"date":"2026-01-04T16:56:08","date_gmt":"2026-01-04T16:56:08","guid":{"rendered":"https:\/\/www.europesays.com\/fr\/640735\/"},"modified":"2026-01-04T16:56:08","modified_gmt":"2026-01-04T16:56:08","slug":"cette-serie-a-succes-va-etre-diffusee-chaque-jour-sur-france-3","status":"publish","type":"post","link":"https:\/\/www.europesays.com\/fr\/640735\/","title":{"rendered":"Cette s\u00e9rie \u00e0 succ\u00e8s va \u00eatre diffus\u00e9e chaque jour sur France 3"},"content":{"rendered":"<p>\n\t\t\t\t\t\tPubli\u00e9 le 04\/01\/2026 \u00e0 14:50<\/p>\n<p>France 3 bouleverse sa programmation pour ses apr\u00e8s-midis en ce d\u00e9but d\u2019ann\u00e9e 2026. Exit <strong> OPJ<\/strong>  et <strong> Candice Renoir<\/strong> , une s\u00e9rie \u00e0 succ\u00e8s s\u2019appr\u00eate \u00e0 d\u00e9barquer sur la cha\u00eene apr\u00e8s les vacances de No\u00ebl\u2026<\/p>\n<p>En ce d\u00e9but d\u2019ann\u00e9e 2026, <a href=\"https:\/\/toutelatele.ouest-france.fr\/france-3-012\" target=\"_blank\" rel=\"noopener\">France 3<\/a> change sa programmation pour ses apr\u00e8s-midis. Pour rappel, \u00e0 la rentr\u00e9e de septembre 2025, la cha\u00eene avait fait le choix de miser sur trois \u00e9pisodes de <a href=\"https:\/\/toutelatele.ouest-france.fr\/candice-renoir-1189\" target=\"_blank\" rel=\"noopener\"><strong> Candice Renoir<\/strong> <\/a> l\u2019apr\u00e8s-midi du lundi au vendredi.<\/p>\n<p>Ensuite, depuis le 2 d\u00e9cembre 2025, <a href=\"https:\/\/toutelatele.ouest-france.fr\/candice-renoir-ce-qui-va-changer-sur-france-3-181330\" class=\"spip_in\" target=\"_blank\" rel=\"noopener\">France 3 proposait deux \u00e9pisodes de la s\u00e9rie <strong> OPJ<\/strong> <\/a> entre 14h25 et 16h15 suivis d\u2019une aventure de <strong> Candice Renoir<\/strong>  entre 16h25 et 17h15, en lead-in de <strong> Duels en familles<\/strong> . Pendant les vacances de No\u00ebl, <strong> OPJ<\/strong>  a \u00e9t\u00e9 supprim\u00e9e pour laisser place \u00e0 un film. En revanche, la s\u00e9rie avec <strong>C\u00e9cile Bois<\/strong> a \u00e9t\u00e9 maintenue \u00e0 l\u2019antenne.<\/p>\n<p>Meurtres au paradis d\u00e9barque l\u2019apr\u00e8s-midi sur France 3<\/p>\n<p>Mais d\u00e8s le lundi 5 janvier 2026, apr\u00e8s les vacances de No\u00ebl, France 3 d\u00e9cide de bouleverser sa programmation pour les semaines \u00e0 venir. Exit <strong> OPJ<\/strong>  et <strong> Candice Renoir<\/strong> \u00a0! En effet, du lundi au vendredi d\u00e8s 14 heures, juste apr\u00e8s <strong> M\u00e9t\u00e9o \u00e0 la carte<\/strong> , la cha\u00eene misera sur trois \u00e9pisodes d\u2019une s\u00e9rie \u00e0 succ\u00e8s\u2026<\/p>\n<p>Cette s\u00e9rie n\u2019est autre que\u2026 <a href=\"https:\/\/toutelatele.ouest-france.fr\/meurtres-au-paradis-1207\" target=\"_blank\" rel=\"noopener\"><strong> Meurtres au paradis<\/strong> <\/a>\u00a0! Habituellement diffus\u00e9e en prime time sur France 2 ou sur TMC, la production polici\u00e8re franco-britannique d\u00e9barque donc chaque apr\u00e8s-midi de la semaine sur France 3 d\u00e8s le lundi 5 janvier 2026 avec trois \u00e9pisodes programm\u00e9s entre 14 heures et 17h15. La cha\u00eene avait d\u00e9j\u00e0 fait ce choix fin 2023 <a href=\"https:\/\/toutelatele.ouest-france.fr\/meurtres-au-paradis-succes-d-audience-pour-josephine-jobert-et-kris-marshall-face-aux-telefilms-de-noel-159597\" class=\"spip_in\" target=\"_blank\" rel=\"noopener\">et l\u2019audience avait \u00e9t\u00e9 au rendez-vous<\/a>.<\/p>\n<p>Meurtres au paradis\u00a0: le retour de Richard Poole et Humphrey Goodman sur France 3<\/p>\n<p>France 3 fait le choix de d\u00e9buter la diffusion de <strong> Meurtres au paradis<\/strong>  avec le premier \u00e9pisode de la saison 2, datant de 2013, intitul\u00e9 \u00ab\u00a0Meurtre \u00e0 la plantation\u00a0\u00bb. Les fid\u00e8les de la s\u00e9rie vont donc retrouver les enqu\u00eates de Richard Poole (<strong>Ben Miller<\/strong>), qui a jou\u00e9 le r\u00f4le-titre dans les deux premi\u00e8res saisons de la s\u00e9rie.<\/p>\n<p>Les \u00e9pisodes seront diffus\u00e9s dans l\u2019ordre. La premi\u00e8re p\u00e9rip\u00e9tie de la saison 3, marqu\u00e9e par l\u2019arriv\u00e9e de l\u2019enqu\u00eateur Humphrey Goodman (<strong>Kris Marshall<\/strong>), le successeur de Richard Poole, sera diffus\u00e9e le mercredi 7 janvier 2026 \u00e0 16h20. <strong> Meurtres au paradis<\/strong>  est une s\u00e9rie <a href=\"https:\/\/toutelatele.ouest-france.fr\/meurtres-au-paradis-quand-sera-diffusee-la-prochaine-saison-inedite-178082\" class=\"spip_in\" target=\"_blank\" rel=\"noopener\">toujours en production et compte 14 saisons<\/a>. La production devrait donc rester plusieurs semaines en ce d\u00e9but 2026 sur France 3.<\/p>\n<p><strong> Meurtres au paradis<\/strong>  est \u00e0 retrouver du lundi au vendredi d\u00e8s 14 heures \u00e0 partir du 5 janvier 2026 sur France 3.<\/p>\n","protected":false},"excerpt":{"rendered":"Publi\u00e9 le 04\/01\/2026 \u00e0 14:50 France 3 bouleverse sa programmation pour ses apr\u00e8s-midis en ce d\u00e9but d\u2019ann\u00e9e 2026.&hellip;\n","protected":false},"author":2,"featured_media":640736,"comment_status":"","ping_status":"","sticky":false,"template":"","format":"standard","meta":{"footnotes":""},"categories":[1356],"tags":[58,59,1011,27,252,1364],"class_list":{"0":"post-640735","1":"post","2":"type-post","3":"status-publish","4":"format-standard","5":"has-post-thumbnail","7":"category-television","8":"tag-divertissement","9":"tag-entertainment","10":"tag-fr","11":"tag-france","12":"tag-television","13":"tag-tv"},"share_on_mastodon":{"url":"https:\/\/pubeurope.com\/@fr\/115837887085614400","error":""},"_links":{"self":[{"href":"https:\/\/www.europesays.com\/fr\/wp-json\/wp\/v2\/posts\/640735","targetHints":{"allow":["GET"]}}],"collection":[{"href":"https:\/\/www.europesays.com\/fr\/wp-json\/wp\/v2\/posts"}],"about":[{"href":"https:\/\/www.europesays.com\/fr\/wp-json\/wp\/v2\/types\/post"}],"author":[{"embeddable":true,"href":"https:\/\/www.europesays.com\/fr\/wp-json\/wp\/v2\/users\/2"}],"replies":[{"embeddable":true,"href":"https:\/\/www.europesays.com\/fr\/wp-json\/wp\/v2\/comments?post=640735"}],"version-history":[{"count":0,"href":"https:\/\/www.europesays.com\/fr\/wp-json\/wp\/v2\/posts\/640735\/revisions"}],"wp:featuredmedia":[{"embeddable":true,"href":"https:\/\/www.europesays.com\/fr\/wp-json\/wp\/v2\/media\/640736"}],"wp:attachment":[{"href":"https:\/\/www.europesays.com\/fr\/wp-json\/wp\/v2\/media?parent=640735"}],"wp:term":[{"taxonomy":"category","embeddable":true,"href":"https:\/\/www.europesays.com\/fr\/wp-json\/wp\/v2\/categories?post=640735"},{"taxonomy":"post_tag","embeddable":true,"href":"https:\/\/www.europesays.com\/fr\/wp-json\/wp\/v2\/tags?post=640735"}],"curies":[{"name":"wp","href":"https:\/\/api.w.org\/{rel}","templated":true}]}}