{"id":640741,"date":"2026-01-04T16:59:10","date_gmt":"2026-01-04T16:59:10","guid":{"rendered":"https:\/\/www.europesays.com\/fr\/640741\/"},"modified":"2026-01-04T16:59:10","modified_gmt":"2026-01-04T16:59:10","slug":"18-produits-testes-aucun-nest-vraiment-sur","status":"publish","type":"post","link":"https:\/\/www.europesays.com\/fr\/640741\/","title":{"rendered":"18 produits test\u00e9s, aucun n&rsquo;est vraiment s\u00fbr"},"content":{"rendered":"<p>Dans les rayons des magasins de jouets ou sur les \u00e9tals de<br \/>\n<strong>Nocib\u00e9<\/strong>, difficile d\u2019\u00e9chapper aux coffrets \u00ab\u00a0soins<br \/>\nvisage\u00a0\u00bb pour enfants d\u00e8s 3 ans. <strong>Cr\u00e8mes<\/strong>,<br \/>\n<strong>masques<\/strong>, <strong>gloss<\/strong> et m\u00eame<br \/>\n<strong>fards \u00e0 paupi\u00e8res<\/strong> s\u00e9duisent un public de plus en<br \/>\nplus jeune, pouss\u00e9 par les tendances TikTok sous les hashtags<br \/>\n#sephorakids ou #skincareforkids. Cette obsession pr\u00e9coce du soin<br \/>\net du maquillage, souvent relay\u00e9e par les r\u00e9seaux sociaux, inqui\u00e8te<br \/>\nde plus en plus les professionnels de sant\u00e9. <a href=\"https:\/\/www.melty.fr\/divers\/60-millions-de-consommateurs-alerte-ces-3-bouillons-cubes-sont-a-eviter-durgence-2286410.html\" target=\"_blank\" rel=\"noopener\"><br \/>\nUne r\u00e9cente analyse de 60 Millions de consommateurs confirme leurs<br \/>\ncraintes<\/a>.<\/p>\n<p>L\u2019\u00e9tude, r\u00e9alis\u00e9e en d\u00e9cembre 2025, a pass\u00e9 au crible 18<br \/>\nproduits cosm\u00e9tiques destin\u00e9s aux enfants. R\u00e9sultat : aucun n\u2019est<br \/>\nirr\u00e9prochable. Tous contiennent au moins une <strong>substance<br \/>\nallergisante<\/strong> ou <strong>irritante<\/strong>, et certains<br \/>\nm\u00eame des <strong>perturbateurs endocriniens<\/strong> suspect\u00e9s.<br \/>\nPourtant, ces produits sont vendus comme \u00e9tant \u00ab\u00a0adapt\u00e9s aux peaux<br \/>\nsensibles\u00a0\u00bb, parfois avec des all\u00e9gations flatteuses sur leur<br \/>\ndouceur ou leur composition \u00ab\u00a0naturelle\u00a0\u00bb.<\/p>\n<p>Des soins inutiles et dangereux selon les experts<\/p>\n<p>Derri\u00e8re les promesses marketing, les dermatologues montent au<br \/>\ncr\u00e9neau. \u00ab\u00a0En d\u00e9pit de messages marketing largement diffus\u00e9s, il<br \/>\nn\u2019y a aucune \u201croutine beaut\u00e9\u201d \u00e0 conseiller chez l\u2019enfant\u00a0\u00bb,<br \/>\nexplique le dermatologue <strong>Pierre Vabres<\/strong> lors des<br \/>\n<strong>Journ\u00e9es dermatologiques de Paris 2025<\/strong>, d\u00a0\u00bbapr\u00e8s<br \/>\n<a href=\"https:\/\/www.60millions-mag.com\/2025\/12\/31\/maquillage-et-soins-pour-enfant-des-irritants-et-des-allergenes-en-pagaille-25328\" target=\"_blank\" rel=\"nofollow noopener\">60 millions de<br \/>\nconsommateurs<\/a>. Selon lui, \u00ab\u00a0les soins cosm\u00e9tiques de<br \/>\nbeaut\u00e9 chez les enfants dont la peau est saine sont totalement<br \/>\ninutiles\u00a0\u00bb. Un simple nettoyage \u00e0 l\u2019eau et au savon au pH<br \/>\nneutre suffit.<\/p>\n<p>Mais l\u2019enjeu d\u00e9passe la simple irritation cutan\u00e9e. \u00ab\u00a0De<br \/>\ntelles habitudes peuvent donner \u00e0 l\u2019enfant une image de soi<br \/>\nfauss\u00e9e, voire \u00e9rotis\u00e9e, correspondant \u00e0 celle d\u2019un \u201cadulte en<br \/>\nminiature\u201d, chez qui des pratiques esth\u00e9tiques seraient n\u00e9cessaires<br \/>\n\u00e0 son bien-\u00eatre\u00a0\u00bb, alerte encore le sp\u00e9cialiste. En plus d\u2019un<br \/>\nimpact dermatologique, les cons\u00e9quences psychologiques d\u2019une telle<br \/>\nexposition aux standards esth\u00e9tiques sont loin d\u2019\u00eatre anodines.<\/p>\n<p>Substances toxiques dans des produits<br \/>\nnot\u00e9s A<\/p>\n<p>Parmi les produits test\u00e9s et list\u00e9s par <a href=\"https:\/\/www.passeportsante.net\/magazine\/famille?doc=maquillage-enfant-irritants-allergenes\" target=\"_blank\" rel=\"nofollow noopener\">Passeport<br \/>\nsant\u00e9<\/a>, ceux des marques fran\u00e7aises <strong>Ouate<\/strong><br \/>\nou <strong>Lav Kids<\/strong> obtiennent pourtant la note<br \/>\n<strong>A<\/strong> au Cosm\u00e9to\u2019Score, l\u2019indice \u00e9valuant les<br \/>\n<a href=\"https:\/\/www.melty.fr\/divers\/vous-faites-surement-cette-erreur-en-conservant-vos-aliments-elle-favorise-les-bacteries-et-met-votre-sante-en-danger-2284382.html\" target=\"_blank\" rel=\"noopener\"><br \/>\nrisques pour la sant\u00e9<\/a> et l\u2019environnement. Mais m\u00eame ces<br \/>\nr\u00e9f\u00e9rences dites \u00ab\u00a0relativement adapt\u00e9es\u00a0\u00bb contiennent des<br \/>\n<strong>parfums allergisants<\/strong>, du <strong>propyl\u00e8ne<br \/>\nglycol<\/strong>, ou encore des <strong>tensioactifs<br \/>\nirritants<\/strong>.<\/p>\n<p>Plus inqui\u00e9tant encore, les deux produits de la marque<br \/>\naustralienne <strong>Oh Flossy<\/strong> cumulent les mauvais<br \/>\npoints. Leur composition inclut du s<strong>alicylate de<br \/>\nbenzyle<\/strong>, un allerg\u00e8ne r\u00e9glement\u00e9 et surtout \u00ab\u00a0un<br \/>\nperturbateur endocrinien suspect\u00e9\u00a0\u00bb, selon <strong>Emmanuel<br \/>\nChevallier<\/strong>, ing\u00e9nieur chimiste \u00e0 l\u2019Institut national de la<br \/>\nconsommation. Son verdict est sans appel : \u00ab\u00a0Ils ne sont donc<br \/>\npas adapt\u00e9s aux enfants.\u00a0\u00bb<\/p>\n<p>Face \u00e0 ces accusations, la marque Oh Flossy se d\u00e9fend : \u00ab\u00a0La<br \/>\ns\u00e9curit\u00e9 des enfants et des jeunes est au c\u0153ur de toutes nos<br \/>\nd\u00e9marches. Nos formulations utilisent des ingr\u00e9dients autoris\u00e9s,<br \/>\nr\u00e9glement\u00e9s [en Australie, NDLR] et largement employ\u00e9s dans<br \/>\nl\u2019industrie cosm\u00e9tique.\u00a0\u00bb<\/p>\n<p>M\u00eame dans les pharmacies ou parapharmacies, la vigilance est de<br \/>\nmise. Le masque \u00ab\u00a0licorne\u00a0\u00bb <strong>Martinelia<\/strong>, not\u00e9 A,<br \/>\ncontient malgr\u00e9 tout trois irritants et un compos\u00e9 \u00e9thoxyl\u00e9.<br \/>\n\u00ab\u00a0Ce compos\u00e9 chimique obtenu par r\u00e9action avec de l\u2019oxyde<br \/>\nd\u2019\u00e9thyl\u00e8ne (canc\u00e9rog\u00e8ne), utilis\u00e9 pour rendre une substance<br \/>\ninitialement tr\u00e8s irritante moins agressive, mais pouvant pr\u00e9senter<br \/>\nun risque pour la sant\u00e9\u00a0\u00bb, pr\u00e9cise Emmanuel Chevallier.<\/p>\n<p>Les maquillages ne sont pas en reste. Certains gloss, comme ceux<br \/>\ndes marques Martinelia et Rosajou, affichent un score sant\u00e9 E, la<br \/>\npire note possible. L\u2019un contient de l\u2019<strong>\u00e9thylhexyl<br \/>\nm\u00e9thoxycinnamate<\/strong>, l\u2019autre du <strong>dioxyde de<br \/>\ntitane<\/strong>. Les fards \u00e0 paupi\u00e8res font encore pire :<br \/>\n<strong>parab\u00e8nes<\/strong>, <strong>ph\u00e9noxy\u00e9thanol<\/strong>,<br \/>\n<strong>colorants synth\u00e9tiques<\/strong>\u2026 M\u00eame les vernis sont<br \/>\npoint\u00e9s du doigt pour leurs perturbateurs endocriniens suspect\u00e9s et<br \/>\nleurs ingr\u00e9dients allergisants.<\/p>\n<p>Pour limiter les risques, les sp\u00e9cialistes recommandent de<br \/>\n<strong>n\u2019utiliser aucun cosm\u00e9tique chez l\u2019enfant<\/strong>, sauf<br \/>\nexception ponctuelle. Si cela s\u2019av\u00e8re indispensable, mieux vaut<br \/>\nchoisir une formule sans parfum, courte, et vendue en pharmacie. Et<br \/>\nsurtout, se souvenir que \u00ab\u00a0il n\u2019existe aucune routine beaut\u00e9 \u00e0<br \/>\nrecommander chez l\u2019enfant dont la peau est saine\u00a0\u00bb.<\/p>\n","protected":false},"excerpt":{"rendered":"Dans les rayons des magasins de jouets ou sur les \u00e9tals de Nocib\u00e9, difficile d\u2019\u00e9chapper aux coffrets \u00ab\u00a0soins&hellip;\n","protected":false},"author":2,"featured_media":640742,"comment_status":"","ping_status":"","sticky":false,"template":"","format":"standard","meta":{"footnotes":""},"categories":[10],"tags":[1011,27,72,71,65861],"class_list":{"0":"post-640741","1":"post","2":"type-post","3":"status-publish","4":"format-standard","5":"has-post-thumbnail","7":"category-sante","8":"tag-fr","9":"tag-france","10":"tag-health","11":"tag-sante","12":"tag-trend"},"share_on_mastodon":{"url":"https:\/\/pubeurope.com\/@fr\/115837898941539178","error":""},"_links":{"self":[{"href":"https:\/\/www.europesays.com\/fr\/wp-json\/wp\/v2\/posts\/640741","targetHints":{"allow":["GET"]}}],"collection":[{"href":"https:\/\/www.europesays.com\/fr\/wp-json\/wp\/v2\/posts"}],"about":[{"href":"https:\/\/www.europesays.com\/fr\/wp-json\/wp\/v2\/types\/post"}],"author":[{"embeddable":true,"href":"https:\/\/www.europesays.com\/fr\/wp-json\/wp\/v2\/users\/2"}],"replies":[{"embeddable":true,"href":"https:\/\/www.europesays.com\/fr\/wp-json\/wp\/v2\/comments?post=640741"}],"version-history":[{"count":0,"href":"https:\/\/www.europesays.com\/fr\/wp-json\/wp\/v2\/posts\/640741\/revisions"}],"wp:featuredmedia":[{"embeddable":true,"href":"https:\/\/www.europesays.com\/fr\/wp-json\/wp\/v2\/media\/640742"}],"wp:attachment":[{"href":"https:\/\/www.europesays.com\/fr\/wp-json\/wp\/v2\/media?parent=640741"}],"wp:term":[{"taxonomy":"category","embeddable":true,"href":"https:\/\/www.europesays.com\/fr\/wp-json\/wp\/v2\/categories?post=640741"},{"taxonomy":"post_tag","embeddable":true,"href":"https:\/\/www.europesays.com\/fr\/wp-json\/wp\/v2\/tags?post=640741"}],"curies":[{"name":"wp","href":"https:\/\/api.w.org\/{rel}","templated":true}]}}