{"id":640756,"date":"2026-01-04T17:08:12","date_gmt":"2026-01-04T17:08:12","guid":{"rendered":"https:\/\/www.europesays.com\/fr\/640756\/"},"modified":"2026-01-04T17:08:12","modified_gmt":"2026-01-04T17:08:12","slug":"saint-etienne-pas-deau-courante-route-fermee-cette-rupture-de-canalisation-qui-chamboule-tout-un-quartier","status":"publish","type":"post","link":"https:\/\/www.europesays.com\/fr\/640756\/","title":{"rendered":"Saint-Etienne. Pas d\u2019eau courante, route ferm\u00e9e\u2026 Cette rupture de canalisation qui chamboule tout un quartier"},"content":{"rendered":"<p>Marie-Claude remonte prudemment \u00e0 pied la rue du Portail-Rouge, au sud de Saint-Etienne. Elle est partie de l\u2019impasse Pierre-Drevet, o\u00f9 elle habite, pour rejoindre quelques dizaines de m\u00e8tres plus haut la boulangerie rue Crouzet-Boussingault. \u00ab\u00a0Je fais attention car \u00e7a glisse un peu\u00a0\u00bb, lance la retrait\u00e9e.<\/p>\n<p>Quelques plaques de verglas recouvrent une partie du trottoir en cette tr\u00e8s fra\u00eeche matin\u00e9e dominicale. La veille, en fin d\u2019apr\u00e8s-midi, <a href=\"https:\/\/www.leprogres.fr\/faits-divers-justice\/2026\/01\/03\/une-rupture-de-canalisation-au-portail-rouge-cree-un-risque-de-verglas\" target=\"_blank\" rel=\"noopener\">une rupture de canalisation<\/a>, tr\u00e8s probablement d\u00fb au froid et au gel prolong\u00e9, \u00e0 hauteur du lyc\u00e9e, a caus\u00e9 d\u2019importants d\u00e9g\u00e2ts sur la chauss\u00e9e et les trottoirs. L\u2019eau s\u2019est \u00e9coul\u00e9e jusqu\u2019au cours Fauriel en contrebas, inondant&#8230;<\/p>\n","protected":false},"excerpt":{"rendered":"Marie-Claude remonte prudemment \u00e0 pied la rue du Portail-Rouge, au sud de Saint-Etienne. Elle est partie de l\u2019impasse&hellip;\n","protected":false},"author":2,"featured_media":640757,"comment_status":"","ping_status":"","sticky":false,"template":"","format":"standard","meta":{"footnotes":""},"categories":[9653],"tags":[1111,11,2430,4749,33,7539,1777,674,274,1011,27,3367,12,25,4001,7538],"class_list":{"0":"post-640756","1":"post","2":"type-post","3":"status-publish","4":"format-standard","5":"has-post-thumbnail","7":"category-saint-etienne","8":"tag-actu","9":"tag-actualites","10":"tag-auvergne-rhone-alpes","11":"tag-btp-et-chantiers","12":"tag-economie","13":"tag-edition-loire-sud","14":"tag-eu","15":"tag-europe","16":"tag-faits-divers-justice","17":"tag-fr","18":"tag-france","19":"tag-loire","20":"tag-news","21":"tag-republique-francaise","22":"tag-saint-etienne","23":"tag-saint-etienne-ville"},"share_on_mastodon":{"url":"https:\/\/pubeurope.com\/@fr\/115837934142295424","error":""},"_links":{"self":[{"href":"https:\/\/www.europesays.com\/fr\/wp-json\/wp\/v2\/posts\/640756","targetHints":{"allow":["GET"]}}],"collection":[{"href":"https:\/\/www.europesays.com\/fr\/wp-json\/wp\/v2\/posts"}],"about":[{"href":"https:\/\/www.europesays.com\/fr\/wp-json\/wp\/v2\/types\/post"}],"author":[{"embeddable":true,"href":"https:\/\/www.europesays.com\/fr\/wp-json\/wp\/v2\/users\/2"}],"replies":[{"embeddable":true,"href":"https:\/\/www.europesays.com\/fr\/wp-json\/wp\/v2\/comments?post=640756"}],"version-history":[{"count":0,"href":"https:\/\/www.europesays.com\/fr\/wp-json\/wp\/v2\/posts\/640756\/revisions"}],"wp:featuredmedia":[{"embeddable":true,"href":"https:\/\/www.europesays.com\/fr\/wp-json\/wp\/v2\/media\/640757"}],"wp:attachment":[{"href":"https:\/\/www.europesays.com\/fr\/wp-json\/wp\/v2\/media?parent=640756"}],"wp:term":[{"taxonomy":"category","embeddable":true,"href":"https:\/\/www.europesays.com\/fr\/wp-json\/wp\/v2\/categories?post=640756"},{"taxonomy":"post_tag","embeddable":true,"href":"https:\/\/www.europesays.com\/fr\/wp-json\/wp\/v2\/tags?post=640756"}],"curies":[{"name":"wp","href":"https:\/\/api.w.org\/{rel}","templated":true}]}}