{"id":640760,"date":"2026-01-04T17:15:17","date_gmt":"2026-01-04T17:15:17","guid":{"rendered":"https:\/\/www.europesays.com\/fr\/640760\/"},"modified":"2026-01-04T17:15:17","modified_gmt":"2026-01-04T17:15:17","slug":"retour-sur-la-folle-ferveur-rochelaise-qui-va-feter-10-ans-de-guichets-fermes-contre-toulon-ce-dimanche","status":"publish","type":"post","link":"https:\/\/www.europesays.com\/fr\/640760\/","title":{"rendered":"Retour sur la folle ferveur Rochelaise qui va f\u00eater 10 ans de guichets ferm\u00e9s contre Toulon, ce dimanche"},"content":{"rendered":"<p data-start=\"69\" data-end=\"535\">Apr\u00e8s la claque re\u00e7ue \u00e0 Toulouse (60-14), le <strong data-start=\"206\" data-end=\"247\">Stade Rochelais<\/strong> s\u2019appr\u00eate \u00e0 retrouver ce qui, depuis dix ans, ne l\u2019a jamais trahi : Marcel-Deflandre. Face \u00e0 <strong data-start=\"341\" data-end=\"382\">Rugby Club Toulonnais<\/strong>, dimanche soir, l\u2019enceinte rochelaise affichera pour la 112e fois cons\u00e9cutive complet en Top 14, bouclant une d\u00e9cennie ininterrompue de guichets ferm\u00e9s.<\/p>\n<p data-start=\"537\" data-end=\"926\">Un chiffre impressionnant, mais que <strong data-start=\"573\" data-end=\"614\">Ronan O\u2019Gara<\/strong> refuse de transformer en acquis. \u00ab On ne doit jamais prendre \u00e7a pour acquis. \u00bb Le manager irlandais sait ce que repr\u00e9sente ce public, lui qui n\u2019est arriv\u00e9 sur la c\u00f4te Atlantique qu\u2019en 2019, bien apr\u00e8s le d\u00e9but de cette s\u00e9rie folle entam\u00e9e le 2 janvier 2016 contre le <strong data-start=\"884\" data-end=\"925\">Castres Olympique<\/strong>.<\/p>\n<p data-start=\"928\" data-end=\"1545\">Ce jour-l\u00e0, deux hommes encore pr\u00e9sents aujourd\u2019hui avaient d\u00e9j\u00e0 foul\u00e9 la pelouse : <strong data-start=\"1012\" data-end=\"1053\">Uini Atonio<\/strong> et <strong data-start=\"1057\" data-end=\"1098\">Levani Botia<\/strong>. Dix ans plus tard, si les d\u00e9tails du match se sont estomp\u00e9s, l\u2019impact de Deflandre, lui, reste intact.<\/p>\n<p data-start=\"928\" data-end=\"1545\"><strong>Pierre Aguillon, ancien centre du Stade Rochelais, s\u2019est confi\u00e9 via <a href=\"https:\/\/www.lequipe.fr\/Rugby\/Article\/Depuis-dix-ans-marcel-deflandre-fait-systematiquement-le-plein-en-top-14-ils-pourraient-encore-agrandir-le-stade-ce-serait-toujours-a-guichets-fermes\/1630774\" target=\"_blank\" rel=\"noopener\">L\u2019\u00e9quipe<\/a>. Extrait:<\/strong><\/p>\n<p data-start=\"928\" data-end=\"1545\">\u00ab La ferveur a toujours \u00e9t\u00e9 incroyable. L\u2019engouement n\u2019a cess\u00e9 de monter. On a r\u00e9alis\u00e9 des exploits \u00e0 Marcel-Deflandre parce qu\u2019on \u00e9tait pouss\u00e9s par le public. On envoyait du jeu de partout, on se sentait pousser des ailes et le stade s\u2019enflammait de plus belle. Cela a cr\u00e9\u00e9 comme un feu \u00e9ternel. Jouer \u00e0 La Rochelle, ce n\u2019est pas anodin. \u00bb<\/p>\n<p data-start=\"1547\" data-end=\"1955\"><strong>Ce lien d\u00e9passe largement les quatre-vingts minutes comme l\u2019explique Gabriel Lacroix, ancien ailier Rochelais. Extrait:<\/strong><\/p>\n<p data-start=\"1547\" data-end=\"1955\">\u00ab Ce qui m\u2019a le plus marqu\u00e9, au-del\u00e0 du stade plein \u00e0 tous les matches, c\u2019est la gentillesse des gens, les relations qu\u2019on peut cr\u00e9er apr\u00e8s les matches, les phrases d\u2019encouragement. Quand je suis arriv\u00e9 d\u2019Albi (en 2015), j\u2019avais peur de perdre ce truc familial, cette proximit\u00e9 avec les supporters. Au contraire, tout cela \u00e9tait d\u00e9cupl\u00e9 \u00e0 La Rochelle. \u00bb<\/p>\n<p data-start=\"1957\" data-end=\"2005\"><strong>Un stade transform\u00e9, un public rest\u00e9 le m\u00eame<\/strong><\/p>\n<p data-start=\"2007\" data-end=\"2309\">Marcel-Deflandre n\u2019est plus tout \u00e0 fait celui d\u2019il y a dix ans. Agrandi \u00e0 trois reprises, il est pass\u00e9 de 15 000 \u00e0 18 000 places, sans jamais rompre le fil. \u00ab D\u00e9sormais, les olas font le tour des tribunes en continu \u00bb, sourit <strong data-start=\"2235\" data-end=\"2276\">Pierre Venayre<\/strong>, t\u00e9moin privil\u00e9gi\u00e9 de cette mue.<\/p>\n<p data-start=\"2311\" data-end=\"2930\">Ancien joueur du club, il se souvient d\u2019un autre temps. \u00ab On avait beaucoup d\u2019amour pour le Deflandre de l\u2019\u00e9poque. Le stade a tellement chang\u00e9 que je n\u2019ai pas l\u2019impression que c\u2019\u00e9tait au m\u00eame endroit. Je me rappelle d\u2019une tribune en bois. On pouvait s\u2019allonger sur les bancs parce qu\u2019il n\u2019y avait pas une tr\u00e8s grande affluence, autour de 8 000 personnes. \u00bb<\/p>\n<p data-start=\"2311\" data-end=\"2930\">Mais d\u00e9j\u00e0, quelque chose \u00e9tait l\u00e0. \u00ab Il y avait les bases, sur notre territoire, d\u2019un public attach\u00e9 \u00e0 son club. Je pense que la majorit\u00e9 de ceux qui \u00e9taient au stade \u00e0 l\u2019\u00e9poque est toujours l\u00e0 aujourd\u2019hui. C\u2019est ce qui rend cette histoire tellement forte. \u00bb<\/p>\n<p data-start=\"2932\" data-end=\"3296\">Depuis le retour en Top 14 en 2014, les ambitions ont chang\u00e9, les titres europ\u00e9ens sont arriv\u00e9s, et Deflandre est devenu un rendez-vous impossible \u00e0 d\u00e9crocher. \u00ab Quand je demande une fois par an d\u2019aller voir un match de La Rochelle, c\u2019est impossible, il n\u2019y a pas de place ! \u00bb \u00ab Ils pourraient encore agrandir le stade, ce serait toujours \u00e0 guichets ferm\u00e9s ! \u00bb<\/p>\n<p data-start=\"3298\" data-end=\"3323\"><strong>Pas une f\u00eate, un test<\/strong><\/p>\n<p data-start=\"3325\" data-end=\"3649\">Pour autant, personne ne parle de c\u00e9l\u00e9bration. \u00ab Je ne parlerai pas de f\u00eate. On a avant tout un match de Top 14 \u00e0 jouer. (\u2026) Ce n\u2019est pas une kermesse. \u00bb M\u00eame ton chez <strong data-start=\"3495\" data-end=\"3536\">Uini Atonio<\/strong> : \u00ab Les 10 ans, c\u2019est cool, c\u2019est exceptionnel, on va passer un bon moment, mais la priorit\u00e9 reste le match. \u00bb<\/p>\n<p data-start=\"3651\" data-end=\"4064\">La Rochelle, 10e avant cette journ\u00e9e, n\u2019a pas le luxe de l\u2019\u00e9motion gratuite. Les quelques animations pr\u00e9vues ont surtout valeur de reconnaissance. \u00ab Ce n\u2019est pour mettre en avant un record ou faire de l\u2019esbroufe. C\u2019est surtout l\u2019occasion pour les joueurs, le staff et les dirigeants, de dire merci \u00e0 ce public. (\u2026) Dans les bons moments comme dans les plus difficiles, ce lien fort n\u2019a jamais cess\u00e9 d\u2019exister. \u00bb<\/p>\n<p data-start=\"4066\" data-end=\"4249\" data-is-last-node=\"\" data-is-only-node=\"\">Dimanche soir, plus qu\u2019un anniversaire, Marcel-Deflandre sera un refuge. Et pour un Stade Rochelais caboss\u00e9 mais encore debout, ce soutien-l\u00e0 vaut parfois bien plus qu\u2019un plan de jeu.<\/p>\n","protected":false},"excerpt":{"rendered":"Apr\u00e8s la claque re\u00e7ue \u00e0 Toulouse (60-14), le Stade Rochelais s\u2019appr\u00eate \u00e0 retrouver ce qui, depuis dix ans,&hellip;\n","protected":false},"author":2,"featured_media":628710,"comment_status":"","ping_status":"","sticky":false,"template":"","format":"standard","meta":{"footnotes":""},"categories":[9619],"tags":[1111,11,1777,674,1011,27,12,882,25,2310],"class_list":{"0":"post-640760","1":"post","2":"type-post","3":"status-publish","4":"format-standard","5":"has-post-thumbnail","7":"category-toulon","8":"tag-actu","9":"tag-actualites","10":"tag-eu","11":"tag-europe","12":"tag-fr","13":"tag-france","14":"tag-news","15":"tag-provence-alpes-cote-dazur","16":"tag-republique-francaise","17":"tag-toulon"},"share_on_mastodon":{"url":"https:\/\/pubeurope.com\/@fr\/115837961754284596","error":""},"_links":{"self":[{"href":"https:\/\/www.europesays.com\/fr\/wp-json\/wp\/v2\/posts\/640760","targetHints":{"allow":["GET"]}}],"collection":[{"href":"https:\/\/www.europesays.com\/fr\/wp-json\/wp\/v2\/posts"}],"about":[{"href":"https:\/\/www.europesays.com\/fr\/wp-json\/wp\/v2\/types\/post"}],"author":[{"embeddable":true,"href":"https:\/\/www.europesays.com\/fr\/wp-json\/wp\/v2\/users\/2"}],"replies":[{"embeddable":true,"href":"https:\/\/www.europesays.com\/fr\/wp-json\/wp\/v2\/comments?post=640760"}],"version-history":[{"count":0,"href":"https:\/\/www.europesays.com\/fr\/wp-json\/wp\/v2\/posts\/640760\/revisions"}],"wp:featuredmedia":[{"embeddable":true,"href":"https:\/\/www.europesays.com\/fr\/wp-json\/wp\/v2\/media\/628710"}],"wp:attachment":[{"href":"https:\/\/www.europesays.com\/fr\/wp-json\/wp\/v2\/media?parent=640760"}],"wp:term":[{"taxonomy":"category","embeddable":true,"href":"https:\/\/www.europesays.com\/fr\/wp-json\/wp\/v2\/categories?post=640760"},{"taxonomy":"post_tag","embeddable":true,"href":"https:\/\/www.europesays.com\/fr\/wp-json\/wp\/v2\/tags?post=640760"}],"curies":[{"name":"wp","href":"https:\/\/api.w.org\/{rel}","templated":true}]}}