{"id":640769,"date":"2026-01-04T17:24:11","date_gmt":"2026-01-04T17:24:11","guid":{"rendered":"https:\/\/www.europesays.com\/fr\/640769\/"},"modified":"2026-01-04T17:24:11","modified_gmt":"2026-01-04T17:24:11","slug":"pollution-un-niveau-eleve-de-particules-fines-en-ille-et-vilaine-ce-dimanche","status":"publish","type":"post","link":"https:\/\/www.europesays.com\/fr\/640769\/","title":{"rendered":"Pollution\u00a0: \u00ab\u00a0un niveau \u00e9lev\u00e9\u00a0\u00bb de particules fines en Ille-et-Vilaine ce dimanche"},"content":{"rendered":"<p>L\u2019observatoire de la qualit\u00e9 de l\u2019air en Bretagne AirBreizh communique, ce dimanche, au sujet de \u00ab pr\u00e9visions de d\u00e9gradation de la qualit\u00e9 de l\u2019air ambiant, indiquant un niveau \u00e9lev\u00e9 de PM2,5 \u00bb, soit un type de particules fines, pour la journ\u00e9e de ce dimanche, en Ille-et-Vilaine.<\/p>\n<p>Conditions m\u00e9t\u00e9o et \u00ab utilisation du chauffage urbain \u00bb<\/p>\n<p>Un \u00e9pisode, <a href=\"https:\/\/www.airbreizh.asso.fr\/alerte\/depassement-seuil-information-et-recommandation-les-27-et-28-12-2025-pour-les-particules-fines-pm2-5-ille-et-vilaine\/\" target=\"_blank\" rel=\"noopener\">selon son site internet<\/a>, \u00ab imputable \u00e0 la combinaison de conditions m\u00e9t\u00e9orologiques favorables \u00e0 l\u2019accumulation de polluants dans l\u2019atmosph\u00e8re et d\u2019\u00e9missions de particules fines li\u00e9es \u00e0 l\u2019utilisation du chauffage urbain, notamment au bois \u00bb.<\/p>\n<p>Dans ce cadre, AIrBreizh rappelle \u00ab les recommandations sanitaires de l\u2019Agence r\u00e9gionale de sant\u00e9 \u00e0 mettre en \u0153uvre dans ces circonstances. Celles-ci ont vocation \u00e0 pr\u00e9venir les effets de la pollution de l\u2019air sur votre sant\u00e9 \u00bb. Et ce, pour l\u2019ensemble du d\u00e9partement.<\/p>\n<p>Privil\u00e9gier \u00ab les activit\u00e9s mod\u00e9r\u00e9es \u00bb<\/p>\n<p>Ainsi, comme le rappelle <a href=\"https:\/\/www.airbreizh.asso.fr\/accueil\/recommandations-sanitaires\/recommandations-sanitaires-depassement-de-seuil-en-particules-fines-pm10-pm2-5\/\" target=\"_blank\" rel=\"noopener\">son site<\/a>, il s\u2019agit, pour les personnes vuln\u00e9rables, \u00ab En cas de g\u00eane respiratoire ou cardiaque \u00bb, de prendre conseil aupr\u00e8s d\u2019un professionnel de sant\u00e9 ou d\u2019un m\u00e9decin \u00ab pour savoir si votre traitement m\u00e9dical doit \u00eatre adapt\u00e9 \u00bb. Il faut \u00e9galement privil\u00e9gier \u00ab les activit\u00e9s mod\u00e9r\u00e9es \u00bb, mais aussi \u00ab des sorties plus br\u00e8ves et celles qui demandent le moins d\u2019effort \u00bb et \u00e9viter \u00ab les zones \u00e0 fort trafic routier, aux p\u00e9riodes de pointe \u00bb.<\/p>\n","protected":false},"excerpt":{"rendered":"L\u2019observatoire de la qualit\u00e9 de l\u2019air en Bretagne AirBreizh communique, ce dimanche, au sujet de \u00ab pr\u00e9visions de&hellip;\n","protected":false},"author":2,"featured_media":640770,"comment_status":"","ping_status":"","sticky":false,"template":"","format":"standard","meta":{"footnotes":""},"categories":[2821],"tags":[1111,11,829,765,1777,674,1011,27,848,12,1800,4042,584,25],"class_list":{"0":"post-640769","1":"post","2":"type-post","3":"status-publish","4":"format-standard","5":"has-post-thumbnail","7":"category-rennes","8":"tag-actu","9":"tag-actualites","10":"tag-bretagne","11":"tag-en-continu","12":"tag-eu","13":"tag-europe","14":"tag-fr","15":"tag-france","16":"tag-ille-et-vilaine","17":"tag-news","18":"tag-pollution","19":"tag-pollution-atmospherique","20":"tag-rennes","21":"tag-republique-francaise"},"share_on_mastodon":{"url":"https:\/\/pubeurope.com\/@fr\/115837997238405739","error":""},"_links":{"self":[{"href":"https:\/\/www.europesays.com\/fr\/wp-json\/wp\/v2\/posts\/640769","targetHints":{"allow":["GET"]}}],"collection":[{"href":"https:\/\/www.europesays.com\/fr\/wp-json\/wp\/v2\/posts"}],"about":[{"href":"https:\/\/www.europesays.com\/fr\/wp-json\/wp\/v2\/types\/post"}],"author":[{"embeddable":true,"href":"https:\/\/www.europesays.com\/fr\/wp-json\/wp\/v2\/users\/2"}],"replies":[{"embeddable":true,"href":"https:\/\/www.europesays.com\/fr\/wp-json\/wp\/v2\/comments?post=640769"}],"version-history":[{"count":0,"href":"https:\/\/www.europesays.com\/fr\/wp-json\/wp\/v2\/posts\/640769\/revisions"}],"wp:featuredmedia":[{"embeddable":true,"href":"https:\/\/www.europesays.com\/fr\/wp-json\/wp\/v2\/media\/640770"}],"wp:attachment":[{"href":"https:\/\/www.europesays.com\/fr\/wp-json\/wp\/v2\/media?parent=640769"}],"wp:term":[{"taxonomy":"category","embeddable":true,"href":"https:\/\/www.europesays.com\/fr\/wp-json\/wp\/v2\/categories?post=640769"},{"taxonomy":"post_tag","embeddable":true,"href":"https:\/\/www.europesays.com\/fr\/wp-json\/wp\/v2\/tags?post=640769"}],"curies":[{"name":"wp","href":"https:\/\/api.w.org\/{rel}","templated":true}]}}