{"id":640785,"date":"2026-01-04T17:33:10","date_gmt":"2026-01-04T17:33:10","guid":{"rendered":"https:\/\/www.europesays.com\/fr\/640785\/"},"modified":"2026-01-04T17:33:10","modified_gmt":"2026-01-04T17:33:10","slug":"a-bordeaux-des-venezueliens-entre-espoir-de-voir-le-regime-tomber-et-inquietude-pour-la-suite","status":"publish","type":"post","link":"https:\/\/www.europesays.com\/fr\/640785\/","title":{"rendered":"\u00e0 Bordeaux, des V\u00e9n\u00e9zu\u00e9liens entre \u00ab\u00a0espoir\u00a0\u00bb de voir le r\u00e9gime tomber et inqui\u00e9tude pour la suite"},"content":{"rendered":"<p>Ils sont huit millions de V\u00e9n\u00e9zu\u00e9liens, sur une population de 28\u00a0millions de personnes, expatri\u00e9s \u00e0 l\u2019\u00e9tranger. En Gironde, leur nombre est estim\u00e9 \u00e0 250 par l\u2019association Venezuela \u00e0 Bordeaux. Cette derni\u00e8re a rassembl\u00e9 certains de ses membres et d\u2019autres ressortissants dans un bar-restaurant de la rive droite bordelaise, ce dimanche 4\u00a0janvier. Tous confient des \u00ab\u00a0sentiments m\u00eal\u00e9es\u00a0\u00bb apr\u00e8s l\u2019op\u00e9ration am\u00e9ricaine, entre soulagement et inqui\u00e9tude. Mais aucun ne pleure sur le sort de Nicol\u00e1s Maduro, \u00e0 la t\u00eate du pays depuis 2013, et dont le pouvoir a pris un tournant particuli\u00e8rement autoritaire.<\/p>\n<p>\u00ab\u00a0J\u2019ai ressenti de la joie, confie Jennifer Homsy, 46\u00a0ans. C\u2019est un espoir pour le Venezuela et tous les V\u00e9n\u00e9zu\u00e9liens. Les opposants au r\u00e9gime ont essay\u00e9 de manifester, de se pr\u00e9senter aux \u00e9lections. \u00c0 la fin, il ne reste que l\u2019usage de la force.\u00a0\u00bb Les expatri\u00e9s rencontr\u00e9s d\u00e9crivent un r\u00e9gime \u00ab\u00a0totalitaire et tortionnaire\u00a0\u00bb, gangr\u00e9n\u00e9 par la corruption et le narcotrafic. Afin de le renverser, selon eux, la fin justifiait les moyens.<\/p>\n<p>Ing\u00e9rence<\/p>\n<p>\u00ab\u00a0Je remercie \u00e9norm\u00e9ment le pr\u00e9sident Donald Trump d\u2019avoir frapp\u00e9 et captur\u00e9 Nicol\u00e1s Maduro, assume Leida Gamot, pr\u00e9sident de l\u2019association Venezuela \u00e0 Bordeaux. Il y aura peut-\u00eatre des V\u00e9n\u00e9zu\u00e9liens qui ne seront pas d\u2019accord avec moi. Mais chacun a son avis.\u00a0\u00bb \u00ab\u00a0On parle beaucoup de <a href=\"https:\/\/www.sudouest.fr\/international\/etats-unis\/donald-trump\/venezuela-qu-est-ce-que-la-doctrine-donroe-de-donald-trump-et-quelles-pourraient-etre-ses-consequences-27283767.php\" target=\"_blank\" rel=\"follow noopener\">l\u2019ing\u00e9rence am\u00e9ricaine<\/a>, remarque Jennifer Homsy. Mais le Venezuela est un pays perm\u00e9able \u00e0 de nombreuses ing\u00e9rences\u00a0: Cuba pendant longtemps, la Russie, la Chine, etc.\u00a0\u00bb<\/p>\n<p>Reste que l\u2019attaque am\u00e9ricaine est une violation de la souverainet\u00e9 du Venezuela, au m\u00e9pris du droit international. Donald Trump n\u2019a-t-il pas annonc\u00e9 que les Etats-Unis allaient \u00ab\u00a0g\u00e9rer\u00a0\u00bb le pays\u00a0? \u00ab\u00a0Je pense qu\u2019il veut surtout que le pays ne retombe pas dans les mains du r\u00e9gime\u00a0\u00bb, analyse Jennifer Homsy. \u00ab\u00a0Il n\u2019y a plus de souverainet\u00e9 du Venezuela depuis ving-six\u00a0ans, et l\u2019arriv\u00e9e au pouvoir d\u2019Hugo Chavez\u00a0\u00bb, consid\u00e8re pour sa part <a href=\"https:\/\/www.sudouest.fr\/lieux\/dordogne\/pourquoi-le-corps-d-une-venezuelienne-est-il-conserve-depuis-pres-d-un-mois-dans-une-chambre-funeraire-de-dordogne-24884431.php\" target=\"_blank\" rel=\"follow noopener\">Wilybeth Gutierrez<\/a>.<\/p>\n<p>Cette V\u00e9n\u00e9zu\u00e9lienne de 28\u00a0ans se pr\u00e9sente comme une r\u00e9fugi\u00e9e politique, engag\u00e9e depuis 2013 apr\u00e8s avoir trouv\u00e9 dans la rue des urnes remplies de bulletins de vote lors des \u00e9lections pr\u00e9sidentielles. Sur son t\u00e9l\u00e9phone, elle fait d\u00e9filer les photos, notamment celles d\u2019un impact de balle sur son pare-brise. \u00ab\u00a0Ils m\u2019ont enlev\u00e9 mes entreprises, mes comptes en banque, ma maison, ma famille, ma vie\u00a0\u00bb, s\u2019\u00e9trangle celle qui \u00e9l\u00e8ve sa fille, tout en travaillant et menant des \u00e9tudes de droit. Elle a rejoint la France en 2019. Elle y vit avec sa m\u00e8re et sa s\u0153ur. Son p\u00e8re est aux \u00c9tats-Unis.<\/p>\n<p>Comment voit-elle son futur\u00a0? \u00ab\u00a0J\u2019ai envie de retourner au Venezuela pour aider \u00e0 reconstruire le pays mais j\u2019irai s\u00fbrement seule.\u00a0\u00bb En attendant, tous les V\u00e9n\u00e9zu\u00e9liens sont dans l\u2019expectative. D\u2019abord parce que le r\u00e9gime est toujours en place. La vice-pr\u00e9sidente Delcy Rodriguez assure l\u2019int\u00e9rim. \u00ab\u00a0Il n\u2019y a pas encore de solution\u00a0\u00bb, observe Leida Gamot. \u00ab\u00a0Nous avons de l\u2019inqui\u00e9tude sur la suite des \u00e9v\u00e9nements\u00a0\u00bb, reconna\u00eet Jennifer Homsy. Les V\u00e9n\u00e9zu\u00e9liens ont pu avoir des nouvelles de leurs proches, mais sans entrer dans les d\u00e9tails. \u00ab\u00a0Nous n\u2019abordons pas les sujets politiques car une loi permet au r\u00e9gime de surveiller les messageries\u00a0\u00bb, pr\u00e9cise Jennifer Homsy.<\/p>\n<p>Prisonniers politiques<\/p>\n<p>Pour les V\u00e9n\u00e9zu\u00e9liens de Bordeaux, l\u2019avenir passera par des \u00e9lections. Mais pas forc\u00e9ment dans le cadre d\u2019un processus rapide. \u00ab\u00a0On ne peut pas effacer vingt-six\u00a0ans d\u2019un tel r\u00e9gime en deux mois. Il est aussi important de lib\u00e9rer les prisonniers politiques enferm\u00e9s au Venezuela,\u00a0\u00bb plaide Wilybeth Gutierrez.<\/p>\n","protected":false},"excerpt":{"rendered":"Ils sont huit millions de V\u00e9n\u00e9zu\u00e9liens, sur une population de 28\u00a0millions de personnes, expatri\u00e9s \u00e0 l\u2019\u00e9tranger. En Gironde,&hellip;\n","protected":false},"author":2,"featured_media":640786,"comment_status":"","ping_status":"","sticky":false,"template":"","format":"standard","meta":{"footnotes":""},"categories":[2817],"tags":[1111,11,1997,1777,674,1011,27,12,2219,25],"class_list":{"0":"post-640785","1":"post","2":"type-post","3":"status-publish","4":"format-standard","5":"has-post-thumbnail","7":"category-bordeaux","8":"tag-actu","9":"tag-actualites","10":"tag-bordeaux","11":"tag-eu","12":"tag-europe","13":"tag-fr","14":"tag-france","15":"tag-news","16":"tag-nouvelle-aquitaine","17":"tag-republique-francaise"},"share_on_mastodon":{"url":"https:\/\/pubeurope.com\/@fr\/115838032497197959","error":""},"_links":{"self":[{"href":"https:\/\/www.europesays.com\/fr\/wp-json\/wp\/v2\/posts\/640785","targetHints":{"allow":["GET"]}}],"collection":[{"href":"https:\/\/www.europesays.com\/fr\/wp-json\/wp\/v2\/posts"}],"about":[{"href":"https:\/\/www.europesays.com\/fr\/wp-json\/wp\/v2\/types\/post"}],"author":[{"embeddable":true,"href":"https:\/\/www.europesays.com\/fr\/wp-json\/wp\/v2\/users\/2"}],"replies":[{"embeddable":true,"href":"https:\/\/www.europesays.com\/fr\/wp-json\/wp\/v2\/comments?post=640785"}],"version-history":[{"count":0,"href":"https:\/\/www.europesays.com\/fr\/wp-json\/wp\/v2\/posts\/640785\/revisions"}],"wp:featuredmedia":[{"embeddable":true,"href":"https:\/\/www.europesays.com\/fr\/wp-json\/wp\/v2\/media\/640786"}],"wp:attachment":[{"href":"https:\/\/www.europesays.com\/fr\/wp-json\/wp\/v2\/media?parent=640785"}],"wp:term":[{"taxonomy":"category","embeddable":true,"href":"https:\/\/www.europesays.com\/fr\/wp-json\/wp\/v2\/categories?post=640785"},{"taxonomy":"post_tag","embeddable":true,"href":"https:\/\/www.europesays.com\/fr\/wp-json\/wp\/v2\/tags?post=640785"}],"curies":[{"name":"wp","href":"https:\/\/api.w.org\/{rel}","templated":true}]}}