{"id":640789,"date":"2026-01-04T17:34:10","date_gmt":"2026-01-04T17:34:10","guid":{"rendered":"https:\/\/www.europesays.com\/fr\/640789\/"},"modified":"2026-01-04T17:34:10","modified_gmt":"2026-01-04T17:34:10","slug":"antonio-et-rachel-santoro-sentrainent-pour-le-7e-championnat-de-france-de-pizza-napolitaine-a-toulouse","status":"publish","type":"post","link":"https:\/\/www.europesays.com\/fr\/640789\/","title":{"rendered":"Antonio et Rachel Santoro s\u2019entra\u00eenent pour le 7e championnat de France de pizza napolitaine \u00e0 Toulouse"},"content":{"rendered":"<p>\n                                                                Le couple de Little Italy Pizza, Antonio et Rachel Santoro, install\u00e9 \u00e0 Bernis, participera au 7e championnat de France de pizza napolitaine le 25\u00a0janvier, \u00e0 Toulouse.\n                            <\/p>\n<p>Le rendez-vous est fix\u00e9 au 25\u00a0janvier, \u00e0 Toulouse. Antonio et Rachel Santoro pr\u00e9parent ensemble le 7e championnat de France de pizza napolitaine qui se d\u00e9roulera dans la capitale de l\u2019Occitane.<\/p>\n<p>Ils s\u2019entra\u00eenent depuis un mois<\/p>\n<p>Il est organis\u00e9 par l\u2019association des Pizzerias Fran\u00e7aises. Pour ce faire, ils s\u2019entra\u00eenent d\u00e9j\u00e0 \u00ab\u00a0depuis un mois ou deux\u00a0le soir\u00a0\u00bb\u00a0selon ce commer\u00e7ant install\u00e9 sur le parking de Netto \u00e0 Bernis depuis 2022. Leurs pizzas sont tr\u00e8s appr\u00e9ci\u00e9es des Bernissois et des habitants aux alentours. Le couple ouvert seulement le week-end du vendredi au dimanche. \u00ab\u00a0Ce qui a fonctionn\u00e9 c\u2019est le bouche-\u00e0-oreille\u00a0\u00bb, compl\u00e8te le patron de Little Italy Pizza.<\/p>\n<p>Antonio s\u2019est class\u00e9 21e sur 70 au France Pizza<\/p>\n<p>Antonio a particip\u00e9 au France Pizza tour dans plusieurs villes. \u00ab\u00a0Je me suis class\u00e9 21e sur 70 \u00e0 Marseille et 26e \u00e0 B\u00e9ziers\u00a0\u00bb, pr\u00e9cise ce passionn\u00e9 de pizzas. Il a conscience de se frotter \u00e0 des concurrents bien plus forts que lui et professionnels.<\/p>\n<p>14 minutes pour pr\u00e9parer une napolitaine<\/p>\n<p>Le prochain concours se d\u00e9roulera sur une journ\u00e9e. Il aura seulement 14 minutes pour pr\u00e9parer sa pizza napolitaine dans le m\u00eame four que son installation \u00e0 Bernis et avec des ingr\u00e9dients impos\u00e9s. Les crit\u00e8res de s\u00e9lection sont multiples.\u00a0\u00ab\u00a0Ils concernent le temps de pr\u00e9paration, l\u2019hygi\u00e8ne, la pr\u00e9sentation, l\u2019agilit\u00e9, la qualit\u00e9 de la p\u00e2te et la qualit\u00e9 des produits utilis\u00e9s\u00a0\u00bb, d\u00e9crit Antonio. Ce dernier est d\u2019origine Napolitaine. \u00ab\u00a0Je suis n\u00e9 entre Rome et Naples\u00a0\u00bb, poursuit le pizza\u00efolo. Il montre du doigt la pelle en bois de sa grand-m\u00e8re pos\u00e9 fi\u00e8rement contre le mur du fond de sa baraque am\u00e9nag\u00e9e.<\/p>\n","protected":false},"excerpt":{"rendered":"Le couple de Little Italy Pizza, Antonio et Rachel Santoro, install\u00e9 \u00e0 Bernis, participera au 7e championnat de&hellip;\n","protected":false},"author":2,"featured_media":640790,"comment_status":"","ping_status":"","sticky":false,"template":"","format":"standard","meta":{"footnotes":""},"categories":[2816],"tags":[1111,11,74745,872,1777,674,1011,27,2679,70255,12,2680,25,2312],"class_list":{"0":"post-640789","1":"post","2":"type-post","3":"status-publish","4":"format-standard","5":"has-post-thumbnail","7":"category-toulouse","8":"tag-actu","9":"tag-actualites","10":"tag-bernis","11":"tag-culture-et-loisirs","12":"tag-eu","13":"tag-europe","14":"tag-fr","15":"tag-france","16":"tag-gard","17":"tag-gastronomie-et-terroir","18":"tag-news","19":"tag-occitanie","20":"tag-republique-francaise","21":"tag-toulouse"},"share_on_mastodon":{"url":"https:\/\/pubeurope.com\/@fr\/115838036506346516","error":""},"_links":{"self":[{"href":"https:\/\/www.europesays.com\/fr\/wp-json\/wp\/v2\/posts\/640789","targetHints":{"allow":["GET"]}}],"collection":[{"href":"https:\/\/www.europesays.com\/fr\/wp-json\/wp\/v2\/posts"}],"about":[{"href":"https:\/\/www.europesays.com\/fr\/wp-json\/wp\/v2\/types\/post"}],"author":[{"embeddable":true,"href":"https:\/\/www.europesays.com\/fr\/wp-json\/wp\/v2\/users\/2"}],"replies":[{"embeddable":true,"href":"https:\/\/www.europesays.com\/fr\/wp-json\/wp\/v2\/comments?post=640789"}],"version-history":[{"count":0,"href":"https:\/\/www.europesays.com\/fr\/wp-json\/wp\/v2\/posts\/640789\/revisions"}],"wp:featuredmedia":[{"embeddable":true,"href":"https:\/\/www.europesays.com\/fr\/wp-json\/wp\/v2\/media\/640790"}],"wp:attachment":[{"href":"https:\/\/www.europesays.com\/fr\/wp-json\/wp\/v2\/media?parent=640789"}],"wp:term":[{"taxonomy":"category","embeddable":true,"href":"https:\/\/www.europesays.com\/fr\/wp-json\/wp\/v2\/categories?post=640789"},{"taxonomy":"post_tag","embeddable":true,"href":"https:\/\/www.europesays.com\/fr\/wp-json\/wp\/v2\/tags?post=640789"}],"curies":[{"name":"wp","href":"https:\/\/api.w.org\/{rel}","templated":true}]}}