{"id":640811,"date":"2026-01-04T17:47:16","date_gmt":"2026-01-04T17:47:16","guid":{"rendered":"https:\/\/www.europesays.com\/fr\/640811\/"},"modified":"2026-01-04T17:47:16","modified_gmt":"2026-01-04T17:47:16","slug":"luis-fernandez-donne-son-avis-sur-le-match-psg-paris-fc-le-paris-saint-germain-a-de-nombreuses-longueurs-davance","status":"publish","type":"post","link":"https:\/\/www.europesays.com\/fr\/640811\/","title":{"rendered":"Luis Fernandez donne son avis sur le match PSG-Paris FC : \u00ab\u00a0Le Paris Saint-Germain a de nombreuses longueurs d&rsquo;avance\u00a0\u00bb"},"content":{"rendered":"<p>Quarante-sept ans apr\u00e8s leur derni\u00e8re rencontre en premi\u00e8re division, les deux clubs parisiens se retrouvent sur une pelouse de Ligue 1 ce dimanche 4 janvier 2026 \u00e0 20h45 sur Ligue 1+ pour le derby le plus proche du monde. <\/p>\n<p>Les soirs de match, la file des supporters du PSG attendant d&rsquo;entrer dans le <a href=\"https:\/\/www.programme-tv.net\/news\/people\/375573-le-prince-william-et-son-fils-george-comme-des-fous-au-parc-des-princes-pour-psg-aston-villa-leur-soiree-memorable-en-photos-diaporama\/\" data-api-deeplink=\"teleloisirs:\/\/news\/375573\" target=\"_blank\" rel=\"noopener\">Parc des Princes<\/a> s&rsquo;\u00e9tire jusqu&rsquo;au stade Jean-Bouin, l&rsquo;antre du Paris Football Club. Quarante-quatre m\u00e8tres, c&rsquo;est la distance qui s\u00e9pare les deux enceintes, ce qui en fait le derby le plus proche du monde ! Cette attraction de la 17e journ\u00e9e du Championnat de France, plus de trente-cinq ans apr\u00e8s le dernier affrontement entre deux clubs de la capitale (PSG-Racing Paris 1, en 1990), r\u00e9jouit l&rsquo;<a href=\"https:\/\/www.programme-tv.net\/news\/sport\/265493-mort-de-diego-maradona-luis-fernandez-tres-triste-se-rappelle-dun-match-ou-il-navait-pas-ose-le-toucher\/\" data-api-deeplink=\"teleloisirs:\/\/news\/265493\" target=\"_blank\" rel=\"noopener\">ex-joueur et entra\u00eeneur parisien<\/a> Luis Fernandez : \u00ab\u00a0C&rsquo;est une bonne nouvelle pour la ville. <b>Londres compte sept clubs en premi\u00e8re division et Madrid, quatre<\/b>.\u00a0\u00bb<\/p>\n<p>\u00ab\u00a0Il y aura un peu de chambrage et d&rsquo;animosit\u00e9, mais il faut que les relations soient cordiales\u00a0\u00bb, poursuit l&rsquo;ancien international. Car des tensions, il y en a eu ! Le Paris Saint-Germain<b> <\/b>na\u00eet en 1970 de l&rsquo;union entre le Paris Football Club et le Stade Saint-Germanois. Une br\u00e8ve alliance de deux ans avant que le PSG et le PFC ne fassent scission \u00e0 la suite de probl\u00e8mes internes. Et depuis ? Deux destins diam\u00e9tralement oppos\u00e9s. Pour preuve, leur dernier affrontement en premi\u00e8re division remonte \u00e0 1979. Tomb\u00e9 jusqu&rsquo;en 5e division dans les ann\u00e9es 1980, le PFC aura pris du temps pour retrouver les sommets.<\/p>\n<p>                        <b>Le Paris FC, futur grand du football Fran\u00e7ais dans les ann\u00e9es \u00e0 venir ? <\/b><\/p>\n<p>En novembre 2024, la famille Arnault devient actionnaire majoritaire du club. <a href=\"https:\/\/www.programme-tv.net\/biographie\/231396-arnault-antoine\/\" data-link-people=\"f6b301d6-29da-4789-a21d-8b8a76a26fe1\" target=\"_blank\" rel=\"noopener\">Antoine Arnault<\/a> \u00e9voque alors un engagement \u00ab\u00a0d&rsquo;au moins 10, 15 ou 20 ans\u00a0\u00bb et balaye toute forme de concurrence avec son voisin. B\u00e9n\u00e9ficiant pour son retour en Ligue 1 de 130 millions d&rsquo;euros de budget selon L&rsquo;\u00c9quipe, soit le 4e plus gros du championnat, le Paris Football Club s&rsquo;est reconstruit rapidement gr\u00e2ce \u00e0 une \u00e9quipe comp\u00e9titive, port\u00e9e par Maxime Lopez et Ilan Kebbal.<\/p>\n<p>Pas encore de quoi impressionner les vainqueurs en titre de la Ligue des champions : \u00ab\u00a0Le PSG a de nombreuses longueurs d&rsquo;avance. <b>Le Paris FC est une \u00e9quipe qui joue bien mais son principal objectif cette saison est le maintien<\/b> [le club est actuellement 14e au classement, ndlr]\u00a0\u00bb, rappelle Luis Fernandez, qui esp\u00e8re encore plus de derbys. Ce qui pourrait bient\u00f4t arriver gr\u00e2ce au Red Star de Saint-Ouen (93), dans la course \u00e0 la mont\u00e9e en Ligue 1.<\/p>\n","protected":false},"excerpt":{"rendered":"Quarante-sept ans apr\u00e8s leur derni\u00e8re rencontre en premi\u00e8re division, les deux clubs parisiens se retrouvent sur une pelouse&hellip;\n","protected":false},"author":2,"featured_media":640812,"comment_status":"","ping_status":"","sticky":false,"template":"","format":"standard","meta":{"footnotes":""},"categories":[1888],"tags":[11,244,1777,674,63,1011,27,2173,66,49096,74746,12,626,93,25,1630],"class_list":{"0":"post-640811","1":"post","2":"type-post","3":"status-publish","4":"format-standard","5":"has-post-thumbnail","7":"category-paris","8":"tag-actualites","9":"tag-commentaire","10":"tag-eu","11":"tag-europe","12":"tag-football","13":"tag-fr","14":"tag-france","15":"tag-interview","16":"tag-ligue-1","17":"tag-luis-fernandez","18":"tag-luis-fernu00e1ndez","19":"tag-news","20":"tag-paris","21":"tag-psg","22":"tag-republique-francaise","23":"tag-zapping"},"share_on_mastodon":{"url":"","error":""},"_links":{"self":[{"href":"https:\/\/www.europesays.com\/fr\/wp-json\/wp\/v2\/posts\/640811","targetHints":{"allow":["GET"]}}],"collection":[{"href":"https:\/\/www.europesays.com\/fr\/wp-json\/wp\/v2\/posts"}],"about":[{"href":"https:\/\/www.europesays.com\/fr\/wp-json\/wp\/v2\/types\/post"}],"author":[{"embeddable":true,"href":"https:\/\/www.europesays.com\/fr\/wp-json\/wp\/v2\/users\/2"}],"replies":[{"embeddable":true,"href":"https:\/\/www.europesays.com\/fr\/wp-json\/wp\/v2\/comments?post=640811"}],"version-history":[{"count":0,"href":"https:\/\/www.europesays.com\/fr\/wp-json\/wp\/v2\/posts\/640811\/revisions"}],"wp:featuredmedia":[{"embeddable":true,"href":"https:\/\/www.europesays.com\/fr\/wp-json\/wp\/v2\/media\/640812"}],"wp:attachment":[{"href":"https:\/\/www.europesays.com\/fr\/wp-json\/wp\/v2\/media?parent=640811"}],"wp:term":[{"taxonomy":"category","embeddable":true,"href":"https:\/\/www.europesays.com\/fr\/wp-json\/wp\/v2\/categories?post=640811"},{"taxonomy":"post_tag","embeddable":true,"href":"https:\/\/www.europesays.com\/fr\/wp-json\/wp\/v2\/tags?post=640811"}],"curies":[{"name":"wp","href":"https:\/\/api.w.org\/{rel}","templated":true}]}}