{"id":640813,"date":"2026-01-04T17:48:19","date_gmt":"2026-01-04T17:48:19","guid":{"rendered":"https:\/\/www.europesays.com\/fr\/640813\/"},"modified":"2026-01-04T17:48:19","modified_gmt":"2026-01-04T17:48:19","slug":"capture-de-nicolas-maduro-la-russie-et-la-chine-appellent-a-la-liberation-du-chef-detat-venezuelien","status":"publish","type":"post","link":"https:\/\/www.europesays.com\/fr\/640813\/","title":{"rendered":"Capture de Nicol\u00e1s Maduro : la Russie et la Chine appellent \u00e0 la lib\u00e9ration du chef d&rsquo;\u00c9tat v\u00e9n\u00e9zu\u00e9lien"},"content":{"rendered":"<p class=\"p1\">L\u2019annonce par Donald Trump de <a href=\"https:\/\/www.valeursactuelles.com\/monde\/venezuela-les-etats-unis-lancent-des-frappes-visant-des-installations-militaires\" target=\"_blank\" rel=\"noopener\">la capture du pr\u00e9sident v\u00e9n\u00e9zu\u00e9lien\u00a0Nicol\u00e1s Maduro et de sa femme<\/a>, vendredi 3 janvier, a eu un impact international imm\u00e9diat. La plupart des grandes Puissances du monde se sont positionn\u00e9es concernant cette op\u00e9ration militaire.<\/p>\n<p><a href=\"https:\/\/www.valeursactuelles.com\/monde\/emmanuel-macron-estime-que-le-peuple-venezuelien-est-debarrasse-de-la-dictature-de-nicolas-maduro\" class=\"h-flex h-align-items-center h-border-tb h-ptb-15\" target=\"_blank\" rel=\"noopener\">A\u00a0LIRE\u00a0Emmanuel Macron estime que le peuple v\u00e9n\u00e9zu\u00e9lien est \u00ab d\u00e9barrass\u00e9 de la dictature \u00bb de Nicol\u00e1s Maduro<\/a><\/p>\n<p class=\"p1\">Si l\u2019Argentine de Javier Milei et Isra\u00ebl ont lou\u00e9 l\u2019op\u00e9ration militaire, ce n\u2019est pas le cas de certains pays partenaires et soutiens de\u00a0Nicol\u00e1s Maduro comme la Chine et la Russie. En effet, d\u2019apr\u00e8s <a href=\"https:\/\/www.bfmtv.com\/international\/asie\/russie\/capture-de-nicolas-maduro-la-russie-exhorte-les-etats-unis-a-liberer-le-chef-d-etat-venezuelien-et-sa-femme_AD-202601030240.html\" target=\"_blank\" rel=\"nofollow noopener\">BFM TV<\/a>, le chef de la diplomatie russe <a href=\"https:\/\/www.valeursactuelles.com\/monde\/rencontre-trump-poutine-le-ministre-russe-des-affaires-etrangeres-arbore-un-pull-urss-en-arrivant-en-alaska\" target=\"_blank\" rel=\"noopener\">Sergue\u00ef Lavrov<\/a> a apport\u00e9 son soutien au pr\u00e9sident v\u00e9n\u00e9zu\u00e9lien et il a \u00ab\u00a0demand\u00e9\u00a0\u00bb \u00e0 ce qu\u2019il soit lib\u00e9r\u00e9.<\/p>\n<p class=\"p1\">\u00ab\u00a0Nous exhortons les autorit\u00e9s am\u00e9ricaines \u00e0 reconsid\u00e9rer cette position et \u00e0 lib\u00e9rer le pr\u00e9sident l\u00e9galement \u00e9lu d\u2019un pays souverain ainsi que son \u00e9pouse\u00a0\u00bb, a d\u00e9clar\u00e9 le minist\u00e8re russe des Affaires \u00e9trang\u00e8res dans un communiqu\u00e9.<\/p>\n<p>La Chine condamne l\u2019op\u00e9ration<a href=\"https:\/\/www.valeursactuelles.com\/monde\/capture-de-nicolas-maduro-donald-trump-partage-une-photo-du-dirigeant-venezuelien-menotte-sur-son-reseau-social\" class=\"h-flex h-align-items-center h-border-tb h-ptb-15\" target=\"_blank\" rel=\"noopener\">A\u00a0LIRE\u00a0Capture de Nicol\u00e1s Maduro : Donald Trump partage une photo du dirigeant v\u00e9n\u00e9zu\u00e9lien menott\u00e9 sur son r\u00e9seau social<\/a><\/p>\n<p class=\"p1\">De son c\u00f4t\u00e9, <a href=\"https:\/\/www.valeursactuelles.com\/tag\/chine\" target=\"_blank\" rel=\"noopener\">la Chine<\/a> qui se fournit principalement en p\u00e9trole v\u00e9n\u00e9zu\u00e9lien, s\u2019est dite\u00a0\u00ab profond\u00e9ment choqu\u00e9 \u00bb\u00a0et a\u00a0\u00ab condamn\u00e9 fermement le recours flagrant \u00e0 la force par les \u00c9tats-Unis contre un \u00c9tat souverain et leur action contre son pr\u00e9sident \u00bb.<\/p>\n<p class=\"p1\">P\u00e9kin a d\u00e9nonc\u00e9 un\u00a0\u00ab comportement h\u00e9g\u00e9monique des \u00c9tats-Unis \u00bb\u00a0qui\u00a0\u00ab viole gravement le droit international \u00bb, \u00ab porte atteinte \u00e0 la souverainet\u00e9 du Venezuela et menace la paix et la s\u00e9curit\u00e9 en Am\u00e9rique latine et dans les Cara\u00efbes \u00bb, a ajout\u00e9 dans un communiqu\u00e9 le minist\u00e8re chinois des Affaires \u00e9trang\u00e8res.<\/p>\n<p class=\"p1\">L\u2019Iran, ennemi des \u00c9tats-Unis, a \u00e9galement\u00a0\u00ab fermement condamn\u00e9 l\u2019attaque militaire am\u00e9ricaine contre le Venezuela \u00bb.<\/p>\n","protected":false},"excerpt":{"rendered":"L\u2019annonce par Donald Trump de la capture du pr\u00e9sident v\u00e9n\u00e9zu\u00e9lien\u00a0Nicol\u00e1s Maduro et de sa femme, vendredi 3 janvier,&hellip;\n","protected":false},"author":2,"featured_media":640814,"comment_status":"","ping_status":"","sticky":false,"template":"","format":"standard","meta":{"footnotes":""},"categories":[1591],"tags":[11,309,1887,12,338,1885,1886,132,1135,337],"class_list":{"0":"post-640813","1":"post","2":"type-post","3":"status-publish","4":"format-standard","5":"has-post-thumbnail","7":"category-russie","8":"tag-actualites","9":"tag-chine","10":"tag-federation-de-russie","11":"tag-news","12":"tag-nicolas-maduro","13":"tag-russia","14":"tag-russian-federation","15":"tag-russie","16":"tag-serguei-lavrov","17":"tag-venezuela"},"share_on_mastodon":{"url":"https:\/\/pubeurope.com\/@fr\/115838091513398875","error":""},"_links":{"self":[{"href":"https:\/\/www.europesays.com\/fr\/wp-json\/wp\/v2\/posts\/640813","targetHints":{"allow":["GET"]}}],"collection":[{"href":"https:\/\/www.europesays.com\/fr\/wp-json\/wp\/v2\/posts"}],"about":[{"href":"https:\/\/www.europesays.com\/fr\/wp-json\/wp\/v2\/types\/post"}],"author":[{"embeddable":true,"href":"https:\/\/www.europesays.com\/fr\/wp-json\/wp\/v2\/users\/2"}],"replies":[{"embeddable":true,"href":"https:\/\/www.europesays.com\/fr\/wp-json\/wp\/v2\/comments?post=640813"}],"version-history":[{"count":0,"href":"https:\/\/www.europesays.com\/fr\/wp-json\/wp\/v2\/posts\/640813\/revisions"}],"wp:featuredmedia":[{"embeddable":true,"href":"https:\/\/www.europesays.com\/fr\/wp-json\/wp\/v2\/media\/640814"}],"wp:attachment":[{"href":"https:\/\/www.europesays.com\/fr\/wp-json\/wp\/v2\/media?parent=640813"}],"wp:term":[{"taxonomy":"category","embeddable":true,"href":"https:\/\/www.europesays.com\/fr\/wp-json\/wp\/v2\/categories?post=640813"},{"taxonomy":"post_tag","embeddable":true,"href":"https:\/\/www.europesays.com\/fr\/wp-json\/wp\/v2\/tags?post=640813"}],"curies":[{"name":"wp","href":"https:\/\/api.w.org\/{rel}","templated":true}]}}