{"id":640817,"date":"2026-01-04T17:50:25","date_gmt":"2026-01-04T17:50:25","guid":{"rendered":"https:\/\/www.europesays.com\/fr\/640817\/"},"modified":"2026-01-04T17:50:25","modified_gmt":"2026-01-04T17:50:25","slug":"en-direct-venezuela-capture-de-maduro-parler-delections-est-premature-a-ce-stade-affirme-marco-rubio","status":"publish","type":"post","link":"https:\/\/www.europesays.com\/fr\/640817\/","title":{"rendered":"En direct Venezuela. Capture de Maduro\u00a0:\u00a0parler d&rsquo;\u00e9lections est\u00a0\u00ab pr\u00e9matur\u00e9 \u00e0 ce stade \u00bb, affirme Marco Rubio"},"content":{"rendered":"<p>Pour Dominique de Villepin, Emmanuel Macron \u00ab se soumet \u00bb aux \u00c9tats-Unis de Donald Trump avec sa r\u00e9action \u00ab irresponsable \u00bb apr\u00e8s la capture de Nicolas Maduro par les forces am\u00e9ricaines. Le pr\u00e9sident fran\u00e7ais \u00ab a pr\u00e9f\u00e9r\u00e9 ne pas surr\u00e9agir, puisqu&rsquo;il a craint \u00e0 un moment donn\u00e9 d&rsquo;irriter Donald Trump, par rapport \u00e0 la d\u00e9cision am\u00e9ricaine d&rsquo;intervenir \u00e0 Caracas parce qu&rsquo;il a le sentiment de devoir mener un combat qui, pour lui, est plus important, qui est le combat de l&rsquo;Ukraine. Et donc il a choisi en quelque sorte sa cible. Ce qu&rsquo;il ne comprend pas, ce qui lui \u00e9chappe, c&rsquo;est que l&rsquo;ensemble de ses sujets sont aujourd&rsquo;hui li\u00e9s. Ne pas r\u00e9agir \u00e0 ce qui se passe au Venezuela, c&rsquo;est s&rsquo;affaiblir dans la n\u00e9gociation sur l&rsquo;Ukraine \u00bb, a-t-il d\u00e9velopp\u00e9.<\/p>\n<p>\u00ab La premi\u00e8re chose que devraient faire les Europ\u00e9ens, c&rsquo;est d&rsquo;abord marquer clairement ce qui est inacceptable pour nous dans la d\u00e9cision am\u00e9ricaine, se doter de leviers, et \u00e7a, c&rsquo;est une urgence absolue [&#8230;] c&rsquo;est l&rsquo;inverse de ce qu&rsquo;a fait Emmanuel Macron hier soir \u00bb, a encore jug\u00e9 l&rsquo;ancien ministre des Affaires \u00e9trang\u00e8res sur BFMTV. \u00ab Nous sommes en train de nier notre propre identit\u00e9 historique \u00bb, a martel\u00e9 celui qui s&rsquo;\u00e9tait fait remarquer en 2003 quand il \u00e9tait chef de la diplomatie de Jacques Chirac par son discours \u00e0 l&rsquo;ONU contre la guerre en Irak engag\u00e9e par les \u00c9tats-Unis de George W. Bush, et qui ne cache pas ses ambitions pr\u00e9sidentielles pour 2027.<\/p>\n","protected":false},"excerpt":{"rendered":"Pour Dominique de Villepin, Emmanuel Macron \u00ab se soumet \u00bb aux \u00c9tats-Unis de Donald Trump avec sa r\u00e9action&hellip;\n","protected":false},"author":2,"featured_media":640818,"comment_status":"","ping_status":"","sticky":false,"template":"","format":"standard","meta":{"footnotes":""},"categories":[1589],"tags":[11,3206,12255,893,73,1866,274,107,329,12,316,1864,1865,1863,308],"class_list":{"0":"post-640817","1":"post","2":"type-post","3":"status-publish","4":"format-standard","5":"has-post-thumbnail","7":"category-etats-unis","8":"tag-actualites","9":"tag-defense-guerre-conflit","10":"tag-direct-actualite","11":"tag-energie","12":"tag-etats-unis","13":"tag-etats-unis-damerique","14":"tag-faits-divers-justice","15":"tag-fil-info","16":"tag-france-monde","17":"tag-news","18":"tag-politique","19":"tag-united-states","20":"tag-united-states-of-america","21":"tag-us","22":"tag-usa"},"share_on_mastodon":{"url":"https:\/\/pubeurope.com\/@fr\/115838099415857090","error":""},"_links":{"self":[{"href":"https:\/\/www.europesays.com\/fr\/wp-json\/wp\/v2\/posts\/640817","targetHints":{"allow":["GET"]}}],"collection":[{"href":"https:\/\/www.europesays.com\/fr\/wp-json\/wp\/v2\/posts"}],"about":[{"href":"https:\/\/www.europesays.com\/fr\/wp-json\/wp\/v2\/types\/post"}],"author":[{"embeddable":true,"href":"https:\/\/www.europesays.com\/fr\/wp-json\/wp\/v2\/users\/2"}],"replies":[{"embeddable":true,"href":"https:\/\/www.europesays.com\/fr\/wp-json\/wp\/v2\/comments?post=640817"}],"version-history":[{"count":0,"href":"https:\/\/www.europesays.com\/fr\/wp-json\/wp\/v2\/posts\/640817\/revisions"}],"wp:featuredmedia":[{"embeddable":true,"href":"https:\/\/www.europesays.com\/fr\/wp-json\/wp\/v2\/media\/640818"}],"wp:attachment":[{"href":"https:\/\/www.europesays.com\/fr\/wp-json\/wp\/v2\/media?parent=640817"}],"wp:term":[{"taxonomy":"category","embeddable":true,"href":"https:\/\/www.europesays.com\/fr\/wp-json\/wp\/v2\/categories?post=640817"},{"taxonomy":"post_tag","embeddable":true,"href":"https:\/\/www.europesays.com\/fr\/wp-json\/wp\/v2\/tags?post=640817"}],"curies":[{"name":"wp","href":"https:\/\/api.w.org\/{rel}","templated":true}]}}