{"id":640821,"date":"2026-01-04T17:52:17","date_gmt":"2026-01-04T17:52:17","guid":{"rendered":"https:\/\/www.europesays.com\/fr\/640821\/"},"modified":"2026-01-04T17:52:17","modified_gmt":"2026-01-04T17:52:17","slug":"une-epee-conservee-dans-une-crypte-en-allemagne-revele-une-inscription-vieille-de-quatre-siecles","status":"publish","type":"post","link":"https:\/\/www.europesays.com\/fr\/640821\/","title":{"rendered":"Une \u00e9p\u00e9e conserv\u00e9e dans une crypte en Allemagne r\u00e9v\u00e8le une inscription vieille de quatre si\u00e8cles"},"content":{"rendered":"<p>\n    Les scientifiques de l\u2019Universit\u00e9 Friedrich von Schiller, \u00e0 I\u00e9na, ont pass\u00e9 \u00e0 la loupe une \u00e9p\u00e9e rouill\u00e9e. Ils y ont d\u00e9couvert le nom de son forgeron, un artisan r\u00e9put\u00e9 de la ville de Solingen, situ\u00e9e \u00e0 400 kilom\u00e8tres du lieu de d\u00e9couverte.<\/p>\n<p class=\"fig-paragraph\">Les technologies modernes ont permis de r\u00e9v\u00e9ler de pr\u00e9cieuses informations sur l\u2019histoire artisanale de la ville de\u00a0<a href=\"http:\/\/www.lefigaro.fr\/voyages\/hotels\/du-musee-d-art-moderne-au-palais-d-iena-connaissez-vous-le-paris-art-deco-20251018\" data-fig-type=\"Article\" data-gtm-custom-categorie=\"navigation\" data-gtm-custom-action=\"crossclick\" data-gtm-custom-label=\"Contextuel\" data-gtm-event=\"customEventSPE\" data-fig-domain=\"LEFIGARO\" target=\"_blank\" rel=\"noopener\">I\u00e9na<\/a>, en Allemagne. \u00c0 l\u2019aide d\u2019un proc\u00e9d\u00e9 d\u2019imagerie m\u00e9dicale nomm\u00e9 la \u00ab\u00a0tomographie assist\u00e9e par ordinateur\u00a0\u00bb (TAO), les chercheurs de l\u2019institut INNOVENT e.V. ont men\u00e9\u00a0<a href=\"https:\/\/www.innovent-jena.de\/news\/news\/814?cHash=4960e9c9c31aacef5e31c0dbb238e415\" target=\"_blank\" rel=\"sponsored noopener\" data-gtm-custom-categorie=\"navigation\" data-gtm-custom-action=\"crossclick\" data-gtm-custom-label=\"Contextuel\" data-gtm-event=\"customEventSPE\">une longue \u00e9tude<\/a>\u00a0sur une \u00e9p\u00e9e de la Renaissance retrouv\u00e9e il y a plusieurs ann\u00e9es dans une crypte de l\u2019universit\u00e9 Friedrich von Schiller, l\u2019un des \u00e9tablissements scolaires les plus anciens du pays.<\/p>\n<p class=\"fig-paragraph\">Ils ont identifi\u00e9 sous l\u2019importante couche de rouille qui entourait l\u2019arme une inscription correspondant \u00e0 son forgeron, un certain Clemes Stam. Selon un communiqu\u00e9 publi\u00e9 en octobre dernier par l\u2019institut, cet homme \u00e9tait un artisan r\u00e9put\u00e9 dans les rues de la ville allemande de\u00a0<a href=\"http:\/\/www.lefigaro.fr\/international\/interdiction-des-armes-blanches-promesse-d-expulsions-apres-l-attentat-de-solingen-olaf-scholz-tente-d-eteindre-la-polemique-20240826\" data-fig-type=\"Article\" data-gtm-custom-categorie=\"navigation\" data-gtm-custom-action=\"crossclick\" data-gtm-custom-label=\"Contextuel\" data-gtm-event=\"customEventSPE\" data-fig-domain=\"LEFIGARO\" target=\"_blank\" rel=\"noopener\">Solingen\u00a0<\/a>\u00e0 la fin du XVIe si\u00e8cle, \u00e0 400 kilom\u00e8tres de I\u00e9na. Pour r\u00e9aliser cette \u00e9p\u00e9e, l\u2019artisan a soud\u00e9 plusieurs types d\u2019acier entre eux, \u00e0 savoir un acier dur pour la partie tranchante et un souple pour le c\u0153ur de la lame.<\/p>\n<p>                                            <a class=\"fig-a11y-skip\" href=\"#fig-a11y-skip-main-inarticle\" data-module=\"a11y-skip\" data-context=\"was @visible\"><br \/>\n    Passer la publicit\u00e9<br \/>\n<\/a>            <\/p>\n<p>                                            Un forgeron \u00e0 la client\u00e8le tr\u00e8s \u00e9litiste<\/p>\n<p class=\"fig-paragraph\">Les arch\u00e9ologues pensent que l\u2019\u00e9p\u00e9e ne pouvait appartenir qu\u2019\u00e0 un recteur de l\u2019universit\u00e9 Friedrich von Schiller ou \u00e0 un \u00e9tudiant issu de l\u2019aristocratie. Car les artisans aiguiseurs de la Renaissance, dans cette r\u00e9gion de l\u2019Allemagne, avaient une client\u00e8le tr\u00e8s \u00e9litiste. Ils vendaient leurs armes qu\u2019aux nobles et grands intellectuels, dont le roi d\u2019Espagne.<\/p>\n<p class=\"fig-body-link\">\n            \u00c0 lire aussi<br \/>\n        <a class=\"fig-body-link__link\" href=\"http:\/\/www.lefigaro.fr\/culture\/patrimoine\/des-fragments-de-la-tapisserie-de-bayeux-voles-par-un-archeologue-nazi-refont-surface-en-allemagne-20250310\" target=\"_blank\" data-fig-type=\"Article\" rel=\"noopener\" data-gtm-custom-categorie=\"navigation\" data-gtm-custom-action=\"crossclick\" data-gtm-custom-label=\"Contextuel\" data-gtm-event=\"customEventSPE\" data-fig-domain=\"LEFIGARO\"><\/p>\n<p>        Des fragments de la tapisserie de Bayeux vol\u00e9s par un arch\u00e9ologue nazi refont surface en Allemagne<br \/>\n    <\/a>\n<\/p>\n<p class=\"fig-paragraph\">Ce n\u2019est pas la premi\u00e8re fois que les chercheurs mettent au jour ce type d\u2019objet. Des armes comparables, utilis\u00e9es entre 1580 et 1620, sont actuellement conserv\u00e9es dans un mus\u00e9e de Solingen. \u00c0 I\u00e9na, ce sont les scientifiques de l\u2019universit\u00e9 qui sont \u00e0 l\u2019origine des d\u00e9couvertes arch\u00e9ologiques. Ces derniers ont lanc\u00e9 en 2018 un projet baptis\u00e9 \u00ab\u00a0Histoire des d\u00e9buts de l\u2019universit\u00e9 d\u2019I\u00e9na \u00e0 partir du quartier universitaire, avec une attention particuli\u00e8re pour les tombes des recteurs\u00a0\u00bb, pr\u00e9cise le communiqu\u00e9. Ils ont d\u00e9j\u00e0 d\u00e9couvert dans ce cadre des bijoux, livres, v\u00eatements et \u00e9p\u00e9es.<\/p>\n","protected":false},"excerpt":{"rendered":"Les scientifiques de l\u2019Universit\u00e9 Friedrich von Schiller, \u00e0 I\u00e9na, ont pass\u00e9 \u00e0 la loupe une \u00e9p\u00e9e rouill\u00e9e. Ils&hellip;\n","protected":false},"author":2,"featured_media":640822,"comment_status":"","ping_status":"","sticky":false,"template":"","format":"standard","meta":{"footnotes":""},"categories":[1587],"tags":[11,672,1804,1805,1803,1777,674,1801,12,3370,1802],"class_list":{"0":"post-640821","1":"post","2":"type-post","3":"status-publish","4":"format-standard","5":"has-post-thumbnail","7":"category-allemagne","8":"tag-actualites","9":"tag-allemagne","10":"tag-bundesrepublik-deutschland","11":"tag-de","12":"tag-deutschland","13":"tag-eu","14":"tag-europe","15":"tag-germany","16":"tag-news","17":"tag-renaissance","18":"tag-republique-federale-dallemagne"},"share_on_mastodon":{"url":"https:\/\/pubeurope.com\/@fr\/115838107253451224","error":""},"_links":{"self":[{"href":"https:\/\/www.europesays.com\/fr\/wp-json\/wp\/v2\/posts\/640821","targetHints":{"allow":["GET"]}}],"collection":[{"href":"https:\/\/www.europesays.com\/fr\/wp-json\/wp\/v2\/posts"}],"about":[{"href":"https:\/\/www.europesays.com\/fr\/wp-json\/wp\/v2\/types\/post"}],"author":[{"embeddable":true,"href":"https:\/\/www.europesays.com\/fr\/wp-json\/wp\/v2\/users\/2"}],"replies":[{"embeddable":true,"href":"https:\/\/www.europesays.com\/fr\/wp-json\/wp\/v2\/comments?post=640821"}],"version-history":[{"count":0,"href":"https:\/\/www.europesays.com\/fr\/wp-json\/wp\/v2\/posts\/640821\/revisions"}],"wp:featuredmedia":[{"embeddable":true,"href":"https:\/\/www.europesays.com\/fr\/wp-json\/wp\/v2\/media\/640822"}],"wp:attachment":[{"href":"https:\/\/www.europesays.com\/fr\/wp-json\/wp\/v2\/media?parent=640821"}],"wp:term":[{"taxonomy":"category","embeddable":true,"href":"https:\/\/www.europesays.com\/fr\/wp-json\/wp\/v2\/categories?post=640821"},{"taxonomy":"post_tag","embeddable":true,"href":"https:\/\/www.europesays.com\/fr\/wp-json\/wp\/v2\/tags?post=640821"}],"curies":[{"name":"wp","href":"https:\/\/api.w.org\/{rel}","templated":true}]}}