{"id":640825,"date":"2026-01-04T17:54:10","date_gmt":"2026-01-04T17:54:10","guid":{"rendered":"https:\/\/www.europesays.com\/fr\/640825\/"},"modified":"2026-01-04T17:54:10","modified_gmt":"2026-01-04T17:54:10","slug":"comment-la-guerre-en-ukraine-a-remodele-lunion-europeenne-business-am","status":"publish","type":"post","link":"https:\/\/www.europesays.com\/fr\/640825\/","title":{"rendered":"Comment la guerre en Ukraine a remodel\u00e9 l&rsquo;Union europ\u00e9enne &#8211; Business AM"},"content":{"rendered":"<p>Principaux renseignements<\/p>\n<ul class=\"wp-block-list\">\n<li><strong>La guerre en Ukraine a mis en lumi\u00e8re les faiblesses militaires de l\u2019Europe et sa d\u00e9pendance \u00e0 l\u2019\u00e9gard de l\u2019\u00e9nergie russe, ce qui l\u2019a oblig\u00e9e \u00e0 r\u00e9\u00e9valuer ses priorit\u00e9s strat\u00e9giques.<\/strong><\/li>\n<li><strong>Le conflit a suscit\u00e9 un effort de r\u00e9armement \u00e0 l\u2019\u00e9chelle du continent et des efforts visant \u00e0 r\u00e9duire la d\u00e9pendance \u00e9nerg\u00e9tique \u00e0 l\u2019\u00e9gard de la Russie, renfor\u00e7ant ainsi la souverainet\u00e9 europ\u00e9enne.<\/strong><\/li>\n<li><strong>L\u2019UE a fait preuve d\u2019une remarquable unit\u00e9 dans sa r\u00e9ponse \u00e0 l\u2019invasion, d\u00e9montrant un nouveau sens de l\u2019objectif et de la d\u00e9termination au sein de l\u2019Union.<\/strong><\/li>\n<\/ul>\n<p>La guerre en Ukraine a fondamentalement remodel\u00e9 l\u2019Union europ\u00e9enne, bouleversant des id\u00e9es re\u00e7ues sur la paix et la s\u00e9curit\u00e9 sur le continent, selon <a href=\"https:\/\/www.lemonde.fr\/en\/international\/article\/2026\/01\/02\/how-four-years-of-war-in-ukraine-redefined-the-european-union_6749005_4.html\" target=\"_blank\" rel=\"noreferrer noopener\">Le Monde<\/a>. Le conflit a mis en lumi\u00e8re la vuln\u00e9rabilit\u00e9 militaire de l\u2019Europe et <a href=\"https:\/\/fr.businessam.be\/lunion-europeenne-met-le-cap-sur-un-abandon-total-du-gaz-russe-dici-la-fin-2027\/\" target=\"_blank\" rel=\"noopener\">sa d\u00e9pendance \u00e0 l\u2019\u00e9gard de l\u2019\u00e9nergie russe<\/a>, l\u2019obligeant \u00e0 r\u00e9\u00e9valuer douloureusement ses priorit\u00e9s strat\u00e9giques.<\/p>\n<p>Catalyseur pour le changement<\/p>\n<p>Avant l\u2019invasion, de nombreux dirigeants europ\u00e9ens ont fait preuve d\u2019autosatisfaction, estimant que la guerre \u00e9tait une relique du pass\u00e9. L\u2019agression de la Russie a toutefois bris\u00e9 cette illusion, soulignant la n\u00e9cessit\u00e9 d\u2019un dispositif de d\u00e9fense plus solide et d\u2019une plus grande autonomie. Le conflit a \u00e9t\u00e9 le catalyseur d\u2019un \u00ab\u00a0changement philosophique massif\u00a0\u00bb, comme l\u2019a bien dit Nathalie Tocci, directrice de l\u2019Istituto Affari Internazionali.<\/p>\n<p>La prise de conscience par l\u2019Europe de ses vuln\u00e9rabilit\u00e9s a \u00e9t\u00e9 illustr\u00e9e de mani\u00e8re frappante par son incapacit\u00e9 \u00e0 rivaliser avec la puissance de feu militaire de la Russie. Comme l\u2019a r\u00e9v\u00e9l\u00e9 le chercheur L\u00e9o P\u00e9ria-Peign\u00e9, la Russie et l\u2019Ukraine ont tir\u00e9 plus d\u2019obus d\u2019artillerie en une semaine que toute l\u2019Europe en une ann\u00e9e. Cette prise de conscience a suscit\u00e9 un effort de r\u00e9armement \u00e0 l\u2019\u00e9chelle du continent, sous l\u2019impulsion de la Pologne et des \u00c9tats baltes, m\u00eame si les progr\u00e8s restent in\u00e9gaux.<\/p>\n<p>La d\u00e9pendance \u00e9nerg\u00e9tique\u00a0<\/p>\n<p>La guerre a \u00e9galement contraint l\u2019Europe \u00e0 faire face \u00e0 sa d\u00e9pendance \u00e9nerg\u00e9tique \u00e0 l\u2019\u00e9gard de la Russie, une vuln\u00e9rabilit\u00e9 mise en \u00e9vidence par l\u2019impact imm\u00e9diat du conflit sur les approvisionnements en gaz. Se lib\u00e9rer de cette d\u00e9pendance sera co\u00fbteux, mais c\u2019est essentiel pour renforcer la souverainet\u00e9 europ\u00e9enne et r\u00e9duire les vuln\u00e9rabilit\u00e9s. Ce processus a commenc\u00e9 lors de la pand\u00e9mie de COVID-19, lorsque la d\u00e9pendance de l\u2019Europe \u00e0 l\u2019\u00e9gard de la Chine pour les produits pharmaceutiques a \u00e9t\u00e9 r\u00e9v\u00e9l\u00e9e.<\/p>\n<p>L\u2019UE a fait preuve d\u2019un degr\u00e9 remarquable d\u2019unit\u00e9 dans sa r\u00e9ponse \u00e0 l\u2019agression de la Russie, en maintenant les sanctions, en r\u00e9duisant la d\u00e9pendance \u00e9nerg\u00e9tique et en apportant un soutien financier substantiel \u00e0 l\u2019Ukraine. Ces mesures sans pr\u00e9c\u00e9dent t\u00e9moignent d\u2019un nouveau sens de l\u2019objectif et de la d\u00e9termination au sein de l\u2019Union.<\/p>\n<p>Une Europe assertive<\/p>\n<p>La guerre a \u00e9galement modifi\u00e9 la dynamique du pouvoir au sein de l\u2019UE, en faisant entendre la voix des \u00c9tats membres d\u2019Europe de l\u2019Est qui avaient depuis longtemps mis en garde contre l\u2019expansionnisme russe. Si la position de la Hongrie continue de susciter des inqui\u00e9tudes, la tendance g\u00e9n\u00e9rale va dans le sens d\u2019une Europe plus unie et plus affirm\u00e9e.<\/p>\n<p>L\u2019Allemagne, nation traditionnellement pacifiste, s\u2019est profond\u00e9ment transform\u00e9e, abandonnant sa d\u00e9pendance au gaz russe, investissant massivement dans la d\u00e9fense et assumant un nouveau r\u00f4le de leader au sein de l\u2019UE. Le discours \u00ab\u00a0Zeitenwende\u00a0\u00bb du chancelier Olaf Scholz a marqu\u00e9 une rupture d\u00e9cisive avec le pass\u00e9 de l\u2019Allemagne et une volont\u00e9 d\u2019assumer une plus grande responsabilit\u00e9 en mati\u00e8re de s\u00e9curit\u00e9 europ\u00e9enne.<\/p>\n<p>D\u00e9fis futurs<\/p>\n<p>Cependant, l\u2019Europe reste confront\u00e9e \u00e0 des d\u00e9fis importants. Le retour potentiel de Donald Trump \u00e0 la Maison Blanche en 2025 jette une ombre d\u2019incertitude sur les relations transatlantiques, suscitant la crainte d\u2019un renversement des alliances et d\u2019un nouveau sentiment de vuln\u00e9rabilit\u00e9.<\/p>\n<p>Comme l\u2019observe Steven Everts, directeur de l\u2019Institut d\u2019\u00e9tudes de s\u00e9curit\u00e9 de l\u2019UE, l\u2019Europe doit surmonter sa \u00ab\u00a0psychologie de la faiblesse\u00a0\u00bb et exploiter pleinement son potentiel \u00e9conomique et politique pour devenir un v\u00e9ritable acteur g\u00e9ostrat\u00e9gique sur la sc\u00e8ne mondiale. \u00c0 d\u00e9faut, l\u2019Europe risque d\u2019\u00eatre rel\u00e9gu\u00e9e en marge des affaires mondiales. (fc)<\/p>\n<p><a href=\"https:\/\/news.google.com\/publications\/CAowtseUCw?hl=fr&amp;gl=BE&amp;ceid=BE%3Afr\" target=\"_blank\" rel=\"noopener\">Suivez \u00e9galement Business AM sur Google Actualit\u00e9s<\/a><\/p>\n<p><a href=\"https:\/\/portalfr.businessam.be\/plans\/business-am-fr-offre-dete\/\" target=\"_blank\" rel=\"noopener\">Si vous souhaitez acc\u00e9der \u00e0 tous les articles, abonnez-vous ici!<\/a><\/p>\n","protected":false},"excerpt":{"rendered":"Principaux renseignements La guerre en Ukraine a mis en lumi\u00e8re les faiblesses militaires de l\u2019Europe et sa d\u00e9pendance&hellip;\n","protected":false},"author":2,"featured_media":640826,"comment_status":"","ping_status":"","sticky":false,"template":"","format":"standard","meta":{"footnotes":""},"categories":[1586],"tags":[11,672,1777,674,1779,1011,27,1861,12,2437,25,132,1778,220,364,134],"class_list":{"0":"post-640825","1":"post","2":"type-post","3":"status-publish","4":"format-standard","5":"has-post-thumbnail","7":"category-europe","8":"tag-actualites","9":"tag-allemagne","10":"tag-eu","11":"tag-europe","12":"tag-european-union","13":"tag-fr","14":"tag-france","15":"tag-lue","16":"tag-news","17":"tag-pologne","18":"tag-republique-francaise","19":"tag-russie","20":"tag-ue","21":"tag-ukraine","22":"tag-union-europeenne","23":"tag-volodymyr-zelensky"},"share_on_mastodon":{"url":"https:\/\/pubeurope.com\/@fr\/115838115086642959","error":""},"_links":{"self":[{"href":"https:\/\/www.europesays.com\/fr\/wp-json\/wp\/v2\/posts\/640825","targetHints":{"allow":["GET"]}}],"collection":[{"href":"https:\/\/www.europesays.com\/fr\/wp-json\/wp\/v2\/posts"}],"about":[{"href":"https:\/\/www.europesays.com\/fr\/wp-json\/wp\/v2\/types\/post"}],"author":[{"embeddable":true,"href":"https:\/\/www.europesays.com\/fr\/wp-json\/wp\/v2\/users\/2"}],"replies":[{"embeddable":true,"href":"https:\/\/www.europesays.com\/fr\/wp-json\/wp\/v2\/comments?post=640825"}],"version-history":[{"count":0,"href":"https:\/\/www.europesays.com\/fr\/wp-json\/wp\/v2\/posts\/640825\/revisions"}],"wp:featuredmedia":[{"embeddable":true,"href":"https:\/\/www.europesays.com\/fr\/wp-json\/wp\/v2\/media\/640826"}],"wp:attachment":[{"href":"https:\/\/www.europesays.com\/fr\/wp-json\/wp\/v2\/media?parent=640825"}],"wp:term":[{"taxonomy":"category","embeddable":true,"href":"https:\/\/www.europesays.com\/fr\/wp-json\/wp\/v2\/categories?post=640825"},{"taxonomy":"post_tag","embeddable":true,"href":"https:\/\/www.europesays.com\/fr\/wp-json\/wp\/v2\/tags?post=640825"}],"curies":[{"name":"wp","href":"https:\/\/api.w.org\/{rel}","templated":true}]}}