{"id":640833,"date":"2026-01-04T17:59:15","date_gmt":"2026-01-04T17:59:15","guid":{"rendered":"https:\/\/www.europesays.com\/fr\/640833\/"},"modified":"2026-01-04T17:59:15","modified_gmt":"2026-01-04T17:59:15","slug":"un-mhsc-vb-magistral-impressionne-sur-le-parquet-de-tourcoing-avant-la-ligue-des-champions","status":"publish","type":"post","link":"https:\/\/www.europesays.com\/fr\/640833\/","title":{"rendered":"Un MHSC VB magistral impressionne sur le parquet de Tourcoing avant la Ligue des champions"},"content":{"rendered":"<p>\n                                                                Montpellier s\u2019est impos\u00e9 dans le Nord (1-3) en championnat. De bon augure avant la r\u00e9ception des Polonais de Varsovie, mercredi (20h30) \u00e0 Castelnau-le-Lez.\n                            <\/p>\n<p>En battant Tourcoing-Lille M\u00e9tropole sur son parquet pour le premier match de l\u2019ann\u00e9e 2026, le MHSC VB a sign\u00e9 un exploit majuscule. Parce que les chiffres ne mentent pas\u00a0: le TLM, deuxi\u00e8me avant le match, restait sur 10 victoires de suite et \u00e9tait invaincu \u00e0 domicile depuis le d\u00e9but de la saison. Port\u00e9s par ses Argentins \u00e0 l\u2019attaque et \u00e0 la passe mais aussi par ses centraux Quentin Jouffroy et la r\u00e9v\u00e9lation Haukea Mar\u00e9, les Montpelli\u00e9rains ont fait couler des Nordistes bien p\u00e2les.<\/p>\n<p>Peut-\u00eatre qu\u2019une partie du match s\u2019est jou\u00e9e lors de la causerie de Lo\u00efc Le Marrec capt\u00e9e par les cam\u00e9ras de beIN Sports dans le vestiaire de Montpellier. L\u2019entra\u00eeneur, avec le sourire, a enjoint son effectif \u00e0 jouer lib\u00e9r\u00e9, \u00e0 profiter de ce match de gala sans penser au r\u00e9sultat final. Message re\u00e7u 5 sur 5. \u00ab\u00a0On a abord\u00e9 le match de mani\u00e8re positive sans se mettre la pression du classement, confirmait le champion olympique avec la France Quentin Jouffroy au micro du diffuseur \u00e0 la fin des d\u00e9bats. On se bagarre, on joue avec de la l\u00e9g\u00e8ret\u00e9 et \u00e7a marche bien.\u00a0\u00bb<\/p>\n<p>La r\u00e9v\u00e9lation Hauk\u00e9a Mare<\/p>\n<p>Apr\u00e8s avoir perdu un premier set qu\u2019il aurait pu gagner (24-26), les H\u00e9raultais ont encore \u00e9lev\u00e9 leur niveau de jeu \u00e0 partir de la deuxi\u00e8me manche. Les bras en feu de Tomas Lopez et de Quentin Jouffroy leur permettaient de faire le break (18-20). Celui de Haukea Mare, titulaire au centre \u00e0 la place d\u2019Ethan Jeanlys en l\u2019absence longue dur\u00e9e de Nicolas Le Goff, terminait le travail (21-25).<\/p>\n<p>Le MHSC VB confirmait sa domination dans la troisi\u00e8me manche. L\u2019ace du passeur montpelli\u00e9rain Matias Sanchez offrait cinq points d\u2019avance (9-14). Dans son registre d\u2019attaquant surpuissant, le capitaine Ezequiel Palacios \u00e9tait impressionnant (22-25).<br \/>Alors qu\u2019ils auraient pu se faire embarquer dans un tie-break, les Montpelli\u00e9rains ont \u00e9court\u00e9 la soir\u00e9e. Matias Sanchez claquait deux aces cons\u00e9cutifs (11-15). Le pointu nig\u00e9rian Vincent Mathias \u00e0 l\u2019attaque et Quentin Jouffroy au contre offraient la victoire aux Sudistes. Ce samedi soir \u00e0 Tourcoing, Montpellier a \u00e9t\u00e9 impressionnant.<\/p>\n","protected":false},"excerpt":{"rendered":"Montpellier s\u2019est impos\u00e9 dans le Nord (1-3) en championnat. De bon augure avant la r\u00e9ception des Polonais de&hellip;\n","protected":false},"author":2,"featured_media":640834,"comment_status":"","ping_status":"","sticky":false,"template":"","format":"standard","meta":{"footnotes":""},"categories":[1417],"tags":[1011,27,7089,2208,517,60,1470,1632,1469],"class_list":{"0":"post-640833","1":"post","2":"type-post","3":"status-publish","4":"format-standard","5":"has-post-thumbnail","7":"category-volley","8":"tag-fr","9":"tag-france","10":"tag-herault","11":"tag-montpellier","12":"tag-sport","13":"tag-sports","14":"tag-volley","15":"tag-volley-ball","16":"tag-volleyball"},"share_on_mastodon":{"url":"https:\/\/pubeurope.com\/@fr\/115838134867960510","error":""},"_links":{"self":[{"href":"https:\/\/www.europesays.com\/fr\/wp-json\/wp\/v2\/posts\/640833","targetHints":{"allow":["GET"]}}],"collection":[{"href":"https:\/\/www.europesays.com\/fr\/wp-json\/wp\/v2\/posts"}],"about":[{"href":"https:\/\/www.europesays.com\/fr\/wp-json\/wp\/v2\/types\/post"}],"author":[{"embeddable":true,"href":"https:\/\/www.europesays.com\/fr\/wp-json\/wp\/v2\/users\/2"}],"replies":[{"embeddable":true,"href":"https:\/\/www.europesays.com\/fr\/wp-json\/wp\/v2\/comments?post=640833"}],"version-history":[{"count":0,"href":"https:\/\/www.europesays.com\/fr\/wp-json\/wp\/v2\/posts\/640833\/revisions"}],"wp:featuredmedia":[{"embeddable":true,"href":"https:\/\/www.europesays.com\/fr\/wp-json\/wp\/v2\/media\/640834"}],"wp:attachment":[{"href":"https:\/\/www.europesays.com\/fr\/wp-json\/wp\/v2\/media?parent=640833"}],"wp:term":[{"taxonomy":"category","embeddable":true,"href":"https:\/\/www.europesays.com\/fr\/wp-json\/wp\/v2\/categories?post=640833"},{"taxonomy":"post_tag","embeddable":true,"href":"https:\/\/www.europesays.com\/fr\/wp-json\/wp\/v2\/tags?post=640833"}],"curies":[{"name":"wp","href":"https:\/\/api.w.org\/{rel}","templated":true}]}}