{"id":640837,"date":"2026-01-04T18:01:12","date_gmt":"2026-01-04T18:01:12","guid":{"rendered":"https:\/\/www.europesays.com\/fr\/640837\/"},"modified":"2026-01-04T18:01:12","modified_gmt":"2026-01-04T18:01:12","slug":"atp-rick-macci-federer-nadal-et-djokovic-ont-change-lhistoire-alors-que-les-carrieres-de-sinner-et-alcaraz-restent-encore-un-mystere-nous-en-saurons-davantage-dici-2034","status":"publish","type":"post","link":"https:\/\/www.europesays.com\/fr\/640837\/","title":{"rendered":"ATP > Rick Macci : \u00ab\u00a0Federer, Nadal et Djokovic ont chang\u00e9 l&rsquo;histoire, alors que les carri\u00e8res de Sinner et Alcaraz restent encore un myst\u00e8re. Nous en saurons davantage d&rsquo;ici 2034\u00a0\u00bb"},"content":{"rendered":"<p>Alors que de nombreux paral\u00adl\u00e8les sont d\u00e9j\u00e0 dress\u00e9s entre le Big 3 (Roger Federer, Rafael Nadal, Novak Djokovic) et le nouveau duo ultra\u2010dominant du tennis mondial compos\u00e9 de Carlos Alcaraz et Jannik Sinner, Rick Macci a appel\u00e9 \u00e0 la prudence.\u00a0<\/p>\n<p>L\u2019ancien entra\u00ee\u00adneur des s\u0153urs Williams estime qu\u2019il est encore bien trop t\u00f4t pour \u00e9tablir une telle comparaison.<\/p>\n<blockquote class=\"twitter-tweet\">\n<p lang=\"en\" dir=\"ltr\">Fed Rafa and Joker changed history. Sinner and Alcaraz careers are still a mystery. We will have a better idea by 2034 if they entered that BIG 3 door. <a href=\"https:\/\/twitter.com\/carlosalcaraz?ref_src=twsrc%5Etfw\" data-wpel-link=\"external\" target=\"_blank\" rel=\"nofollow external noopener\">@carlosalcaraz<\/a> <a href=\"https:\/\/twitter.com\/janniksin?ref_src=twsrc%5Etfw\" data-wpel-link=\"external\" target=\"_blank\" rel=\"nofollow external noopener\">@janniksin<\/a><\/p>\n<p>\u2014 Rick Macci (@RickMacci) <a href=\"https:\/\/twitter.com\/RickMacci\/status\/2007344470719885450?ref_src=twsrc%5Etfw\" data-wpel-link=\"external\" target=\"_blank\" rel=\"nofollow external noopener\">January 3,\u00a02026<\/a><\/p><\/blockquote>\n<p><strong>\u00ab\u202fFederer, Nadal et Djokovic ont chang\u00e9 l\u2019his\u00adtoire. Les carri\u00e8res de Sinner et Alcaraz restent encore un myst\u00e8re. Nous en saurons davan\u00adtage d\u2019ici 2034 s\u2019ils ont r\u00e9ussi \u00e0 passer la porte du Big 3\u202f\u00bb<\/strong>, a \u00e9crit l\u2019an\u00adcien forma\u00adteur des soeurs Williams.<\/p>\n<p class=\"post-published-date\" style=\"color: silver; font-size: 75%; text-align: left;\">Publi\u00e9 le dimanche 4 janvier 2026 \u00e0 11:55<\/p>\n<p>  <script async src=\"https:\/\/platform.twitter.com\/widgets.js\" charset=\"utf-8\"><\/script><\/p>\n","protected":false},"excerpt":{"rendered":"Alors que de nombreux paral\u00adl\u00e8les sont d\u00e9j\u00e0 dress\u00e9s entre le Big 3 (Roger Federer, Rafael Nadal, Novak Djokovic)&hellip;\n","protected":false},"author":2,"featured_media":640838,"comment_status":"","ping_status":"","sticky":false,"template":"","format":"standard","meta":{"footnotes":""},"categories":[1415],"tags":[1744,105,2199,1011,27,1960,2201,2127,60,1467],"class_list":{"0":"post-640837","1":"post","2":"type-post","3":"status-publish","4":"format-standard","5":"has-post-thumbnail","7":"category-tennis","8":"tag-alcaraz","9":"tag-djokovic","10":"tag-federer","11":"tag-fr","12":"tag-france","13":"tag-nadal","14":"tag-serena-williams","15":"tag-sinner","16":"tag-sports","17":"tag-tennis"},"share_on_mastodon":{"url":"https:\/\/pubeurope.com\/@fr\/115838142537083496","error":""},"_links":{"self":[{"href":"https:\/\/www.europesays.com\/fr\/wp-json\/wp\/v2\/posts\/640837","targetHints":{"allow":["GET"]}}],"collection":[{"href":"https:\/\/www.europesays.com\/fr\/wp-json\/wp\/v2\/posts"}],"about":[{"href":"https:\/\/www.europesays.com\/fr\/wp-json\/wp\/v2\/types\/post"}],"author":[{"embeddable":true,"href":"https:\/\/www.europesays.com\/fr\/wp-json\/wp\/v2\/users\/2"}],"replies":[{"embeddable":true,"href":"https:\/\/www.europesays.com\/fr\/wp-json\/wp\/v2\/comments?post=640837"}],"version-history":[{"count":0,"href":"https:\/\/www.europesays.com\/fr\/wp-json\/wp\/v2\/posts\/640837\/revisions"}],"wp:featuredmedia":[{"embeddable":true,"href":"https:\/\/www.europesays.com\/fr\/wp-json\/wp\/v2\/media\/640838"}],"wp:attachment":[{"href":"https:\/\/www.europesays.com\/fr\/wp-json\/wp\/v2\/media?parent=640837"}],"wp:term":[{"taxonomy":"category","embeddable":true,"href":"https:\/\/www.europesays.com\/fr\/wp-json\/wp\/v2\/categories?post=640837"},{"taxonomy":"post_tag","embeddable":true,"href":"https:\/\/www.europesays.com\/fr\/wp-json\/wp\/v2\/tags?post=640837"}],"curies":[{"name":"wp","href":"https:\/\/api.w.org\/{rel}","templated":true}]}}