{"id":640839,"date":"2026-01-04T18:05:10","date_gmt":"2026-01-04T18:05:10","guid":{"rendered":"https:\/\/www.europesays.com\/fr\/640839\/"},"modified":"2026-01-04T18:05:10","modified_gmt":"2026-01-04T18:05:10","slug":"lidl-trek-geoghegan-hart-a-enfin-traverse-une-periode-sans-pepin-sports","status":"publish","type":"post","link":"https:\/\/www.europesays.com\/fr\/640839\/","title":{"rendered":"Lidl-Trek : Geoghegan Hart \u00ab a enfin travers\u00e9 une p\u00e9riode sans p\u00e9pin \u00bb : Sports"},"content":{"rendered":"<p class=\"date\">\n                                                            Marie Mah\u00e9, Media365, publi\u00e9 le dimanche 04 janvier 2026 \u00e0 16h00\n                                                    <\/p>\n<p>Devant la presse, Josu Larrazabal, entraineur-chef de la Lidl-Trek, a \u00e9voqu\u00e9 le cas Tao Geoghegan Hart, en difficult\u00e9 depuis son arriv\u00e9e.<\/p>\n<p>Tao Geoghegan Hart est \u00e0 un tournant de sa carri\u00e8re. Aujourd&rsquo;hui \u00e2g\u00e9 de 30 ans, le Britannique, pensionnaire de l&rsquo;\u00e9quipe Lidl-Trek depuis 2024, entre dans sa troisi\u00e8me et derni\u00e8re ann\u00e9e de contrat. Il y a deux ans, le natif d&rsquo;Holloway d\u00e9barquait en star, lui qui a notamment remport\u00e9 l&rsquo;\u00e9dition 2020 du Tour d&rsquo;Italie. Sauf que Geoghegan Hart a, depuis, eu bien du mal \u00e0 confirmer et n&rsquo;a clairement pas \u00e9t\u00e9 \u00e9pargn\u00e9 par les p\u00e9pins physiques lors de ses deux premi\u00e8res saisons sous ce maillot. <strong>Une carri\u00e8re frein\u00e9e depuis sa tr\u00e8s lourde chute survenue lors de l&rsquo;\u00e9dition 2023 du Giro. <\/strong>Bilan : fracture de la hanche gauche et fin de saison.<\/p>\n<p>Avec la Lidl-Trek, le Britannique n&rsquo;a particip\u00e9 qu&rsquo;\u00e0 un seul Grand Tour, l&rsquo;\u00e9dition 2024 de la Vuelta, boucl\u00e9 \u00e0 une anonyme 62e place au classement g\u00e9n\u00e9ral. Pour ce qui est des autres courses auxquelles il a pu participer, le coureur a notamment d\u00fb se contenter de la neuvi\u00e8me place de l&rsquo;\u00e9dition 2024 du Tour de Romandie ainsi que, l&rsquo;an dernier, de la troisi\u00e8me du Tour de Slov\u00e9nie.<\/p>\n<p>\u00ab\u00a0L&rsquo;an dernier, une fois de plus, Tao a \u00e9t\u00e9 frapp\u00e9 par une accumulation incroyable de malchance\u00a0\u00bb<\/p>\n<p>Malgr\u00e9 tout cela, Tao Geoghegan Hart conserve la confiance de sa formation. Aupr\u00e8s de bici.PRO, son entra\u00eeneur Josu Larrazabal a d&rsquo;ailleurs \u00e9voqu\u00e9 son cas : \u00ab\u00a0L&rsquo;an dernier, une fois de plus, Tao a \u00e9t\u00e9 frapp\u00e9 par une accumulation incroyable de malchance. Malgr\u00e9 tout, \u00e7a reste un bel investissement et ce serait important d&rsquo;arriver enfin au bout du projet. En 2026, on entre dans la derni\u00e8re ann\u00e9e de son contrat, et les deux premi\u00e8res ont \u00e9t\u00e9 compliqu\u00e9es pour beaucoup de raisons.\u00a0\u00bb<\/p>\n<p>Avant ensuite de poursuivre : \u00ab\u00a0<strong>Mais je suis optimiste : pour la premi\u00e8re fois depuis longtemps, on a pu faire un tr\u00e8s bon hiver.<\/strong> Jusqu&rsquo;ici, tout a \u00e9t\u00e9 id\u00e9al. Lui aussi le ressent, il est content. Il a enfin travers\u00e9 une p\u00e9riode sans p\u00e9pin. Les performances de haut niveau, il les a retrouv\u00e9es par moments. Ce qui a manqu\u00e9, c&rsquo;est l&rsquo;encha\u00eenement des courses et la stabilit\u00e9. Quand les arr\u00eats se r\u00e9p\u00e8tent, le physique comme le moral finissent par en souffrir.\u00a0\u00bb<\/p>\n","protected":false},"excerpt":{"rendered":"Marie Mah\u00e9, Media365, publi\u00e9 le dimanche 04 janvier 2026 \u00e0 16h00 Devant la presse, Josu Larrazabal, entraineur-chef de&hellip;\n","protected":false},"author":2,"featured_media":640840,"comment_status":"","ping_status":"","sticky":false,"template":"","format":"standard","meta":{"footnotes":""},"categories":[1411],"tags":[1154,207,1011,27,60],"class_list":{"0":"post-640839","1":"post","2":"type-post","3":"status-publish","4":"format-standard","5":"has-post-thumbnail","7":"category-cyclisme","8":"tag-cycling","9":"tag-cyclisme","10":"tag-fr","11":"tag-france","12":"tag-sports"},"share_on_mastodon":{"url":"https:\/\/pubeurope.com\/@fr\/115838158368272856","error":""},"_links":{"self":[{"href":"https:\/\/www.europesays.com\/fr\/wp-json\/wp\/v2\/posts\/640839","targetHints":{"allow":["GET"]}}],"collection":[{"href":"https:\/\/www.europesays.com\/fr\/wp-json\/wp\/v2\/posts"}],"about":[{"href":"https:\/\/www.europesays.com\/fr\/wp-json\/wp\/v2\/types\/post"}],"author":[{"embeddable":true,"href":"https:\/\/www.europesays.com\/fr\/wp-json\/wp\/v2\/users\/2"}],"replies":[{"embeddable":true,"href":"https:\/\/www.europesays.com\/fr\/wp-json\/wp\/v2\/comments?post=640839"}],"version-history":[{"count":0,"href":"https:\/\/www.europesays.com\/fr\/wp-json\/wp\/v2\/posts\/640839\/revisions"}],"wp:featuredmedia":[{"embeddable":true,"href":"https:\/\/www.europesays.com\/fr\/wp-json\/wp\/v2\/media\/640840"}],"wp:attachment":[{"href":"https:\/\/www.europesays.com\/fr\/wp-json\/wp\/v2\/media?parent=640839"}],"wp:term":[{"taxonomy":"category","embeddable":true,"href":"https:\/\/www.europesays.com\/fr\/wp-json\/wp\/v2\/categories?post=640839"},{"taxonomy":"post_tag","embeddable":true,"href":"https:\/\/www.europesays.com\/fr\/wp-json\/wp\/v2\/tags?post=640839"}],"curies":[{"name":"wp","href":"https:\/\/api.w.org\/{rel}","templated":true}]}}