{"id":640845,"date":"2026-01-04T18:08:46","date_gmt":"2026-01-04T18:08:46","guid":{"rendered":"https:\/\/www.europesays.com\/fr\/640845\/"},"modified":"2026-01-04T18:08:46","modified_gmt":"2026-01-04T18:08:46","slug":"les-paysages-lumineux-de-jean-baptiste-secheret-dialoguent-avec-les-toiles-de-monet-au-musee-marmottan","status":"publish","type":"post","link":"https:\/\/www.europesays.com\/fr\/640845\/","title":{"rendered":"les paysages lumineux de Jean-Baptiste S\u00e9cheret dialoguent avec les toiles de Monet au mus\u00e9e Marmottan"},"content":{"rendered":"<p class=\"field_LQ2154C\" style=\"text-align: justify;\">L\u2019ennui avec les arbres, c\u2019est que, la plupart du temps, on ne sait pas leur nom. Ils sont les anonymes que nous fr\u00f4lons dans la ville. Ainsi de celui qui occupe tout l\u2019horizon de cette verri\u00e8re d\u2019o\u00f9 la vue plonge sur une avenue du nord de Paris. Lilas de Perse, sorbier des oiseleurs, sophora du Japon ? Sans preuve aucune, on choisit le dernier nom. Uniquement parce que l\u2019atelier fut jadis celui d\u2019un peintre japonais avant de devenir celui de Jean-Baptiste S\u00e9cheret. Songe-t-il parfois \u00e0 ce pr\u00e9d\u00e9cesseur ? Un jour, un couple de <a href=\"https:\/\/www.connaissancedesarts.com\/monuments-patrimoine\/jardins\/a-paris-lunesco-redonne-vie-a-son-jardin-japonais-cree-par-un-maitre-de-la-sculpture-moderne-11205672\/\" target=\"_blank\" rel=\"noopener\">Japonais<\/a> a frapp\u00e9 \u00e0 sa porte, demandant timidement la permission de revoir le logement parisien de leur ami disparu. Il les a re\u00e7us, la conversation s\u2019est engag\u00e9e, a dur\u00e9 quelques heures, men\u00e9 \u00e0 une amiti\u00e9, des cadeaux de th\u00e9 vert et une envie affirm\u00e9e de partir pour le Japon. Et on ne peut s\u2019emp\u00eacher de penser que c\u2019est un pays qui lui conviendrait bien. Question de d\u00e9pouillement, de mise \u00e0 distance, de silences aussi, particularit\u00e9s qu\u2019on trouve dans sa peinture, \u00e0 d\u00e9couvrir entre autres au <a href=\"https:\/\/www.marmottan.fr\/expositions\/monet-secheret\/\" target=\"_blank\" rel=\"noopener\">mus\u00e9e Marmottan Monet<\/a>.<\/p>\n<p>\u00c9clectisme cr\u00e9atif<\/p>\n<p class=\"field_LQ2154C\" style=\"text-align: justify;\">Sobrement meubl\u00e9, l\u2019atelier de Jean-Baptiste S\u00e9cheret, cependant, n\u2019est pas aust\u00e8re : il est ancien. Il pourrait \u00eatre celui de Manet \u2013 \u00ab si seulement ! \u00bb, l\u00e2che, amus\u00e9, l\u2019int\u00e9ress\u00e9 \u2013 ou de <a href=\"https:\/\/www.connaissancedesarts.com\/arts-expositions\/reunion-de-famille-de-frederic-bazille-focus-sur-un-chef-doeuvre-11144316\/\" target=\"_blank\" rel=\"noopener\">Bazille<\/a>, ou de n\u2019importe quel peintre du XIXe si\u00e8cle qui fr\u00e9quentait le caf\u00e9 Guerbois dans les ann\u00e9es 1860. \u00c0 y songer, les chaises de bistrot cann\u00e9es en viennent peut-\u00eatre\u2026 Rien de contemporain si ce n\u2019est une pile de CD dans un coin, Jean-S\u00e9bastien Bach et Marc-Antoine Charpentier flirtant avec Thelonious Monk, Erroll Garner \u2013\u00a0\u00ab un pur g\u00e9nie \u00bb\u00a0\u2013 et cette \u00e9toile filante du jazz, Bix Beiderbecke\u2026 Pour le reste, le d\u00e9cor est modeste, gazini\u00e8re blanche \u00e9maill\u00e9e, vieil \u00e9vier et verres Duralex, tables sans \u00e2ge, et la peinture, partout : toiles achev\u00e9es ou inachev\u00e9es, calepins, cartes postales rapport\u00e9es des mus\u00e9es, palette aux \u00e9paisseurs fossilis\u00e9es\u2026 Et encore, des casiers, promesses des images \u00e0 venir : certains ont des pigments en poudre plein leur c\u0153ur, comme chez un marchand de couleurs; d\u2019autres, accroch\u00e9s au mur, abritent les pastels fragiles, rang\u00e9s par familles de nuances. Quelques-uns se sont \u00e9chapp\u00e9s, en attente au bord d\u2019une console, toute une coalition de mauves tendres, violets ardents, bleus c\u00e9rul\u00e9ens, myosotis cousins des pervenches, et voici soudain le ciel\u00a0 \u00e0 port\u00e9e de main\u2026<\/p>\n<p><img loading=\"lazy\" width=\"653\" height=\"490\" decoding=\"async\" aria-describedby=\"caption-attachment-208606\" src=\"data:image\/svg+xml,%3Csvg%20xmlns=\" http:=\"\" alt=\"Jean-Baptiste S\u00e9cheret, peintre, illustrateur et graveur, dans son atelier situ\u00e9 dans le nord de Paris. Photo : \u00a9 Connaissance des arts \/Manolo Mylonas\" class=\"size-medium wp-image-208606\" data-lazy-src=\"https:\/\/www.europesays.com\/fr\/wp-content\/uploads\/2026\/01\/cdajan26_secheret_atelier3-tt-width-653-height-490-fill-0-crop-0-bgcolor-eeeeee.jpg\"\/><\/p>\n<p id=\"caption-attachment-208606\" class=\"wp-caption-text\">Jean-Baptiste S\u00e9cheret, peintre, illustrateur et graveur, dans son atelier situ\u00e9 dans le nord de Paris. Photo : \u00a9 Connaissance des arts \/Manolo Mylonas<\/p>\n<blockquote><p>\n\t\tOn emporte avec soi des admirations \u00e9perdues pour des peintres anciens, parfois on voudrait s\u2019en d\u00e9tacher, et puis il suffit de voir un tableau de Morandi, et voil\u00e0 on est fichu.<br \/>\n\t\t<strong\/>\n\t<\/p><\/blockquote>\n<p>Le bleu du ciel<\/p>\n<p class=\"field_LQ2154C\" style=\"text-align: justify;\">Le ciel, justement. On en parle. Peut-\u00eatre est-on venu rencontrer l\u2019artiste essentiellement pour approcher le myst\u00e8re de ce sujet. Jean-Baptiste S\u00e9cheret a pass\u00e9 une partie de sa vie en osmose avec Trouville, d\u2019abord en vacances avec ses parents, puis quelques ann\u00e9es dans un appartement derri\u00e8re l\u2019h\u00f4tel des Roches noires. On \u00e9voque les visites au mus\u00e9e du <a href=\"https:\/\/www.connaissancedesarts.com\/arts-expositions\/impressionnisme\/au-havre-une-exposition-revele-le-role-crucial-joue-par-la-normandie-dans-lhistoire-de-la-photographie-11193473\/\" target=\"_blank\" rel=\"noopener\">Havre<\/a> et \u00e0 celui de Honfleur, tabernacle des toiles de Boudin. Exposer \u00e0 la demande du mus\u00e9e Marmottan, en miroir avec deux sc\u00e8nes de plage de Monet, semblait alors une \u00e9vidence. Mais les cieux mouvants de la s\u00e9rie Zabeth Cordier\u00a0sont aussi un signe fraternel \u00e0 Boudin. Cuivr\u00e9s, mauves subtilement mordor\u00e9s, bleus acier ou \u00e9vanescents, nu\u00e9es qui s\u2019\u00e9tirent comme si elles baillaient ou l\u00e9gers cumulus suspendus tels des Zeppelin, cr\u00e9puscule d\u2019orage au-dessus des Roches noires jusqu\u2019\u00e0 cette \u00ab hora magica \u00bb, heure bleue suffocante de beaut\u00e9.<\/p>\n<p><img loading=\"lazy\" width=\"653\" height=\"490\" decoding=\"async\" aria-describedby=\"caption-attachment-208609\" src=\"data:image\/svg+xml,%3Csvg%20xmlns=\" http:=\"\" alt=\" Photo : \u00a9 Connaissance des arts \/Manolo Mylonas\" class=\"size-medium wp-image-208609\" data-lazy-src=\"https:\/\/www.europesays.com\/fr\/wp-content\/uploads\/2026\/01\/cdajan26_secheret_atelier6-tt-width-653-height-490-fill-0-crop-0-bgcolor-eeeeee.jpg\"\/><\/p>\n<p id=\"caption-attachment-208609\" class=\"wp-caption-text\">Photo : \u00a9 Connaissance des arts \/Manolo Mylonas<\/p>\n<p class=\"field_LQ2154C\" style=\"text-align: justify;\">On se tromperait en avan\u00e7ant que c\u2019est l\u00e0 une esth\u00e9tique de l\u2019\u00e9vanescent, du n\u00e9buleux, voire de l\u2019impr\u00e9cis. Les mots \u00ab composition \u00bb et \u00ab structure \u00bb reviennent souvent dans la conversation. Celles des Peupliers\u00a0ou des Cath\u00e9drales de Monet. Ou de Gerard ter Borch, qui \u00e9claire ses tableaux avec une profondeur de champ incroyable et\u00a0ne laisse aucun d\u00e9tail au hasard. \u00ab J\u2019ai une passion pour les ma\u00eetres du pass\u00e9 \u00bb, souligne l\u2019artiste, comme si on ne l\u2019avait pas devin\u00e9. \u00ab Je ne sais pas comment faire autrement. On emporte avec soi des admirations \u00e9perdues pour des peintres anciens, parfois on voudrait s\u2019en d\u00e9tacher, et puis il suffit de voir un tableau de Morandi, et voil\u00e0 on est fichu. Mes influences, je\u00a0les ai choisies. Ce n\u2019\u00e9taient pas celles qui avaient cours aux Beaux-Arts dans les ann\u00e9es 1980, le rejet \u00e9tait d\u2019une violence \u00e0 peine imaginable envers ceux qui allaient vers le figuratif. Non, je n\u2019ai jamais \u00e9t\u00e9 tent\u00e9 par l\u2019abstraction. \u00bb\u00a0\u00c0 chacun son chemin. Lui a \u00e9pous\u00e9 la structure des motifs et l\u2019immense libert\u00e9 du ciel sans cesse changeant.<\/p>\n<p><img loading=\"lazy\" width=\"653\" height=\"913\" decoding=\"async\" aria-describedby=\"caption-attachment-208613\" src=\"data:image\/svg+xml,%3Csvg%20xmlns=\" http:=\"\" alt=\"Jean-Baptiste S\u00e9cheret, &lt;i&gt;Les \u00c9chafaudages. Hommage \u00e0 L\u00e9on Spilliaert&lt;\/i&gt;, 2007-2024, tech. m. sur papier maroufl\u00e9 sur toile, 161 x 132 cm \u00a9B. Huet.\" class=\"size-medium wp-image-208613\" data-lazy-src=\"https:\/\/www.europesays.com\/fr\/wp-content\/uploads\/2026\/01\/cdajan26_secheret_echafaudages-tt-width-653-height-913-fill-0-crop-0-bgcolor-eeeeee.jpg\"\/><\/p>\n<p id=\"caption-attachment-208613\" class=\"wp-caption-text\">Jean-Baptiste S\u00e9cheret, Les \u00c9chafaudages. Hommage \u00e0 L\u00e9on Spilliaert, 2007-2024, tech. m. sur papier maroufl\u00e9 sur toile, 161 x 132 cm \u00a9B. Huet.<\/p>\n<p>Hommage aux ma\u00eetres<\/p>\n<p class=\"field_LQ2154C\" style=\"text-align: justify;\">Alors, <a href=\"https:\/\/www.connaissancedesarts.com\/artistes\/nicolas-poussin\/amour-sexe-et-erotisme-dans-lart-de-nicolas-poussin-11179210\/\" target=\"_blank\" rel=\"noopener\">Poussin<\/a>, bien s\u00fbr\u00a0(qu\u2019il a copi\u00e9 jadis au Louvre), Vuillard, Manet, Chardin, on en oublie. Ah! Courbet aussi, dont il a reproduit un d\u00e9tail des Demoiselles des bords de Seine, divinit\u00e9 tut\u00e9laire accroch\u00e9e dans l\u2019atelier. Jusqu\u2019\u00e0 Antonio Lopez, qui est toujours bien vivant, une des rencontres fondamentales de sa vie, lors de son s\u00e9jour \u00e0 la Casa de Velasquez en 1984 et dont il regrette que la France l\u2019ignore. L\u2019Espagne, en somme, a beaucoup compt\u00e9, et bien qu\u2019ils soient muets, ce ne sont pas les petits\u00a0santitos\u00a0pos\u00e9s dans un coin, statuettes ex-voto en pl\u00e2tre, Madril\u00e8nes v\u00eatues d\u2019habits de fortune, qui le d\u00e9mentiront.<\/p>\n<p><img loading=\"lazy\" width=\"653\" height=\"490\" decoding=\"async\" aria-describedby=\"caption-attachment-208611\" src=\"data:image\/svg+xml,%3Csvg%20xmlns=\" http:=\"\" alt=\"Accroch\u00e9s au mur, des casiers abritent les pastels fragiles, rang\u00e9s par familles de nuances. Photo : \u00a9 Connaissance des arts \/Manolo Mylonas\" class=\"size-medium wp-image-208611\" data-lazy-src=\"https:\/\/www.europesays.com\/fr\/wp-content\/uploads\/2026\/01\/cdajan26_secheret_atelier8-tt-width-653-height-490-fill-0-crop-0-bgcolor-eeeeee.jpg\"\/><\/p>\n<p id=\"caption-attachment-208611\" class=\"wp-caption-text\">Accroch\u00e9s au mur, des casiers abritent les pastels fragiles, rang\u00e9s par familles de nuances. Photo : \u00a9 Connaissance des arts \/Manolo Mylonas<\/p>\n<p class=\"field_LQ2154C\" style=\"text-align: justify;\">Qu\u2019est-ce qu\u2019un paysage, au-del\u00e0 de la repr\u00e9sentation topographique? Une \u00e9motion qu\u2019il \u00e9veille en nous. La Normandie n\u2019a donc pas le monopole. On pense \u00e0 ses vues de Rome, et \u00e0 la sublime nostalgie d\u2019un couchant rose et bleu derri\u00e8re la silhouette du Forum, et, par un effet d\u2019association imm\u00e9diat, \u00e0 New York. \u00ab J\u2019y ai trouv\u00e9 la m\u00eame lumi\u00e8re qu\u2019\u00e0 Trouville, celle des grands vents, une ville au bord de l\u2019oc\u00e9an. L\u2019architecture m\u2019a \u00e9tourdi, de grands et beaux profils tr\u00e8s structur\u00e9s, vers l\u2019Hudson ou l\u2019East River. Ma fille m\u2019avait rapport\u00e9 une photo prise du haut d\u2019un immeuble vers le Pierre, elle ne pouvait imaginer que pendant vingt ans j\u2019allais en faire onze tableaux. J\u2019y suis retourn\u00e9, me suis install\u00e9 dans la m\u00eame salle d\u2019attente, j\u2019ai fait des pastels, des compositions avec des lointains que je n\u2019avais jamais vus en France, exotiques presque, j\u2019ai \u00e9t\u00e9 foudroy\u00e9 par la beaut\u00e9 monstrueuse de cette ville. Sous la neige, je voyais un paysage de Brueghel\u2026Il y a souvent des citations gothiques en haut de gratte ciels des ann\u00e9es 1930 ou 1940. Pour qui sont-elles l\u00e0? Personne ne les voit. Le Corbusier les jugeait ridicules, j\u2019y vois le r\u00eave \u00e9veill\u00e9 de gens tr\u00e8s fortun\u00e9s qui construisaient avec leur nostalgie. Un t\u00e9moignage assez touchant. \u00bb<\/p>\n<p><img loading=\"lazy\" width=\"653\" height=\"500\" decoding=\"async\" aria-describedby=\"caption-attachment-208616\" src=\"data:image\/svg+xml,%3Csvg%20xmlns=\" http:=\"\" alt=\"Jean-Baptiste S\u00e9cheret, &lt;i&gt; New York&lt;\/i&gt;, 2024, huile sur toile, 209 x 270 cm \u00a9B. Huet.\" class=\"size-medium wp-image-208616\" data-lazy-src=\"https:\/\/www.europesays.com\/fr\/wp-content\/uploads\/2026\/01\/cdajan26_secheret_ny-tt-width-653-height-500-fill-0-crop-0-bgcolor-eeeeee.jpg\"\/><\/p>\n<p id=\"caption-attachment-208616\" class=\"wp-caption-text\">Jean-Baptiste S\u00e9cheret,  New York, 2024, huile sur toile, 209 x 270 cm \u00a9B. Huet.<\/p>\n<p class=\"field_LQ2154C\" style=\"text-align: justify;\">Peut-\u00eatre est pour cette raison que ces vues de New York portent quelque chose d\u2019infiniment troublant, presque fantastique. On sent une histoire derri\u00e8re ces nuages-l\u00e0, qui m\u00e8ne \u00e0 des territoires obscurs. Jean-Baptiste S\u00e9cheret conc\u00e8de que ses tableaux sont un r\u00e9sum\u00e9 d\u2019h\u00e9sitations, de doutes, de hasards accept\u00e9s. Pour un tel aveu, on ne peut que lui offrir Baudelaire, comme lui admirateur \u00e9perdu de Boudin et qui redoutait, contemplant ses \u00e9tudes, la tentation de l\u2019abstraction : \u00ab Eh! Qu\u2019aimes-tu donc, extraordinaire \u00e9tranger ? \u00bb<\/p>\n<p><img loading=\"lazy\" width=\"653\" height=\"490\" decoding=\"async\" aria-describedby=\"caption-attachment-208612\" src=\"data:image\/svg+xml,%3Csvg%20xmlns=\" http:=\"\" alt=\"Dans l\u2019atelier, la peinture est partout : toiles achev\u00e9es ou inachev\u00e9es, calepins, rouleaux, bo\u00eetes \u00e0 pouce\u2026 Photo : \u00a9 Connaissance des arts \/Manolo Mylonas\" class=\"size-medium wp-image-208612\" data-lazy-src=\"https:\/\/www.europesays.com\/fr\/wp-content\/uploads\/2026\/01\/cdajan26_secheret_atelier9-tt-width-653-height-490-fill-0-crop-0-bgcolor-eeeeee.jpg\"\/><\/p>\n<p id=\"caption-attachment-208612\" class=\"wp-caption-text\">Dans l\u2019atelier, la peinture est partout : toiles achev\u00e9es ou inachev\u00e9es, calepins, rouleaux, bo\u00eetes \u00e0 pouce\u2026 Photo : \u00a9 Connaissance des arts \/Manolo Mylonas<\/p>\n<p>3 \u0152uvres phares<br \/>\n<img loading=\"lazy\" width=\"653\" height=\"889\" decoding=\"async\" aria-describedby=\"caption-attachment-208615\" src=\"data:image\/svg+xml,%3Csvg%20xmlns=\" http:=\"\" alt=\"Jean-Baptiste S\u00e9cheret, &lt;i&gt;Mondeville&lt;\/i&gt;, 2002, fusain, sur papier, 106 x 78 cm \u00a9Jean-Baptiste S\u00e9cheret.\" class=\"size-medium wp-image-208615\" data-lazy-src=\"https:\/\/www.europesays.com\/fr\/wp-content\/uploads\/2026\/01\/cdajan26_secheret_mondeville-tt-width-653-height-889-fill-0-crop-0-bgcolor-eeeeee.jpeg\"\/><\/p>\n<p id=\"caption-attachment-208615\" class=\"wp-caption-text\">Jean-Baptiste S\u00e9cheret, Mondeville, 2002, fusain, sur papier, 106 x 78 cm \u00a9Jean-Baptiste S\u00e9cheret.<\/p>\n<p><img loading=\"lazy\" width=\"653\" height=\"479\" decoding=\"async\" aria-describedby=\"caption-attachment-208614\" src=\"data:image\/svg+xml,%3Csvg%20xmlns=\" http:=\"\" alt=\"Jean-Baptiste S\u00e9cheret, &lt;i&gt;Entonnoirs I&lt;\/i&gt;, 1990, huile sur toile, 130 x 162 cm \u00a9Jean-Baptiste S\u00e9cheret.\" class=\"size-medium wp-image-208614\" data-lazy-src=\"https:\/\/www.europesays.com\/fr\/wp-content\/uploads\/2026\/01\/cdajan26_secheret_entonnoirs-tt-width-653-height-479-fill-0-crop-0-bgcolor-eeeeee.jpg\"\/><\/p>\n<p id=\"caption-attachment-208614\" class=\"wp-caption-text\">Jean-Baptiste S\u00e9cheret, Entonnoirs I, 1990, huile sur toile, 130 x 162 cm \u00a9Jean-Baptiste S\u00e9cheret.<\/p>\n<p><img loading=\"lazy\" width=\"653\" height=\"571\" decoding=\"async\" aria-describedby=\"caption-attachment-208603\" src=\"data:image\/svg+xml,%3Csvg%20xmlns=\" http:=\"\" alt=\"Jean-Baptiste S\u00e9cheret, &lt;i&gt;Asnie\u0300res, peinture \u00e0 la colle, pigments et cas\u00e9ine sur toile, 180 x 206 cm \u00a9 B. Huet.\" class=\"size-medium wp-image-208603\" data-lazy-src=\"https:\/\/www.europesays.com\/fr\/wp-content\/uploads\/2026\/01\/cdajan26_secheret_asnieres-tt-width-653-height-571-fill-0-crop-0-bgcolor-eeeeee.jpg\"\/><\/p>\n<p id=\"caption-attachment-208603\" class=\"wp-caption-text\">Jean-Baptiste S\u00e9cheret, Asnie\u0300res, peinture \u00e0 la colle, pigments et cas\u00e9ine sur toile, 180 x 206 cm \u00a9 B. Huet.<\/p>\n<p>\n\u00a0\u00ab Monet\/S\u00e9cheret. Paysages d\u2019eau \u00bb<br \/>Mus\u00e9e Marmottan Monet, 2, rue Louis-Boilly, 75016 Paris<br \/>D u 9 octobre au 15 mars<\/p>\n","protected":false},"excerpt":{"rendered":"L\u2019ennui avec les arbres, c\u2019est que, la plupart du temps, on ne sait pas leur nom. Ils sont&hellip;\n","protected":false},"author":2,"featured_media":640846,"comment_status":"","ping_status":"","sticky":false,"template":"","format":"standard","meta":{"footnotes":""},"categories":[1358],"tags":[1348,1384,1385,1386,58,59,1011,27],"class_list":{"0":"post-640845","1":"post","2":"type-post","3":"status-publish","4":"format-standard","5":"has-post-thumbnail","7":"category-arts-et-design","8":"tag-arts","9":"tag-arts-and-design","10":"tag-arts-et-design","11":"tag-design","12":"tag-divertissement","13":"tag-entertainment","14":"tag-fr","15":"tag-france"},"share_on_mastodon":{"url":"https:\/\/pubeurope.com\/@fr\/115838170099401931","error":""},"_links":{"self":[{"href":"https:\/\/www.europesays.com\/fr\/wp-json\/wp\/v2\/posts\/640845","targetHints":{"allow":["GET"]}}],"collection":[{"href":"https:\/\/www.europesays.com\/fr\/wp-json\/wp\/v2\/posts"}],"about":[{"href":"https:\/\/www.europesays.com\/fr\/wp-json\/wp\/v2\/types\/post"}],"author":[{"embeddable":true,"href":"https:\/\/www.europesays.com\/fr\/wp-json\/wp\/v2\/users\/2"}],"replies":[{"embeddable":true,"href":"https:\/\/www.europesays.com\/fr\/wp-json\/wp\/v2\/comments?post=640845"}],"version-history":[{"count":0,"href":"https:\/\/www.europesays.com\/fr\/wp-json\/wp\/v2\/posts\/640845\/revisions"}],"wp:featuredmedia":[{"embeddable":true,"href":"https:\/\/www.europesays.com\/fr\/wp-json\/wp\/v2\/media\/640846"}],"wp:attachment":[{"href":"https:\/\/www.europesays.com\/fr\/wp-json\/wp\/v2\/media?parent=640845"}],"wp:term":[{"taxonomy":"category","embeddable":true,"href":"https:\/\/www.europesays.com\/fr\/wp-json\/wp\/v2\/categories?post=640845"},{"taxonomy":"post_tag","embeddable":true,"href":"https:\/\/www.europesays.com\/fr\/wp-json\/wp\/v2\/tags?post=640845"}],"curies":[{"name":"wp","href":"https:\/\/api.w.org\/{rel}","templated":true}]}}