{"id":640851,"date":"2026-01-04T18:12:20","date_gmt":"2026-01-04T18:12:20","guid":{"rendered":"https:\/\/www.europesays.com\/fr\/640851\/"},"modified":"2026-01-04T18:12:20","modified_gmt":"2026-01-04T18:12:20","slug":"si-vous-avez-aime-submersion-sur-netflix-ces-trois-autres-films-sont-faits-pour-vous","status":"publish","type":"post","link":"https:\/\/www.europesays.com\/fr\/640851\/","title":{"rendered":"Si vous avez aim\u00e9 Submersion sur Netflix, ces trois autres films sont faits pour vous"},"content":{"rendered":"<p>Le film sud-cor\u00e9en Submersion cartonne sur Netflix depuis sa sortie. Si vous l\u2019avez regard\u00e9 et aim\u00e9, vous appr\u00e9cierez certainement cette s\u00e9lection de trois films catastrophes.<\/p>\n<p>Les films catastrophes ont tendance \u00e0 plaire aux abonn\u00e9s. La preuve avec <a href=\"https:\/\/www.programme-tv.net\/news\/series-tv\/394880-avant-le-carton-de-submersion-sur-netflix-kim-da-mi-a-joue-dans-lune-des-meilleures-series-coreennes-de-lannee\/\" data-api-deeplink=\"teleloisirs:\/\/news\/394880\" target=\"_blank\" rel=\"noopener\">Submersion<\/a>, le film sud-cor\u00e9en qui cartonne sur Netflix en cette fin d\u2019ann\u00e9e 2025. On y suit une journ\u00e9e d\u2019enfer dans la vie d\u2019An-na, une scientifique qui vit seule avec son fils dans un grand immeuble de S\u00e9oul. Un matin, ils se r\u00e9veillent les pieds dans l\u2019eau. Leur tour est en train d&rsquo;\u00eatre submerg\u00e9e par les eaux alors que d\u2019immenses vagues ravagent la Terre. Alors qu\u2019elle tente de s\u2019\u00e9chapper en passant par le toit avec son fils, An-na croise un voisin \u00e9trange qui pourrait leur \u00eatre d\u2019une grande aide. Si vous avez aim\u00e9 ce film, vous aimerez ces trois autres propositions.<\/p>\n<p>Apr\u00e8s Submersion, d\u00e9couvrez ces trois films diff\u00e9rents pour une m\u00eame sensation d\u2019urgence<\/p>\n<p>En 2004, <a href=\"https:\/\/www.programme-tv.net\/biographie\/13544-emmerich-roland\/\" data-link-people=\"4cda6527-a0b7-4e02-9267-b30141cd96d8\" target=\"_blank\" rel=\"noopener\">Roland Emmerich<\/a> avait d\u00e9j\u00e0 imagin\u00e9 un sc\u00e9nario apocalyptique dans une grande ville. Le r\u00e9alisateur signait <a href=\"https:\/\/www.programme-tv.net\/news\/cinema\/368490-le-jour-dapres-pourquoi-jake-gyllenhaal-a-t-il-trouve-le-tournage-de-ce-film-absurde\/\" data-api-deeplink=\"teleloisirs:\/\/news\/368490\" target=\"_blank\" rel=\"noopener\">Le jour d\u2019apr\u00e8s<\/a>, avec <a href=\"https:\/\/www.programme-tv.net\/biographie\/2676-gyllenhaal-jake\/\" data-link-people=\"679a9b3e-b7f9-44e5-b9bc-a7edb3e568c4\" target=\"_blank\" rel=\"noopener\">Jake Gyllenhaal<\/a> et <a href=\"https:\/\/www.programme-tv.net\/biographie\/19328-rossum-emmy\/\" data-link-people=\"28a68d37-97c8-4496-9534-1eb51748e671\" target=\"_blank\" rel=\"noopener\">Emmy Rossum<\/a>. Vingt et un ans plus tard, le film est disponible sur Prime Video et sur Disney+. Dans ce film, ce sont des pal\u00e9ontologues en mission dans l\u2019Antarctique qui d\u00e9clenchent une s\u00e9rie d\u2019\u00e9v\u00e9nements catastrophiques. Un plateau de glace se d\u00e9tache du continent, la temp\u00e9rature descend drastiquement, des tornades s\u2019abattent sur Los Angeles et New York est envahie par les eaux. Dans ce cauchemar, Sam, le fils du pal\u00e9ontologue, est coinc\u00e9 dans la biblioth\u00e8que de Manhattan.<\/p>\n<p>Si vous pr\u00e9f\u00e9rez rester sur Netflix, on vous conseille <a href=\"https:\/\/www.programme-tv.net\/news\/cinema\/347298-the-abyss-netflix-la-ville-et-la-mine-de-kiruna-existent-elles\/\" data-api-deeplink=\"teleloisirs:\/\/news\/347298\" target=\"_blank\" rel=\"noopener\">The Abyss<\/a>. Dans ce film tir\u00e9 d\u2019une histoire vraie et sorti en 2023, on d\u00e9couvre Frigga, une m\u00e8re de famille divorc\u00e9e qui tente de garder la t\u00eate hors de l\u2019eau quand une catastrophe menace de rendre sa vie bien plus complexe encore : sa ville va \u00eatre ensevelie. L\u2019histoire, prenante, est inspir\u00e9e de la ville de Kiruna, en Su\u00e8de, qui est en train de s\u2019effondrer \u00e0 cause de 120 ans d\u2019exploitation des mines de fer dans son sous-sol. Depuis vingt ans, le centre-ville est d\u00e9plac\u00e9 de quelques kilom\u00e8tres pour \u00e9viter la catastrophe que l\u2019on voit dans The Abyss.<\/p>\n<p>Enfin, pour rester en Cor\u00e9e du Sud, vous trouverez le film Pandora sur Netflix. Sorti en 2016, il rappelle une catastrophe malheureusement bien connue, celle de Fukushima. Dans Pandora, le h\u00e9ros risque sa vie pour sauver sa ville cor\u00e9enne et son pays alors qu\u2019un s\u00e9isme s\u2019abat sur la commune o\u00f9 tourne une centrale nucl\u00e9aire.<\/p>\n<p>Article \u00e9crit en collaboration avec 6Medias<\/p>\n","protected":false},"excerpt":{"rendered":"Le film sud-cor\u00e9en Submersion cartonne sur Netflix depuis sa sortie. Si vous l\u2019avez regard\u00e9 et aim\u00e9, vous appr\u00e9cierez&hellip;\n","protected":false},"author":2,"featured_media":640852,"comment_status":"","ping_status":"","sticky":false,"template":"","format":"standard","meta":{"footnotes":""},"categories":[1354],"tags":[2083,244,10451,58,59,6214,1346,1011,27,1360,127,10450,1722,74749,74748,129],"class_list":{"0":"post-640851","1":"post","2":"type-post","3":"status-publish","4":"format-standard","5":"has-post-thumbnail","7":"category-films","8":"tag-bandes-annonces","9":"tag-commentaire","10":"tag-disney-plus","11":"tag-divertissement","12":"tag-entertainment","13":"tag-film-netflix","14":"tag-films","15":"tag-fr","16":"tag-france","17":"tag-movies","18":"tag-netflix","19":"tag-pub-streaming-disney-plus","20":"tag-pub-streaming-netflix","21":"tag-submersion","22":"tag-submersion-2025","23":"tag-svod"},"share_on_mastodon":{"url":"https:\/\/pubeurope.com\/@fr\/115838186037586285","error":""},"_links":{"self":[{"href":"https:\/\/www.europesays.com\/fr\/wp-json\/wp\/v2\/posts\/640851","targetHints":{"allow":["GET"]}}],"collection":[{"href":"https:\/\/www.europesays.com\/fr\/wp-json\/wp\/v2\/posts"}],"about":[{"href":"https:\/\/www.europesays.com\/fr\/wp-json\/wp\/v2\/types\/post"}],"author":[{"embeddable":true,"href":"https:\/\/www.europesays.com\/fr\/wp-json\/wp\/v2\/users\/2"}],"replies":[{"embeddable":true,"href":"https:\/\/www.europesays.com\/fr\/wp-json\/wp\/v2\/comments?post=640851"}],"version-history":[{"count":0,"href":"https:\/\/www.europesays.com\/fr\/wp-json\/wp\/v2\/posts\/640851\/revisions"}],"wp:featuredmedia":[{"embeddable":true,"href":"https:\/\/www.europesays.com\/fr\/wp-json\/wp\/v2\/media\/640852"}],"wp:attachment":[{"href":"https:\/\/www.europesays.com\/fr\/wp-json\/wp\/v2\/media?parent=640851"}],"wp:term":[{"taxonomy":"category","embeddable":true,"href":"https:\/\/www.europesays.com\/fr\/wp-json\/wp\/v2\/categories?post=640851"},{"taxonomy":"post_tag","embeddable":true,"href":"https:\/\/www.europesays.com\/fr\/wp-json\/wp\/v2\/tags?post=640851"}],"curies":[{"name":"wp","href":"https:\/\/api.w.org\/{rel}","templated":true}]}}