{"id":640857,"date":"2026-01-04T18:15:10","date_gmt":"2026-01-04T18:15:10","guid":{"rendered":"https:\/\/www.europesays.com\/fr\/640857\/"},"modified":"2026-01-04T18:15:10","modified_gmt":"2026-01-04T18:15:10","slug":"cette-assise-iconique-est-la-grande-tendance-des-salons-en-2026","status":"publish","type":"post","link":"https:\/\/www.europesays.com\/fr\/640857\/","title":{"rendered":"Cette assise iconique est la grande tendance des salons en 2026"},"content":{"rendered":"<p>Qui dit nouvelle ann\u00e9e, dit \u00e9videmment nouvelles tendances d\u00e9co,<br \/>\net cela n\u2019est pas pour nous d\u00e9plaire ! Cette ann\u00e9e, une assise du<br \/>\npass\u00e9 revient en force dans le salon. Mais de quoi s\u2019agit-il<br \/>\nexactement ? Zoom sur cet objet que poss\u00e9daient nos grands-parents,<br \/>\npartag\u00e9 par nos confr\u00e8res d\u2019AD Magazine.<\/p>\n<p>Voici l\u2019assise \u00e0 int\u00e9grer dans votre salon de toute<br \/>\nurgence<\/p>\n<p>Elle \u00e9tait <strong>dans tous les int\u00e9rieurs au si\u00e8cle<br \/>\ndernier<\/strong>, et pourtant, l\u2019int\u00e9r\u00eat de la population pour<br \/>\ncette derni\u00e8re s\u2019est estomp\u00e9 avec le temps. Les d\u00e9corateurs la<br \/>\ntrouvaient <strong>trop rigide, pas assez flexible en termes<br \/>\nd\u2019agencement.<\/strong> Mais aujourd\u2019hui, elle revient en force sur<br \/>\nle devant de la sc\u00e8ne des <a href=\"https:\/\/www.lejournaldelamaison.fr\/maison\/cette-couleur-pastel-de-cuisine-quon-croyait-demodee-en-2026-devient-la-base-des-plus-grandes-tendances-deco-532446.html\" target=\"_blank\" rel=\"noopener\">tendances d\u00e9co<\/a>.<\/p>\n<p>Il s\u2019agit de la banquette. Aujourd\u2019hui, elle est propos\u00e9e<br \/>\n<strong>sous diff\u00e9rentes formes, textures et coloris<\/strong>, pour<br \/>\ns\u2019adapter \u00e0 tous les environnements et toutes les ambiances.<br \/>\nCertains fabricants la proposent m\u00eame <strong>avec des tiroirs<br \/>\nint\u00e9gr\u00e9s,<\/strong> de mani\u00e8re \u00e0 transformer cette assise <a href=\"https:\/\/www.lejournaldelamaison.fr\/maison\/cette-cuisine-rose-de-maison-centenaire-pleine-de-rangements-astucieux-va-vous-donner-envie-de-tout-copier-532341.html\" target=\"_blank\" rel=\"noopener\">en rangement intelligent<\/a>, pour<br \/>\n<strong>gagner de la place et cacher le bazar.<\/strong><\/p>\n<p>Pour le salon, la version conversation pit fera son plus bel<br \/>\neffet<\/p>\n<p>En 2026, plus que jamais auparavant, la banquette s\u2019int\u00e8gre<br \/>\n<strong>avec style et go\u00fbt dans nos int\u00e9rieurs.<\/strong> Alors,<br \/>\npourquoi ne pas la coupler avec une autre grande tendance de<br \/>\nl\u2019ann\u00e9e \u00e0 venir ? Nous avons assur\u00e9ment nomm\u00e9 <strong>le fameux et<br \/>\nc\u00e9l\u00e8bre <a href=\"https:\/\/www.lejournaldelamaison.fr\/le-journal-de-la-maison\/piece-par-piece\/salon\/deco-salon\/conversation-pit-disposition-vintage-annees-70-revient-force-salons-janvier-2026-525545.html\" target=\"_blank\" rel=\"noopener\">conversation pit<\/a><\/strong>,<br \/>\npopularis\u00e9 autrefois dans les ann\u00e9es 70.<\/p>\n<p>Ainsi, avec <strong>un simple d\u00e9calage dans le sol,<\/strong><br \/>\n<a href=\"https:\/\/www.lejournaldelamaison.fr\/le-journal-de-la-maison\/piece-par-piece\/salon\/deco-salon\/2026-fini-creme-bleu-gris-couleurs-canape-dominer-salons-532382.html\" target=\"_blank\" rel=\"noopener\">le canap\u00e9<\/a>, les fauteuils et les<br \/>\npoufs <strong>migrent en banquettes,<\/strong> pour cr\u00e9er un espace<br \/>\nd\u00e9di\u00e9 aux \u00e9changes, plus intime et plus agr\u00e9able. Il peut \u00eatre de<br \/>\nforme <strong>ronde, carr\u00e9e, ovale ou en demi-lune.<\/strong><br \/>\nAffichant des couleurs punchy et mode. On pense <strong>au vert, \u00e0<br \/>\nl\u2019orange, au violet ou m\u00eame encore au jaune<\/strong>.<\/p>\n<blockquote class=\"instagram-media\" style=\"background: #ffffff;border: 0;margin: 1px;width: 100%;padding: 0;max-width: 500px;\" data-instgrm-permalink=\"https:\/\/www.instagram.com\/p\/DJeHh0OJcSj\/?utm_source=ig_web_copy_link\" data-instgrm-version=\"14\"\/><p>\nMais vous pouvez aussi opter pour cette<br \/>\nassise dans la cuisine ou la salle \u00e0 manger<\/p>\n<p>Dans le pass\u00e9, les espaces de la maison \u00e9taient franchement<br \/>\nd\u00e9limit\u00e9s. <strong>On avait la cuisine,<\/strong> pour pr\u00e9parer les<br \/>\nrepas. <strong>La salle \u00e0 manger,<\/strong> pour les d\u00e9guster. Et<br \/>\n<a href=\"https:\/\/www.lejournaldelamaison.fr\/le-journal-de-la-maison\/piece-par-piece\/salon\/deco-salon\/objets-salon-bannir-immediatement-cet-hiver-475610.html\" target=\"_blank\" rel=\"noopener\">le salon<\/a>, pour accueillir des<br \/>\nproches ou se reposer tranquillement. Aujourd\u2019hui, ces espaces se<br \/>\nconfondent <strong>dans une aire ouverte<\/strong> pour n\u2019en former<br \/>\nqu\u2019un seul. Un lieu de vie polyvalent, mieux adapt\u00e9 <strong>\u00e0 nos<br \/>\nusages du 21\u1d49 si\u00e8cle<\/strong>.<\/p>\n<p>Ainsi, si l\u2019id\u00e9e de transformer <strong>votre canap\u00e9 et vos<br \/>\nfauteuils en banquettes<\/strong> ne vous pla\u00eet pas, vous pouvez<br \/>\ntout simplement utiliser cette tendance pour cr\u00e9er un espace de<br \/>\n<a href=\"https:\/\/www.lejournaldelamaison.fr\/maison\/cette-couleur-pastel-de-cuisine-quon-croyait-demodee-en-2026-devient-la-base-des-plus-grandes-tendances-deco-532446.html\" target=\"_blank\" rel=\"noopener\">restauration polyvalent<\/a>.<br \/>\nL\u2019int\u00e9rieur devient plus \u00e9l\u00e9gant, plus port\u00e9 sur les \u00e9changes et<br \/>\ns\u00a0\u00bbint\u00e8gre en sur-mesure. Vous allez adorer <strong>profiter de la<br \/>\nbanquette que vos grands-parents avaient d\u00e9j\u00e0.<\/strong><\/p>\n<p><script async src=\"\/\/www.instagram.com\/embed.js\"><\/script><\/p>\n","protected":false},"excerpt":{"rendered":"Qui dit nouvelle ann\u00e9e, dit \u00e9videmment nouvelles tendances d\u00e9co, et cela n\u2019est pas pour nous d\u00e9plaire ! Cette&hellip;\n","protected":false},"author":2,"featured_media":640858,"comment_status":"","ping_status":"","sticky":false,"template":"","format":"standard","meta":{"footnotes":""},"categories":[8],"tags":[930,5734,74751,55130,3477,1993,1805,154,58,3026,59,12219,41846,36905,1011,27,4027,4058,27320,4743,22615,852,74750,29263,14356,8551],"class_list":{"0":"post-640857","1":"post","2":"type-post","3":"status-publish","4":"format-standard","5":"has-post-thumbnail","7":"category-divertissement","8":"tag-le","9":"tag-5734","10":"tag-assise","11":"tag-canape","12":"tag-cette","13":"tag-comme","14":"tag-de","15":"tag-des","16":"tag-divertissement","17":"tag-en","18":"tag-entertainment","19":"tag-et","20":"tag-fauteuil","21":"tag-fini","22":"tag-fr","23":"tag-france","24":"tag-grande","25":"tag-grands","26":"tag-iconique","27":"tag-la","28":"tag-meres","29":"tag-nos","30":"tag-pouf","31":"tag-simpose","32":"tag-salons","33":"tag-tendance"},"share_on_mastodon":{"url":"https:\/\/pubeurope.com\/@fr\/115838197995362034","error":""},"_links":{"self":[{"href":"https:\/\/www.europesays.com\/fr\/wp-json\/wp\/v2\/posts\/640857","targetHints":{"allow":["GET"]}}],"collection":[{"href":"https:\/\/www.europesays.com\/fr\/wp-json\/wp\/v2\/posts"}],"about":[{"href":"https:\/\/www.europesays.com\/fr\/wp-json\/wp\/v2\/types\/post"}],"author":[{"embeddable":true,"href":"https:\/\/www.europesays.com\/fr\/wp-json\/wp\/v2\/users\/2"}],"replies":[{"embeddable":true,"href":"https:\/\/www.europesays.com\/fr\/wp-json\/wp\/v2\/comments?post=640857"}],"version-history":[{"count":0,"href":"https:\/\/www.europesays.com\/fr\/wp-json\/wp\/v2\/posts\/640857\/revisions"}],"wp:featuredmedia":[{"embeddable":true,"href":"https:\/\/www.europesays.com\/fr\/wp-json\/wp\/v2\/media\/640858"}],"wp:attachment":[{"href":"https:\/\/www.europesays.com\/fr\/wp-json\/wp\/v2\/media?parent=640857"}],"wp:term":[{"taxonomy":"category","embeddable":true,"href":"https:\/\/www.europesays.com\/fr\/wp-json\/wp\/v2\/categories?post=640857"},{"taxonomy":"post_tag","embeddable":true,"href":"https:\/\/www.europesays.com\/fr\/wp-json\/wp\/v2\/tags?post=640857"}],"curies":[{"name":"wp","href":"https:\/\/api.w.org\/{rel}","templated":true}]}}