{"id":640869,"date":"2026-01-04T18:21:09","date_gmt":"2026-01-04T18:21:09","guid":{"rendered":"https:\/\/www.europesays.com\/fr\/640869\/"},"modified":"2026-01-04T18:21:09","modified_gmt":"2026-01-04T18:21:09","slug":"le-stephanois-stanis-wagner-fabrique-la-meilleure-galette-des-rois-de-la-loire","status":"publish","type":"post","link":"https:\/\/www.europesays.com\/fr\/640869\/","title":{"rendered":"Le St\u00e9phanois Stanis Wagner fabrique la meilleure galette des rois de la Loire"},"content":{"rendered":"<p>Organis\u00e9 pour la troisi\u00e8me ann\u00e9e, le concours d\u00e9partemental de la galette des rois 2025 a r\u00e9compens\u00e9 le savoir-faire artisanal lig\u00e9rien. Avec un feuilletage millim\u00e9tr\u00e9, un beurre noisette parfum\u00e9 et un \u00e9quilibre parfait entre frangipane et cr\u00e8me p\u00e2tissi\u00e8re, Stanis Wagner, boulanger st\u00e9phanois \u00e0 La Pause boulange illustre l\u2019exigence, la cr\u00e9ativit\u00e9 et la passion qui se cachent derri\u00e8re chaque galette de l\u2019\u00c9piphanie.<\/p>\n","protected":false},"excerpt":{"rendered":"Organis\u00e9 pour la troisi\u00e8me ann\u00e9e, le concours d\u00e9partemental de la galette des rois 2025 a r\u00e9compens\u00e9 le savoir-faire&hellip;\n","protected":false},"author":2,"featured_media":640870,"comment_status":"","ping_status":"","sticky":false,"template":"","format":"standard","meta":{"footnotes":""},"categories":[9653],"tags":[1111,11,2430,1777,674,1011,27,12,25,4001],"class_list":{"0":"post-640869","1":"post","2":"type-post","3":"status-publish","4":"format-standard","5":"has-post-thumbnail","7":"category-saint-etienne","8":"tag-actu","9":"tag-actualites","10":"tag-auvergne-rhone-alpes","11":"tag-eu","12":"tag-europe","13":"tag-fr","14":"tag-france","15":"tag-news","16":"tag-republique-francaise","17":"tag-saint-etienne"},"share_on_mastodon":{"url":"https:\/\/pubeurope.com\/@fr\/115838221643744993","error":""},"_links":{"self":[{"href":"https:\/\/www.europesays.com\/fr\/wp-json\/wp\/v2\/posts\/640869","targetHints":{"allow":["GET"]}}],"collection":[{"href":"https:\/\/www.europesays.com\/fr\/wp-json\/wp\/v2\/posts"}],"about":[{"href":"https:\/\/www.europesays.com\/fr\/wp-json\/wp\/v2\/types\/post"}],"author":[{"embeddable":true,"href":"https:\/\/www.europesays.com\/fr\/wp-json\/wp\/v2\/users\/2"}],"replies":[{"embeddable":true,"href":"https:\/\/www.europesays.com\/fr\/wp-json\/wp\/v2\/comments?post=640869"}],"version-history":[{"count":0,"href":"https:\/\/www.europesays.com\/fr\/wp-json\/wp\/v2\/posts\/640869\/revisions"}],"wp:featuredmedia":[{"embeddable":true,"href":"https:\/\/www.europesays.com\/fr\/wp-json\/wp\/v2\/media\/640870"}],"wp:attachment":[{"href":"https:\/\/www.europesays.com\/fr\/wp-json\/wp\/v2\/media?parent=640869"}],"wp:term":[{"taxonomy":"category","embeddable":true,"href":"https:\/\/www.europesays.com\/fr\/wp-json\/wp\/v2\/categories?post=640869"},{"taxonomy":"post_tag","embeddable":true,"href":"https:\/\/www.europesays.com\/fr\/wp-json\/wp\/v2\/tags?post=640869"}],"curies":[{"name":"wp","href":"https:\/\/api.w.org\/{rel}","templated":true}]}}